{"id":50709,"date":"2024-09-15T22:36:50","date_gmt":"2024-09-16T02:36:50","guid":{"rendered":"https:\/\/cimbcc.org\/test2\/?p=50709"},"modified":"2024-09-16T00:07:10","modified_gmt":"2024-09-16T04:07:10","slug":"airpods-pro-et-apple-watch-bientot-dotes-de-fonctions-de-sante-supplementaires","status":"publish","type":"post","link":"https:\/\/cimbcc.org\/test2\/airpods-pro-et-apple-watch-bientot-dotes-de-fonctions-de-sante-supplementaires\/","title":{"rendered":"AirPods Pro et Apple Watch bient\u00f4t dot\u00e9s de fonctions de sant\u00e9 suppl\u00e9mentaires"},"content":{"rendered":"<figure id=\"attachment_33794\" aria-describedby=\"caption-attachment-33794\" style=\"width: 125px\" class=\"wp-caption aligncenter\"><img loading=\"lazy\" decoding=\"async\" class=\"size-full wp-image-33794\" src=\"https:\/\/cimbcc.org\/test2\/wp-content\/uploads\/photo_parent_richard.jpg\" alt=\"\" width=\"125\" height=\"125\" \/><figcaption id=\"caption-attachment-33794\" class=\"wp-caption-text\"><span style=\"color: #ffffff;\">mmm<\/span>Richard Parent<\/figcaption><\/figure>\n<p style=\"text-align: justify;\">Le 9 septembre dernier, <em>Apple<\/em> a annonc\u00e9 des mises \u00e0 jour pour quelqu&rsquo;uns de leurs produits, notamment :<\/p>\n<ul>\n<li>les <em>AirPods Pro 2<\/em> pourront d\u00e9sormais servir d&rsquo;aide auditive ;<\/li>\n<li>la nouvelle <em>Apple Watch<\/em> pourra d\u00e9tecter l&rsquo;apn\u00e9e du sommeil.<\/li>\n<\/ul>\n<p style=\"text-align: justify;\">Le CIMBCC propose \u00e0 l&rsquo;automne 2024 un <a href=\"https:\/\/cimbcc.org\/test2\/partage-de-connaissances\/les-ateliers\/montre-apple\" target=\"_blank\" rel=\"noopener\">atelier sur la montre Apple<\/a> o\u00f9 <a href=\"https:\/\/cimbcc.org\/test2\/places-encore-disponibles-pour-les-ateliers-de-lautomne-2024\" target=\"_blank\" rel=\"noopener\">quelques places \u00e9taient encore disponibles<\/a>. \u00c0 l&rsquo;occasion de celui-ci, <strong>nous discuterons \u00e9galement de la nouvelle fonction d&rsquo;aide auditive des <em>AirPods Pro 2<\/em><\/strong>.<\/p>\n<p style=\"text-align: justify;\">L&rsquo;article <a href=\"https:\/\/time.com\/7020393\/apple-watch-sleep-apnea-airpods-hearing-aids\/\" target=\"_blank\" rel=\"noopener\"><em>AirPods<\/em> <em>and<\/em> <em>Apple<\/em> <em>Watches Will<\/em> <em>Soon Come With More Health Features<\/em><\/a> a \u00e9t\u00e9 r\u00e9dig\u00e9 par Alice Park et publi\u00e9 en anglais le 13\u00a0septembre 2024 dans le magazine <a href=\"https:\/\/fr.wikipedia.org\/wiki\/Time_(magazine)\" target=\"_blank\" rel=\"noopener\"><em>Time<\/em><\/a>. La traduction en fran\u00e7ais a \u00e9t\u00e9 faite \u00e0 l\u2019aide de la version gratuite pour <em>Mac<\/em> de <em><a href=\"https:\/\/fr.wikipedia.org\/wiki\/DeepL\" target=\"_blank\" rel=\"noopener\">DeepL<\/a><\/em>. Le texte suivant a \u00e9t\u00e9 r\u00e9vis\u00e9 par Richard Parent.<\/p>\n<p><!--more--><\/p>\n<hr \/>\n<h4 style=\"text-align: justify;\">Les <em>AirPods<\/em> et les <em>Apple Watch<\/em> seront bient\u00f4t dot\u00e9s de nouvelles fonctionnalit\u00e9s de sant\u00e9<\/h4>\n<p style=\"text-align: justify;\">Cette semaine, <a href=\"https:\/\/fr.wikipedia.org\/wiki\/Apple\" target=\"_blank\" rel=\"noopener\"><em>Apple<\/em><\/a> a annonc\u00e9 que ses appareils seraient dot\u00e9s de deux nouvelles fonctionnalit\u00e9s li\u00e9es \u00e0 la sant\u00e9 : votre <a href=\"https:\/\/fr.wikipedia.org\/wiki\/Apple_Watch\" target=\"_blank\" rel=\"noopener\"><em>Apple Watch<\/em><\/a> pourra bient\u00f4t vous indiquer si vous souffrez d&rsquo;<a href=\"https:\/\/fr.wikipedia.org\/wiki\/Syndrome_d%27apn%C3%A9es_du_sommeil\" target=\"_blank\" rel=\"noopener\">apn\u00e9e du sommeil<\/a>\u00a0et vos <a href=\"https:\/\/fr.wikipedia.org\/wiki\/AirPods_Pro\" target=\"_blank\" rel=\"noopener\"><em>AirPods Pro 2<\/em><\/a> pourront d\u00e9sormais servir d&rsquo;<a href=\"https:\/\/fr.wikipedia.org\/wiki\/Audioproth%C3%A8se\" target=\"_blank\" rel=\"noopener\">appareils auditifs<\/a> pour ceux qui en ont besoin.<\/p>\n<p style=\"text-align: justify;\">Jeff Williams, directeur de l&rsquo;exploitation chez <em>Apple<\/em>, a d\u00e9clar\u00e9 \u00e0 <em>Time<\/em>, lors de sa premi\u00e8re interview sur les nouvelles fonctionnalit\u00e9s de sant\u00e9, que si <em>Apple<\/em> a commenc\u00e9 \u00e0 fournir des fonctionnalit\u00e9s li\u00e9es \u00e0 la sant\u00e9 initialement ax\u00e9es sur la mise en forme et l\u2019exercice, l&rsquo;entreprise \u00ab continuera \u00e0 tirer sur les fils \u00bb dans le domaine de la sant\u00e9. Les appareils <em>Apple<\/em> (et en particulier leur montre) peuvent d\u00e9j\u00e0 d\u00e9tecter ou suivre les fr\u00e9quences cardiaque et respiratoire, les cycles menstruels, la temp\u00e9rature corporelle, effectuer des \u00e9lectrocardiogrammes pour enregistrer les rythmes cardiaques, surveiller les cycles de sommeil et d\u00e9tecter les chutes, sans oublier de servir d&rsquo;application de mise en forme pour les entra\u00eenements en gym et l&rsquo;activit\u00e9. Et ces fonctions ne cesseront probablement de se d\u00e9velopper. \u00ab\u00a0Tant de gens ont nos appareils avec eux que nous consid\u00e9rons cela comme une opportunit\u00e9, et peut-\u00eatre m\u00eame une responsabilit\u00e9 morale, d&rsquo;en faire plus dans cet espace \u00bb, d\u00e9clare-t-il. \u00ab Nous ne savons pas o\u00f9 le voyage nous m\u00e8nera ; nous n&rsquo;en sommes qu&rsquo;au tout d\u00e9but. \u00bb<\/p>\n<p style=\"text-align: justify;\">Voici ce qu&rsquo;il faut savoir.<\/p>\n<h4 style=\"text-align: justify;\">Comment l&rsquo;<em>Apple Watch<\/em> peut-elle d\u00e9tecter l&rsquo;apn\u00e9e du sommeil ?<\/h4>\n<p style=\"text-align: justify;\">L&rsquo;<em>Apple Watch<\/em> d\u00e9tecte d\u00e9j\u00e0 les rythmes cardiaques irr\u00e9guliers et l&rsquo;application <a href=\"https:\/\/fr.wikipedia.org\/wiki\/Sant%C3%A9_(Apple)\" target=\"_blank\" rel=\"noopener\"><em>Apple Sant\u00e9<\/em><\/a> peut suivre des \u00e9l\u00e9ments tels que le nombre de pas que vous faites dans une journ\u00e9e, l&rsquo;activit\u00e9 et le temps pass\u00e9 \u00e0 dormir. La derni\u00e8re <em>Apple Watch S\u00e9rie 10<\/em>, qui sera mise en vente le 20 septembre, contient \u00e9galement un <a href=\"https:\/\/fr.wikipedia.org\/wiki\/Acc%C3%A9l%C3%A9rom%C3%A8tre\" target=\"_blank\" rel=\"noopener\">acc\u00e9l\u00e9rom\u00e8tre<\/a> ultrasensible qui peut d\u00e9tecter de minuscules changements dans les sch\u00e9mas respiratoires au niveau du poignet pendant que la personne dort. Sur une p\u00e9riode de 30 jours, elle analyse les tendances et informe le porteur s&rsquo;il pr\u00e9sente suffisamment de troubles du sommeil pour sugg\u00e9rer une apn\u00e9e du sommeil, m\u00eame l\u00e9g\u00e8re.<\/p>\n<p style=\"text-align: justify;\">Selon les scientifiques d&rsquo;<em>Apple<\/em>, l&rsquo;acc\u00e9l\u00e9rom\u00e8tre est suffisamment sensible pour d\u00e9tecter les plus petites manifestations physiques de la respiration, m\u00eame si la personne ne semble pas bouger, car les mouvements respiratoires de la poitrine sont transmis aux extr\u00e9mit\u00e9s, y compris le poignet.<\/p>\n<p style=\"text-align: justify;\">Une ancienne version de l&rsquo;<em>Apple Watch<\/em> utilisait un autre moyen de d\u00e9tecter l&rsquo;apn\u00e9e du sommeil que les m\u00e9decins incluent dans leur diagnostic : un <a href=\"https:\/\/fr.wikipedia.org\/wiki\/Oxym%C3%A9trie_colorim%C3%A9trique\" target=\"_blank\" rel=\"noopener\">oxym\u00e8tre de pouls<\/a>, qui utilise des longueurs d&rsquo;onde sp\u00e9cifiques de la lumi\u00e8re pour suivre les diff\u00e9rences de niveaux d&rsquo;oxyg\u00e8ne dans les globules rouges. Mais en octobre 2023, la\u00a0<a href=\"https:\/\/en.wikipedia.org\/wiki\/United_States_International_Trade_Commission\" target=\"_blank\" rel=\"noopener\"><em>U.S. International Trade Commission<\/em><\/a> a estim\u00e9 qu&rsquo;<em>Apple<\/em> avait enfreint des brevets relatifs \u00e0 la technologie d&rsquo;oxym\u00e9trie de pouls qu&rsquo;elle utilisait et qui \u00e9taient d\u00e9tenus par une autre soci\u00e9t\u00e9, <em><a href=\"https:\/\/en.wikipedia.org\/wiki\/Masimo\" target=\"_blank\" rel=\"noopener\">Masimo<\/a><\/em>, et a interdit l&rsquo;importation des montres de la soci\u00e9t\u00e9 aux \u00c9tats-Unis. <a href=\"https:\/\/www.theverge.com\/2024\/1\/15\/24034324\/apple-watch-ban-us-customs-decision\" target=\"_blank\" rel=\"noopener\"><em>Apple<\/em> a cess\u00e9 d&rsquo;inclure la fonction dans les montres vendues aux \u00c9tats-Unis<\/a> \u00e0 partir de janvier 2024 pendant que la soci\u00e9t\u00e9 fait appel de l&rsquo;interdiction.<\/p>\n<p style=\"text-align: justify;\">Williams a d\u00e9clar\u00e9 que la d\u00e9cision de s&rsquo;appuyer sur l&rsquo;acc\u00e9l\u00e9rom\u00e8tre pour d\u00e9tecter l&rsquo;apn\u00e9e du sommeil \u00ab n&rsquo;avait vraiment rien \u00e0 voir avec la situation juridique actuelle et qu&rsquo;elle \u00e9tait fond\u00e9e sur la science et sur des \u00e9tudes. Nous avons constat\u00e9 que les donn\u00e9es de l&rsquo;acc\u00e9l\u00e9rom\u00e8tre et du gyroscope \u00e9taient vraiment b\u00e9n\u00e9fiques [pour d\u00e9tecter les troubles du sommeil qui pourraient indiquer une apn\u00e9e du sommeil]. Elles l&rsquo;\u00e9taient moins pour l&rsquo;oxyg\u00e8ne dans le sang. \u00bb<\/p>\n<p style=\"text-align: justify;\">Cette fonction n&rsquo;est pas con\u00e7ue pour diagnostiquer l&rsquo;apn\u00e9e du sommeil, mais elle peut avertir les utilisateurs qu&rsquo;ils pourraient en \u00eatre atteints. Les donn\u00e9es sont stock\u00e9es dans l&rsquo;application <em>Sant\u00e9<\/em> d&rsquo;<em>Apple, <\/em>crypt\u00e9es et prot\u00e9g\u00e9es de sorte que seul l&rsquo;utilisateur y ait acc\u00e8s et pas <em>Apple<\/em>, selon Williams, afin que les m\u00e9decins puissent les analyser et poser un v\u00e9ritable diagnostic clinique en utilisant d&rsquo;autres informations collect\u00e9es par les m\u00e9decins.<\/p>\n<h4><em>AirPods Pro 2<\/em> : vos nouveaux appareils auditifs<\/h4>\n<p style=\"text-align: justify;\">Alors qu&rsquo;<em>Apple<\/em> lance des versions actualis\u00e9es de ses <em>AirPods<\/em> d&rsquo;entr\u00e9e de gamme, appel\u00e9s <em>AirPods 4<\/em>, les <em>AirPods Pro 2<\/em>, lanc\u00e9s l&rsquo;ann\u00e9e derni\u00e8re, restent inchang\u00e9s. Mais gr\u00e2ce \u00e0 une nouvelle mise \u00e0 jour logicielle gratuite, les utilisateurs pourront effectuer des tests auditifs de qualit\u00e9 professionnelle, transformer leurs <em>AirPods Pro 2<\/em> en appareils auditifs et proc\u00e9der \u00e0 des ajustements pour affiner leur audition, sans avoir besoin de consulter un m\u00e9decin, <em>afin de rem\u00e9dier \u00e0 une perte auditive l\u00e9g\u00e8re \u00e0 mod\u00e9r\u00e9e. <\/em>Le 12 septembre, trois jours apr\u00e8s l&rsquo;annonce par <em>Apple<\/em> de la disponibilit\u00e9 prochaine de la fonction d&rsquo;aide auditive dans les appareils, la <em><a href=\"https:\/\/en.wikipedia.org\/wiki\/Food_and_Drug_Administration\" target=\"_blank\" rel=\"noopener\">Food and Drug Administration<\/a> (FDA)<\/em> des \u00c9tats-Unis <a href=\"https:\/\/www.npr.org\/2024\/09\/14\/nx-s1-5112400\/fda-airpods-hearing-aids-software-update\" target=\"_blank\" rel=\"noopener\">a approuv\u00e9 le logiciel en tant qu&rsquo;aide auditive<\/a>, faisant des <em>AirPods Pro 2<\/em> le premier appareil logiciel d&rsquo;aide auditive de ce type.<\/p>\n<p style=\"text-align: justify;\">Les <em>AirPods<\/em> sont d\u00e9j\u00e0 dot\u00e9s d&rsquo;une fonction qui permet d&rsquo;alerter les utilisateurs lorsque les sons sont trop forts pour la s\u00e9curit\u00e9 de leur audition, puis de r\u00e9duire ces niveaux. La mise \u00e0 jour du logiciel, appel\u00e9e <em>Hearing Aid Feature<\/em>, fournira un test auditif de qualit\u00e9 clinique similaire \u00e0 celui que les professionnels utilisent pour diagnostiquer une perte auditive. \u00ab En r\u00e9alit\u00e9, il n&rsquo;y a pas de diff\u00e9rence entre les r\u00e9sultats du test auditif des <em>AirPods<\/em> et ceux d&rsquo;un audiogramme clinique\u00a0\u00bb, explique \u00e0 <em>Time<\/em> le Dr Sumbul Desai, vice-pr\u00e9sident de la sant\u00e9 chez <em>Apple<\/em>.<\/p>\n<p style=\"text-align: justify;\">Voici comment fonctionne le test : les utilisateurs tapotent sur l&rsquo;\u00e9cran de leur <em>iPhone<\/em> pour indiquer les sons qu&rsquo;ils peuvent entendre, diffus\u00e9s \u00e0 diff\u00e9rentes fr\u00e9quences par les <em>AirPods Pro 2<\/em>. L&rsquo;application fournit un rapport indiquant si la personne souffre d&rsquo;une perte auditive l\u00e9g\u00e8re, mod\u00e9r\u00e9e ou s\u00e9v\u00e8re ; les donn\u00e9es peuvent \u00e9galement \u00eatre interpr\u00e9t\u00e9es par un expert en audition pour d\u00e9terminer le type de perte auditive dont souffre une personne.<\/p>\n<p style=\"text-align: justify;\">En fonction des r\u00e9sultats, <em>les personnes souffrant d&rsquo;une perte auditive l\u00e9g\u00e8re \u00e0 mod\u00e9r\u00e9e <\/em>peuvent alors suivre les instructions de l&rsquo;application <em>Sant\u00e9<\/em> pour adapter leurs <em>AirPods Pro 2<\/em> en appareils auditifs, qui, selon M. Desai, sont \u00ab \u00e9quivalents \u00e0 d&rsquo;autres appareils existants \u00bb pour des niveaux de perte auditive similaires. L&rsquo;avantage d&rsquo;avoir les <em>AirPods Pro 2<\/em> pour jouer le double r\u00f4le d&rsquo;appareils d&rsquo;\u00e9coute et d&rsquo;aides auditives, explique Williams, est notamment \u00ab la commodit\u00e9 et la simplicit\u00e9 \u00bb, car les gens peuvent effectuer le test auditif et am\u00e9liorer leur audition \u00e0 l&rsquo;aide d&rsquo;un seul appareil. Environ 85 % des pertes auditives sont l\u00e9g\u00e8res \u00e0 mod\u00e9r\u00e9es.<\/p>\n<h4>\u00c0 suivre<\/h4>\n<p style=\"text-align: justify;\">La fonction d&rsquo;aide auditive sera disponible cet automne sous forme de mise \u00e0 jour logicielle pour les nouveaux <em>AirPods Pro 2<\/em>. <em>Apple<\/em> attend toujours l&rsquo;autorisation de la <em>FDA<\/em> pour la fonction d&rsquo;apn\u00e9e du sommeil, que l&rsquo;entreprise esp\u00e8re obtenir \u00ab bient\u00f4t \u00bb. Une fois l&rsquo;autorisation obtenue, les utilisateurs de la derni\u00e8re <em>Apple Watch Series 10<\/em>, mais aussi des <em>Series 9<\/em> et <em>Ultra 2<\/em>, pourront acc\u00e9der \u00e0 la fonction d&rsquo;alerte d&rsquo;apn\u00e9e du sommeil par le biais d&rsquo;une mise \u00e0 jour logicielle.<\/p>\n<p>Alice Park<\/p>\n<hr \/>\n<h4>Au sujet d&rsquo;Alice Park<\/h4>\n<p style=\"text-align: justify;\">Elle est correspondante principale pour la sant\u00e9 au magazine <a href=\"https:\/\/fr.wikipedia.org\/wiki\/Time_(magazine)\" target=\"_blank\" rel=\"noopener\"><em>Time<\/em><\/a>. Elle a couvert la pand\u00e9mie de COVID-19, les nouveaux m\u00e9dicaments contre le cancer et la maladie d&rsquo;Alzheimer, la sant\u00e9 mentale, le VIH, <a href=\"https:\/\/fr.wikipedia.org\/wiki\/Clustered_Regularly_Interspaced_Short_Palindromic_Repeats\" target=\"_blank\" rel=\"noopener\">CRISPR<\/a> et les progr\u00e8s de la th\u00e9rapie g\u00e9nique, entre autres sujets li\u00e9s \u00e0 la sant\u00e9 et \u00e0 la science. Elle couvre \u00e9galement les Jeux olympiques et a copr\u00e9sid\u00e9 l&rsquo;\u00e9v\u00e9nement inaugural du <a href=\"https:\/\/time.com\/health-summit\/\" target=\"_blank\" rel=\"noopener\"><em>Time 100 Health Summit<\/em><\/a> en 2019. Son travail a \u00e9t\u00e9 r\u00e9compens\u00e9 par le <a href=\"https:\/\/www.nypressclub.org\/\" target=\"_blank\" rel=\"noopener\"><em>New York Press Club<\/em><\/a> et reconnu par le <a href=\"https:\/\/www.deadlineclub.org\/\" target=\"_blank\" rel=\"noopener\"><em>Deadline Club<\/em><\/a>. Elle est \u00e9galement l&rsquo;auteure de <a href=\"https:\/\/www.amazon.com\/gp\/product\/0452297966\/ref%3Das_li_qf_asin_il_tl\"><em>The Stem Cell Hope: How<\/em><\/a> <a href=\"https:\/\/www.amazon.com\/gp\/product\/0452297966\/ref%3Das_li_qf_asin_il_tl\" target=\"_blank\" rel=\"noopener\"><em>Stem<\/em> C<em>ell<\/em> M<em>edicine<\/em> C<em>an<\/em> C<em>hange<\/em> O<em>ur<\/em> L<em>ives<\/em><\/a> (L&rsquo;espoir des cellules souches : comment la m\u00e9decine des cellules souches peut changer nos vies). Suivez-la sur <a href=\"https:\/\/fr.wikipedia.org\/wiki\/Instagram\" target=\"_blank\" rel=\"noopener\"><em>Instagram<\/em><\/a> \u00e0 l&rsquo;adresse @<a href=\"https:\/\/www.instagram.com\/aliceparktime\/\" target=\"_blank\" rel=\"noopener\">aliceparktime<\/a>.<\/p>\n","protected":false},"excerpt":{"rendered":"<p>Le 9 septembre dernier, Apple a annonc\u00e9 des mises \u00e0 jour pour quelqu&rsquo;uns de leurs produits, notamment : les AirPods Pro 2 pourront d\u00e9sormais servir d&rsquo;aide auditive ; la nouvelle Apple Watch pourra d\u00e9tecter l&rsquo;apn\u00e9e du sommeil. Le CIMBCC propose \u00e0 l&rsquo;automne 2024 un atelier sur la montre Apple o\u00f9 quelques places \u00e9taient encore disponibles. &hellip; <a href=\"https:\/\/cimbcc.org\/test2\/airpods-pro-et-apple-watch-bientot-dotes-de-fonctions-de-sante-supplementaires\/\" class=\"more-link\">Continuer la lecture de <span class=\"screen-reader-text\">AirPods Pro et Apple Watch bient\u00f4t dot\u00e9s de fonctions de sant\u00e9 suppl\u00e9mentaires<\/span>  <span class=\"meta-nav\">&rarr;<\/span><\/a><\/p>\n","protected":false},"author":43,"featured_media":0,"comment_status":"open","ping_status":"closed","sticky":false,"template":"","format":"standard","meta":{"footnotes":""},"categories":[1594],"tags":[1357,666,2139,427,1029],"class_list":["post-50709","post","type-post","status-publish","format-standard","hentry","category-chronique-technique","tag-airpods","tag-apnee-du-sommeil","tag-appareils-auditifs","tag-apple","tag-apple-watch"],"_links":{"self":[{"href":"https:\/\/cimbcc.org\/test2\/wp-json\/wp\/v2\/posts\/50709","targetHints":{"allow":["GET"]}}],"collection":[{"href":"https:\/\/cimbcc.org\/test2\/wp-json\/wp\/v2\/posts"}],"about":[{"href":"https:\/\/cimbcc.org\/test2\/wp-json\/wp\/v2\/types\/post"}],"author":[{"embeddable":true,"href":"https:\/\/cimbcc.org\/test2\/wp-json\/wp\/v2\/users\/43"}],"replies":[{"embeddable":true,"href":"https:\/\/cimbcc.org\/test2\/wp-json\/wp\/v2\/comments?post=50709"}],"version-history":[{"count":18,"href":"https:\/\/cimbcc.org\/test2\/wp-json\/wp\/v2\/posts\/50709\/revisions"}],"predecessor-version":[{"id":50741,"href":"https:\/\/cimbcc.org\/test2\/wp-json\/wp\/v2\/posts\/50709\/revisions\/50741"}],"wp:attachment":[{"href":"https:\/\/cimbcc.org\/test2\/wp-json\/wp\/v2\/media?parent=50709"}],"wp:term":[{"taxonomy":"category","embeddable":true,"href":"https:\/\/cimbcc.org\/test2\/wp-json\/wp\/v2\/categories?post=50709"},{"taxonomy":"post_tag","embeddable":true,"href":"https:\/\/cimbcc.org\/test2\/wp-json\/wp\/v2\/tags?post=50709"}],"curies":[{"name":"wp","href":"https:\/\/api.w.org\/{rel}","templated":true}]}}