{"id":51009,"date":"2024-10-17T14:00:14","date_gmt":"2024-10-17T18:00:14","guid":{"rendered":"https:\/\/cimbcc.org\/test2\/?p=51009"},"modified":"2024-10-16T16:02:47","modified_gmt":"2024-10-16T20:02:47","slug":"la-raison-pour-laquelle-apple-a-decide-de-faire-ses-propres-processeurs-pour-ses-ordinateurs-mac","status":"publish","type":"post","link":"https:\/\/cimbcc.org\/test2\/la-raison-pour-laquelle-apple-a-decide-de-faire-ses-propres-processeurs-pour-ses-ordinateurs-mac\/","title":{"rendered":"La raison pour laquelle Apple a d\u00e9cid\u00e9 de faire ses propres processeurs pour ses ordinateurs Mac"},"content":{"rendered":"<figure id=\"attachment_42194\" aria-describedby=\"caption-attachment-42194\" style=\"width: 125px\" class=\"wp-caption aligncenter\"><img loading=\"lazy\" decoding=\"async\" class=\"size-full wp-image-42194\" src=\"https:\/\/cimbcc.org\/test2\/wp-content\/uploads\/photo_vinet_daniel-e1667486419612.jpg\" alt=\"Daniel Vinet\" width=\"125\" height=\"132\" \/><figcaption id=\"caption-attachment-42194\" class=\"wp-caption-text\"><span style=\"color: #ffffff;\">mmmi<\/span>Daniel Vinet<\/figcaption><\/figure>\n<p style=\"text-align: justify;\"><a href=\"https:\/\/fr.wikipedia.org\/wiki\/Apple_M1\" target=\"_blank\" rel=\"noopener\"><em><img loading=\"lazy\" decoding=\"async\" class=\"size-full wp-image-51026 alignright\" src=\"https:\/\/cimbcc.org\/test2\/wp-content\/uploads\/chip_2024_10_apple_1.jpg\" alt=\"\" width=\"113\" height=\"110\" \/>M1<\/em><\/a>, <a href=\"https:\/\/fr.wikipedia.org\/wiki\/Apple_M2\" target=\"_blank\" rel=\"noopener\"><em>M2<\/em><\/a>, <a href=\"https:\/\/fr.wikipedia.org\/wiki\/Apple_M3\" target=\"_blank\" rel=\"noopener\"><em>M3<\/em><\/a> et maintenant <a href=\"https:\/\/en.wikipedia.org\/wiki\/Apple_M4\" target=\"_blank\" rel=\"noopener\"><em>M4<\/em><\/a>, depuis l\u2019ann\u00e9e 2020 <a href=\"https:\/\/fr.wikipedia.org\/wiki\/Apple\" target=\"_blank\" rel=\"noopener\"><em>Apple<\/em><\/a> a d\u00e9cid\u00e9 de changer \u00e0 nouveau l\u2019architecture de ses ordinateurs et de remplacer le c\u0153ur de ceux-ci par des processeurs de sa propre conception, alors qu\u2019elle utilisait les processeurs <a href=\"https:\/\/fr.wikipedia.org\/wiki\/Intel\" target=\"_blank\" rel=\"noopener\"><em>Intel<\/em><\/a> depuis une quinzaine d\u2019ann\u00e9es, mais pourquoi ?<\/p>\n<p><!--more--><\/p>\n<h4>Petit historique<\/h4>\n<p style=\"text-align: justify;\">J\u2019ai \u00e9crit \u00ab\u00a0\u00e0 nouveau\u00a0\u00bb au paragraphe pr\u00e9c\u00e9dent, car <em>Apple<\/em> n\u2019en est pas \u00e0 son premier changement majeur pour ses ordinateurs <a href=\"https:\/\/fr.wikipedia.org\/wiki\/Macintosh\" target=\"_blank\" rel=\"noopener\"><em>Mac<\/em><\/a>. En fait, il s\u2019agit du troisi\u00e8me changement d\u2019architecture op\u00e9r\u00e9 par la marque \u00e0 la pomme. Toutefois, il s\u2019agit probablement l\u00e0 du dernier. Afin de bien comprendre les enjeux, je vous propose un petit historique de ses changements.<\/p>\n<h4>1984 &#8211; Lancement du Macintosh<\/h4>\n<figure id=\"attachment_51027\" aria-describedby=\"caption-attachment-51027\" style=\"width: 225px\" class=\"wp-caption aligncenter\"><img loading=\"lazy\" decoding=\"async\" class=\"size-full wp-image-51027\" src=\"https:\/\/cimbcc.org\/test2\/wp-content\/uploads\/chip_2024_10_apple_2.jpg\" alt=\"\" width=\"225\" height=\"264\" \/><figcaption id=\"caption-attachment-51027\" class=\"wp-caption-text\">Le Apple Macintosh original<\/figcaption><\/figure>\n<p style=\"text-align: justify;\">C\u2019est en janvier 1984 que le premier <a href=\"https:\/\/fr.wikipedia.org\/wiki\/Macintosh\" target=\"_blank\" rel=\"noopener\"><em>Macintosh<\/em><\/a> est lanc\u00e9 avec \u00e9clat. D\u2019ailleurs, la <a href=\"https:\/\/fr.wikipedia.org\/wiki\/1984_(publicit\u00e9)\" target=\"_blank\" rel=\"noopener\">publicit\u00e9 bas\u00e9e sur le roman<\/a> \u00ab\u00a0<a href=\"https:\/\/fr.wikipedia.org\/wiki\/1984_(roman)\" target=\"_blank\" rel=\"noopener\"><em>1984<\/em>\u00a0<\/a>\u00bb de <a href=\"https:\/\/fr.wikipedia.org\/wiki\/George_Orwell\" target=\"_blank\" rel=\"noopener\"><em>George Orwell<\/em><\/a> et produit par le producteur et r\u00e9alisateur <a href=\"https:\/\/fr.wikipedia.org\/wiki\/Ridley_Scott\" target=\"_blank\" rel=\"noopener\"><em>Ridley Scott<\/em><\/a> est consid\u00e9r\u00e9e comme un chef-d\u2019\u0153uvre publicitaire. Celle-ci vise carr\u00e9ment <a href=\"https:\/\/fr.wikipedia.org\/wiki\/IBM\" target=\"_blank\" rel=\"noopener\"><em>IBM<\/em><\/a> et son <a href=\"https:\/\/fr.wikipedia.org\/wiki\/IBM_PC\" target=\"_blank\" rel=\"noopener\"><em>IBM PC<\/em><\/a>. Vous pouvez visionner cette <a href=\"https:\/\/www.youtube.com\/watch?v=ErwS24cBZPc\" target=\"_blank\" rel=\"noopener\">publicit\u00e9 de lancement ici<\/a>.<\/p>\n<figure id=\"attachment_51028\" aria-describedby=\"caption-attachment-51028\" style=\"width: 168px\" class=\"wp-caption alignright\"><img loading=\"lazy\" decoding=\"async\" class=\"size-full wp-image-51028\" src=\"https:\/\/cimbcc.org\/test2\/wp-content\/uploads\/chip_2024_10_apple_3.jpg\" alt=\"\" width=\"168\" height=\"148\" \/><figcaption id=\"caption-attachment-51028\" class=\"wp-caption-text\">Processeur Motorola 68000<\/figcaption><\/figure>\n<p style=\"text-align: justify;\">\u00c0 cette p\u00e9riode, <a href=\"https:\/\/fr.wikipedia.org\/wiki\/Motorola\" target=\"_blank\" rel=\"noopener\"><em>Motorola<\/em><\/a> \u00e9tait un joueur important dans l\u2019industrie des processeurs. <em>Apple<\/em> avait s\u00e9lectionn\u00e9 la s\u00e9rie <a href=\"https:\/\/fr.wikipedia.org\/wiki\/Motorola_68000\" target=\"_blank\" rel=\"noopener\"><em>68000<\/em><\/a> (68K) de <em>Motorola<\/em> comme processeur pour ses nouveaux ordinateurs <em>Macintosh<\/em>. Il s\u2019agit d\u2019une famille de processeurs utilisant une architecture complexe (<a href=\"https:\/\/fr.wikipedia.org\/wiki\/Microprocesseur_\u00e0_jeu_d%27instructions_\u00e9tendu\" target=\"_blank\" rel=\"noopener\"><em>CISC<\/em><\/a>), comme celle utilis\u00e9e chez <em>Intel<\/em>.<\/p>\n<p style=\"text-align: justify;\">Au sujet des architectures r\u00e9duites (<a href=\"https:\/\/fr.wikipedia.org\/wiki\/Processeur_\u00e0_jeu_d%27instructions_r\u00e9duit\" target=\"_blank\" rel=\"noopener\"><em>RISC<\/em><\/a>) et complexes (<em>CISC<\/em>), je vous redirige \u00e0 <a href=\"https:\/\/cimbcc.org\/test2\/windows-macos-ou-linux-quel-est-le-meilleur-systeme-dexploitation-pour-nous-simples-utilisateurs\" target=\"_blank\" rel=\"noopener\">cet article<\/a> que j\u2019ai r\u00e9dig\u00e9 et dans lequel j\u2019abordais le sujet.<\/p>\n<h4>1994 &#8211; Changement d\u2019architecture pour le PowerPC<\/h4>\n<p style=\"text-align: justify;\"><img loading=\"lazy\" decoding=\"async\" class=\"size-full wp-image-51029 alignright\" src=\"https:\/\/cimbcc.org\/test2\/wp-content\/uploads\/chip_2024_10_apple_4.jpg\" alt=\"\" width=\"190\" height=\"189\" srcset=\"https:\/\/cimbcc.org\/test2\/wp-content\/uploads\/chip_2024_10_apple_4.jpg 190w, https:\/\/cimbcc.org\/test2\/wp-content\/uploads\/chip_2024_10_apple_4-150x150.jpg 150w, https:\/\/cimbcc.org\/test2\/wp-content\/uploads\/chip_2024_10_apple_4-125x125.jpg 125w\" sizes=\"auto, (max-width: 190px) 100vw, 190px\" \/>Le premier changement d\u2019architecture s\u2019op\u00e8re en 1994. <em>Apple<\/em> passe aux processeurs <a href=\"https:\/\/fr.wikipedia.org\/wiki\/PowerPC\" target=\"_blank\" rel=\"noopener\"><em>PowerPC<\/em><\/a>, produit conjointement par le consortium <em>Apple<\/em>, <a href=\"https:\/\/fr.wikipedia.org\/wiki\/Freescale_Semiconductor\" target=\"_blank\" rel=\"noopener\"><em>Freescale<\/em><\/a> et, ironie du sort, <a href=\"https:\/\/fr.wikipedia.org\/wiki\/IBM\" target=\"_blank\" rel=\"noopener\"><em>IBM<\/em><\/a>. <em>Motorola<\/em> faisait partie du consortium les premi\u00e8res ann\u00e9es, mais elle en a \u00e9t\u00e9 expuls\u00e9e par la suite apr\u00e8s une dispute avec <em>Apple<\/em> au sujet de <a href=\"https:\/\/fr.wikipedia.org\/wiki\/Clone_(mat\u00e9riel_informatique)\" target=\"_blank\" rel=\"noopener\">clone<\/a> <em>Mac<\/em> qu\u2019elle produisait.<\/p>\n<p style=\"text-align: justify;\">Au retour de <a href=\"https:\/\/fr.wikipedia.org\/wiki\/Steve_Jobs\" target=\"_blank\" rel=\"noopener\"><em>Steve Jobs<\/em><\/a> chez <em>Apple<\/em> en 1997, il faut savoir que ce dernier n\u2019appr\u00e9ciait pas les clones, c\u2019est-\u00e0-dire des ordinateurs similaires et pouvant fonctionner avec le m\u00eame syst\u00e8me d\u2019exploitation que la marque d\u2019origine. D\u2019ailleurs, un appel t\u00e9l\u00e9phonique plut\u00f4t bouillant entre <em>Jobs<\/em> et le pr\u00e9sident de <em>Motorola<\/em>, <a href=\"https:\/\/en.wikipedia.org\/wiki\/Christopher_Galvin\" target=\"_blank\" rel=\"noopener\"><em>Christopher Galvin<\/em><\/a>, aurait men\u00e9 \u00e0 cette \u00e9jection.<\/p>\n<p style=\"text-align: justify;\">Du point de vue de l\u2019architecture, il s\u2019agit d\u2019un changement important, puisque le <em>PowerPC<\/em> utilise une architecture <em>RISC<\/em> a contrario de la s\u00e9rie <em>68K<\/em>.<\/p>\n<h4>2006 &#8211; Changement d\u2019architecture pour le x86 d\u2019Intel<\/h4>\n<p style=\"text-align: justify;\"><em><img loading=\"lazy\" decoding=\"async\" class=\"size-full wp-image-51030 alignright\" src=\"https:\/\/cimbcc.org\/test2\/wp-content\/uploads\/chip_2024_10_apple_5.jpg\" alt=\"\" width=\"161\" height=\"156\" \/>Apple<\/em> fait le choix de changer \u00e0 nouveau le processeur et retourne vers une architecture de type <em>CISC<\/em> avec les processeurs <a href=\"https:\/\/fr.wikipedia.org\/wiki\/X86\" target=\"_blank\" rel=\"noopener\"><em>x86<\/em><\/a> d\u2019<em>Intel<\/em> que nous connaissons tous, ceux-ci \u00e9tant les m\u00eames processeurs utilis\u00e9s pour les ordinateurs fonctionnant sous <a href=\"https:\/\/fr.wikipedia.org\/wiki\/Microsoft_Windows\" target=\"_blank\" rel=\"noopener\"><em>Windows<\/em><\/a>.<\/p>\n<p style=\"text-align: justify;\">\u00c0 l\u2019\u00e9poque, la raison principale invoqu\u00e9e par <em>Apple<\/em> concernait l\u2019impossibilit\u00e9 de cr\u00e9er des portables avec la derni\u00e8re g\u00e9n\u00e9ration de <em>PowerPC<\/em>, la <em>G5<\/em>. <em>Apple<\/em> invoquait \u00e9galement une meilleure performance des processeurs <em>Intel<\/em> et stipulait que la guerre des architectures \u00e9tait termin\u00e9e. Sur ce dernier point, l\u2019histoire nous montrera que cet argument \u00e9tait du baratin.<\/p>\n<p style=\"text-align: justify;\">Officieusement, dans les coulisses, il est question de partage des co\u00fbts associ\u00e9s \u00e0 la recherche et au d\u00e9veloppement des processeurs de nouvelle g\u00e9n\u00e9ration qu\u2019<em>IBM<\/em> aurait refus\u00e9 de financer, mais bon, nous ne saurons peut-\u00eatre jamais la v\u00e9rit\u00e9 \u00e0 ce sujet.<\/p>\n<p style=\"text-align: justify;\">Ce qui est curieux dans cette histoire de changement d\u2019architecture est qu\u2019<em>Apple<\/em> a soutenu jusqu\u2019\u00e0 la derni\u00e8re minute que les processeurs <em>PowerPC<\/em> \u00e9taient sup\u00e9rieurs aux processeurs <em>Intel<\/em>. Au final, on s\u2019aper\u00e7oit qu\u2019il s\u2019agissait uniquement de raisons purement marketing. Toutefois, la pilule a plut\u00f4t mal pass\u00e9 aupr\u00e8s des aficionados d\u2019<em>Apple<\/em>.<\/p>\n<p style=\"text-align: justify;\">D\u2019un autre c\u00f4t\u00e9, ce changement d\u2019architecture venait simplifier le travail des d\u00e9veloppeurs qui n\u2019avaient plus qu\u2019une seule architecture de processeurs \u00e0 supporter pour trois syst\u00e8mes d\u2019exploitation : <em>Windows<\/em>, <a href=\"https:\/\/fr.wikipedia.org\/wiki\/MacOS\" target=\"_blank\" rel=\"noopener\"><em>macOS<\/em><\/a> et <a href=\"https:\/\/fr.wikipedia.org\/wiki\/Linux\" target=\"_blank\" rel=\"noopener\"><em>Linux<\/em><\/a>. Comme nous le verrons plus loin, ceci est essentiel \u00e0 la vie d\u2019une plateforme.<\/p>\n<h4>2020 \u2013 Changement d\u2019architecture pour ses propres processeurs RISC<\/h4>\n<p style=\"text-align: justify;\">Lors de sa <a href=\"https:\/\/fr.wikipedia.org\/wiki\/Apple_Worldwide_Developers_Conference\" target=\"_blank\" rel=\"noopener\"><em>World Wide Developers Conference<\/em><\/a> (<em>WWDC<\/em>) de juin 2020, <em>Apple<\/em> annonce qu\u2019elle effectue \u00e0 nouveau un changement d\u2019architecture pour ses ordinateurs et qu\u2019elle dessinera elle-m\u00eame ses processeurs dot\u00e9s d\u2019une architecture <em>RISC<\/em>. De plus, <em>Apple<\/em> adopte la formule <em>System on Chip<\/em> (<em>SoC<\/em>) ou, en fran\u00e7ais, un <a href=\"https:\/\/fr.wikipedia.org\/wiki\/Syst\u00e8me_sur_une_puce\" target=\"_blank\" rel=\"noopener\">syst\u00e8me sur une puce<\/a>.<\/p>\n<p style=\"text-align: justify;\">Sur ce dernier point, les avantages sont ind\u00e9niables. Le <em>SoC<\/em> regroupe tous les composants (<a href=\"https:\/\/fr.wikipedia.org\/wiki\/Processeur\" target=\"_blank\" rel=\"noopener\">processeur central<\/a>, <a href=\"https:\/\/fr.wikipedia.org\/wiki\/M\u00e9moire_vive\" target=\"_blank\" rel=\"noopener\">m\u00e9moire vive<\/a>, <a href=\"https:\/\/fr.wikipedia.org\/wiki\/Processeur_graphique\" target=\"_blank\" rel=\"noopener\">processeur graphique<\/a>, <a href=\"https:\/\/fr.wikipedia.org\/wiki\/Puce_d%27acc\u00e9l\u00e9ration_de_r\u00e9seaux_de_neurones\" target=\"_blank\" rel=\"noopener\">processeurs neuronaux<\/a>, etc.) sur un seul <a href=\"https:\/\/fr.wikipedia.org\/wiki\/Circuit_imprim\u00e9\" target=\"_blank\" rel=\"noopener\">circuit imprim\u00e9<\/a>, ce qui permet des performances hallucinantes. D\u2019un autre c\u00f4t\u00e9, il n\u2019est pas possible de modifier ou d\u2019augmenter la configuration initialement acquise d\u2019o\u00f9 l\u2019importance de bien conna\u00eetre ses besoins pr\u00e9sents et futurs lors de l\u2019achat.<\/p>\n<figure id=\"attachment_51031\" aria-describedby=\"caption-attachment-51031\" style=\"width: 372px\" class=\"wp-caption aligncenter\"><img loading=\"lazy\" decoding=\"async\" class=\"size-full wp-image-51031\" src=\"https:\/\/cimbcc.org\/test2\/wp-content\/uploads\/chip_2024_10_apple_6.jpg\" alt=\"\" width=\"372\" height=\"254\" srcset=\"https:\/\/cimbcc.org\/test2\/wp-content\/uploads\/chip_2024_10_apple_6.jpg 372w, https:\/\/cimbcc.org\/test2\/wp-content\/uploads\/chip_2024_10_apple_6-300x205.jpg 300w\" sizes=\"auto, (max-width: 372px) 100vw, 372px\" \/><figcaption id=\"caption-attachment-51031\" class=\"wp-caption-text\">Puce Apple SoC (System on Chip)<\/figcaption><\/figure>\n<figure id=\"attachment_51032\" aria-describedby=\"caption-attachment-51032\" style=\"width: 230px\" class=\"wp-caption alignright\"><img loading=\"lazy\" decoding=\"async\" class=\"size-full wp-image-51032\" src=\"https:\/\/cimbcc.org\/test2\/wp-content\/uploads\/chip_2024_10_apple_7.jpg\" alt=\"\" width=\"230\" height=\"230\" srcset=\"https:\/\/cimbcc.org\/test2\/wp-content\/uploads\/chip_2024_10_apple_7.jpg 230w, https:\/\/cimbcc.org\/test2\/wp-content\/uploads\/chip_2024_10_apple_7-150x150.jpg 150w, https:\/\/cimbcc.org\/test2\/wp-content\/uploads\/chip_2024_10_apple_7-125x125.jpg 125w\" sizes=\"auto, (max-width: 230px) 100vw, 230px\" \/><figcaption id=\"caption-attachment-51032\" class=\"wp-caption-text\">Processeur Apple A17 \u00e9quipant certains mod\u00e8les d\u2019iPhone<\/figcaption><\/figure>\n<p style=\"text-align: justify;\">Forte de son exp\u00e9rience avec ses <em>iPhone<\/em> dont elle dessine d\u00e9j\u00e0 les processeurs depuis plusieurs ann\u00e9es, mais \u00e9galement de son travail pass\u00e9 sur le processeur <em>PowerPC<\/em>, <em>Apple<\/em> a acquis suffisamment d\u2019exp\u00e9rience pour se lancer dans l\u2019aventure.<\/p>\n<p style=\"text-align: justify;\">Si les raisons du changement d\u2019architecture en 2006 \u00e9taient plut\u00f4t floues, celles concernant la cr\u00e9ation de ses propres processeurs sont on ne peut plus claires. Entre autres, ceci lui permet d\u2019int\u00e9grer des processeurs neuronaux (<em>NPU<\/em>) comme dans ses <em>iPhone<\/em> et <a href=\"https:\/\/fr.wikipedia.org\/wiki\/IPad\" target=\"_blank\" rel=\"noopener\"><em>iPad<\/em><\/a>.<\/p>\n<p style=\"text-align: justify;\"><em>Apple<\/em> contr\u00f4le ainsi la production compl\u00e8te de ses ordinateurs ce qui lui permet de concevoir un c\u0153ur optimis\u00e9 et plus avanc\u00e9 technologiquement dont son syst\u00e8me d\u2019exploitation d\u00e9di\u00e9 tire pleinement avantage.<\/p>\n<figure id=\"attachment_51033\" aria-describedby=\"caption-attachment-51033\" style=\"width: 232px\" class=\"wp-caption alignright\"><img loading=\"lazy\" decoding=\"async\" class=\"size-full wp-image-51033\" src=\"https:\/\/cimbcc.org\/test2\/wp-content\/uploads\/chip_2024_10_apple_8.jpg\" alt=\"\" width=\"232\" height=\"233\" srcset=\"https:\/\/cimbcc.org\/test2\/wp-content\/uploads\/chip_2024_10_apple_8.jpg 232w, https:\/\/cimbcc.org\/test2\/wp-content\/uploads\/chip_2024_10_apple_8-150x150.jpg 150w, https:\/\/cimbcc.org\/test2\/wp-content\/uploads\/chip_2024_10_apple_8-125x125.jpg 125w\" sizes=\"auto, (max-width: 232px) 100vw, 232px\" \/><figcaption id=\"caption-attachment-51033\" class=\"wp-caption-text\">C\u0153urs neuronaux \u00e0 m\u00eame le processeur<\/figcaption><\/figure>\n<p style=\"text-align: justify;\">Lors de la sortie des premiers ordinateurs \u00e9quip\u00e9s de cette puce \u00e0 la fin de 2020, les tests ne font pas mentir. Les performances des <em>Mac<\/em> dot\u00e9s de la puce <em>M1<\/em> sont \u00e9poustouflantes. Une autonomie jamais vue, des performances in\u00e9gal\u00e9es et, cerise sur le g\u00e2teau, une consommation \u00e9nerg\u00e9tique tr\u00e8s basse qui fait que les <em>Mac<\/em> ne surchauffent pas et peuvent fonctionner pendant des heures, laissant ainsi <em>Intel<\/em> loin derri\u00e8re.<\/p>\n<p style=\"text-align: justify;\">Sur ce dernier point, nous savons tous combien les processeurs <em>Intel<\/em> peuvent surchauffer d\u00e8s qu\u2019on leur en demande un peu plus. Par ailleurs, il est important de mentionner que la relation d\u2019une quinzaine d\u2019ann\u00e9es entre <em>Apple<\/em> et <em>Intel<\/em> a \u00e9t\u00e9 houleuse. <em>Apple<\/em> \u00e9tait l\u2019entreprise qui formulait le plus de plaintes et de demandes de modifications aupr\u00e8s d\u2019<em>Intel<\/em> afin de r\u00e9pondre \u00e0 ses standards \u00e9lev\u00e9s. Finalement, <em>Apple<\/em> appliquera la devise \u00ab On n\u2019est jamais aussi bien servi que par soi-m\u00eame.\u00a0\u00bb<\/p>\n<h4 style=\"text-align: justify;\">Les principaux probl\u00e8mes rencontr\u00e9s lors d\u2019un changement d\u2019architecture<\/h4>\n<p style=\"text-align: justify;\">Bien entendu, un changement d\u2019architecture ne se fait pas sans encombre, <em>Apple<\/em> est bien plac\u00e9e pour le savoir. Voyons quelques-uns des d\u00e9fis rencontr\u00e9s.<\/p>\n<h4>R\u00e9\u00e9criture compl\u00e8te du syst\u00e8me d\u2019exploitation<\/h4>\n<p style=\"text-align: justify;\"><img loading=\"lazy\" decoding=\"async\" class=\"size-full wp-image-51034 alignright\" src=\"https:\/\/cimbcc.org\/test2\/wp-content\/uploads\/chip_2024_10_apple_9.jpg\" alt=\"\" width=\"124\" height=\"122\" \/>En t\u00eate de liste vient la r\u00e9\u00e9criture quasi compl\u00e8te du syst\u00e8me d\u2019exploitation afin qu\u2019il soit parfaitement adapt\u00e9 \u00e0 la nouvelle architecture. Ceci repr\u00e9sente un \u00e9norme risque, car aucune erreur n\u2019est permise \u00e0 ce niveau.<\/p>\n<p style=\"text-align: justify;\">Il s\u2019agit de la base sur laquelle vos logiciels fonctionnent et vos fichiers sont bien sauvegard\u00e9s sans pertes. Celui-ci se doit d\u2019\u00eatre solide et performant.<\/p>\n<h4>La disponibilit\u00e9 des logiciels<\/h4>\n<p style=\"text-align: justify;\">Comme mentionn\u00e9 plus haut, la disponibilit\u00e9 des logiciels demeure un atout majeur pour assurer la p\u00e9rennit\u00e9 d\u2019une plateforme. Nous rencontrons donc le probl\u00e8me de compatibilit\u00e9 de la biblioth\u00e8que logicielle d\u00e9j\u00e0 existante.<\/p>\n<p style=\"text-align: justify;\">En effet, il existe d\u00e9j\u00e0 une pl\u00e9thore de logiciels con\u00e7us pour l\u2019ancienne architecture. La question est donc, comment transiter sans perdre toute cette pr\u00e9cieuse disponibilit\u00e9 logicielle ? La r\u00e9ponse : en cr\u00e9ant un <a href=\"https:\/\/fr.wikipedia.org\/wiki\/\u00c9mulation\" target=\"_blank\" rel=\"noopener\">\u00e9mulateur<\/a> effectuant la conversion en temps r\u00e9el entre les deux architectures, ce que nous nommons <a href=\"https:\/\/fr.wikipedia.org\/wiki\/Compatibilit\u00e9_ascendante_et_descendante\" target=\"_blank\" rel=\"noopener\">r\u00e9trocompatibilit\u00e9<\/a> ou compatibilit\u00e9 descendante.<\/p>\n<p style=\"text-align: justify;\"><img loading=\"lazy\" decoding=\"async\" class=\"size-full wp-image-51035 alignright\" src=\"https:\/\/cimbcc.org\/test2\/wp-content\/uploads\/chip_2024_10_apple_10.jpg\" alt=\"\" width=\"158\" height=\"202\" \/>Donc, depuis 2020, <em>Apple<\/em> livre <a href=\"https:\/\/fr.wikipedia.org\/wiki\/Rosetta_(logiciel)\" target=\"_blank\" rel=\"noopener\"><em>Rosetta 2<\/em><\/a> avec chaque it\u00e9ration de son syst\u00e8me d\u2019exploitation <em>macOS<\/em>. <em>Rosetta 2<\/em> est un \u00e9mulateur transparent pour l\u2019utilisateur. Si ce dernier installe un logiciel fonctionnant avec l\u2019ancien processeur <em>Intel<\/em>, en arri\u00e8re-plan, <em>Rosetta 2<\/em> prend en charge le logiciel, effectue la traduction en temps r\u00e9el entre l\u2019ancien et le nouveau processeur et l\u2019utilisateur n\u2019y voit que du feu.<\/p>\n<p style=\"text-align: justify;\">Notez qu\u2019\u00e0 l\u2019\u00e9poque du passage du <em>PowerPC<\/em> aux processeurs <em>Intel<\/em>, <em>Apple<\/em> avait livr\u00e9 <em>Rosetta 1<\/em> qui effectuait le m\u00eame travail.<\/p>\n<p style=\"text-align: justify;\">Depuis quatre ans, la tr\u00e8s grande majorit\u00e9 des logiciels pour <em>macOS<\/em> ont \u00e9t\u00e9 recompil\u00e9s pour fonctionner nativement sur les nouveaux processeurs d\u2019<em>Apple<\/em>. Dans mon cas, il ne me reste qu\u2019un seul logiciel fonctionnant encore sur processeur <em>Intel<\/em>. Tous les autres ont \u00e9t\u00e9 modifi\u00e9s incluant la suite <a href=\"https:\/\/fr.wikipedia.org\/wiki\/Microsoft_Office\" target=\"_blank\" rel=\"noopener\"><em>Microsoft Office<\/em><\/a><em> 2019<\/em> et <em>2021<\/em>.<\/p>\n<h4 style=\"text-align: justify;\">L\u2019adoption par les consommateurs et la communaut\u00e9 de d\u00e9veloppeurs<\/h4>\n<p style=\"text-align: justify;\">Bien s\u00fbr, le succ\u00e8s commercial se doit d\u2019\u00eatre au rendez-vous. Pour qu\u2019une plateforme ait du succ\u00e8s, la vari\u00e9t\u00e9 de logiciels doit \u00eatre au rendez-vous.<\/p>\n<p style=\"text-align: justify;\">Par ailleurs, <em>Apple<\/em> a toujours pris grand soin de sa communaut\u00e9 de d\u00e9veloppeurs. Ce sont eux qui assurent le succ\u00e8s de la plateforme <em>Mac<\/em>. Elle offre gratuitement son <a href=\"https:\/\/fr.wikipedia.org\/wiki\/Environnement_de_d\u00e9veloppement\" target=\"_blank\" rel=\"noopener\">environnement de d\u00e9veloppement int\u00e9gr\u00e9<\/a> (<em>IDE<\/em>), nomm\u00e9 <a href=\"https:\/\/fr.wikipedia.org\/wiki\/Xcode\" target=\"_blank\" rel=\"noopener\"><em>XCode<\/em><\/a> ainsi que de la documentation et des sessions de formation gratuites. Le seul co\u00fbt pour les d\u00e9veloppeurs concerne les frais d\u2019inscription annuelle de 100$ pour b\u00e9n\u00e9ficier de l\u2019encadrement et du magasin <em>Apple<\/em>.<\/p>\n<p style=\"text-align: justify;\">De plus, rien ne vous oblige \u00e0 passer par l\u2019<a href=\"https:\/\/fr.wikipedia.org\/wiki\/App_Store_(macOS)\" target=\"_blank\" rel=\"noopener\"><em>App Store<\/em><\/a> sur <em>Mac<\/em>. Il s\u2019agit actuellement de la seule plateforme <em>Apple<\/em> o\u00f9 vous pouvez t\u00e9l\u00e9charger des logiciels o\u00f9 bon vous semble, comme pour <em>Windows<\/em>.<\/p>\n<p style=\"text-align: justify;\">Parlant du <em>Apple Store<\/em>, l\u2019obligation de passer par ce dernier pour les <em>iPhone<\/em> et <em>iPad<\/em> tire \u00e0 sa fin avec les derni\u00e8res exigences de l\u2019<a href=\"https:\/\/fr.wikipedia.org\/wiki\/Union_europ\u00e9enne\" target=\"_blank\" rel=\"noopener\">Union europ\u00e9enne<\/a> en mati\u00e8re de concurrence. Si vous d\u00e9sirez explorer davantage ce sujet, je vous r\u00e9f\u00e8re \u00e0 <a href=\"https:\/\/cimbcc.org\/test2\/google-condamne-par-la-justice-americaine-pour-pratique-anticoncurrentielle\" target=\"_blank\" rel=\"noopener\">cet autre article<\/a> que j\u2019ai \u00e9crit et qui en fait mention plus en d\u00e9tail.<\/p>\n<h4>Une forme de reconnaissance de la part de Microsoft<\/h4>\n<figure id=\"attachment_51036\" aria-describedby=\"caption-attachment-51036\" style=\"width: 269px\" class=\"wp-caption alignright\"><img loading=\"lazy\" decoding=\"async\" class=\"size-full wp-image-51036\" src=\"https:\/\/cimbcc.org\/test2\/wp-content\/uploads\/chip_2024_10_apple_11.jpg\" alt=\"\" width=\"269\" height=\"165\" \/><figcaption id=\"caption-attachment-51036\" class=\"wp-caption-text\">Le Microsoft Surface Pro + CoPilot PC<\/figcaption><\/figure>\n<p style=\"text-align: justify;\">Cette ann\u00e9e, <a href=\"https:\/\/fr.wikipedia.org\/wiki\/Microsoft\" target=\"_blank\" rel=\"noopener\"><em>Microsoft<\/em><\/a> a surpris tout le monde en <a href=\"https:\/\/www.lesnumeriques.com\/ordinateur-portable\/surface-pro-laptop-sous-snapdragon-x-copilot-pc-et-recall-le-recap-des-annonces-de-microsoft-n221959.html\" target=\"_blank\" rel=\"noopener\">annon\u00e7ant de nouveaux portables<\/a> utilisant des processeurs <a href=\"https:\/\/www.lesnumeriques.com\/cpu-processeur\/pourquoi-le-snapdragon-x-elite-de-qualcomm-est-deja-une-reussite-n222984.html\" target=\"_blank\" rel=\"noopener\"><em>SnapDragon X Elite<\/em><\/a> de la compagnie <a href=\"https:\/\/fr.wikipedia.org\/wiki\/Qualcomm\" target=\"_blank\" rel=\"noopener\"><em>Qualcomm<\/em><\/a> qui sont d\u2019architecture <em>RISC<\/em>, se d\u00e9tachant tranquillement de l\u2019architecture <em>CISC<\/em> d\u2019<em>Intel<\/em>. Pour plus de d\u00e9tails, vous pouvez consulter <a href=\"https:\/\/cimbcc.org\/test2\/microsoft-annonce-de-nouveaux-portables-et-fait-le-meme-pari-quapple\" target=\"_blank\" rel=\"noopener\">cet autre article<\/a> o\u00f9 j\u2019explique le sujet.<\/p>\n<p style=\"text-align: justify;\">En bref, il s\u2019agit d\u2019une forme de reconnaissance des performances de l\u2019architecture <a href=\"https:\/\/fr.wikipedia.org\/wiki\/Architecture_ARM\" target=\"_blank\" rel=\"noopener\"><em>Arm-RISC<\/em><\/a> versus les limitations que nous ressentons de plus en plus avec l\u2019architecture <em>x86<\/em> <em>CISC<\/em> d\u2019<em>Intel<\/em>. D\u2019ailleurs, celle-ci a eu de <a href=\"https:\/\/www.lesnumeriques.com\/cpu-processeur\/intel-a-un-gros-probleme-a-gerer-l-instabilite-de-ses-processeurs-de-13e-et-14e-generations-n224600.html\" target=\"_blank\" rel=\"noopener\">s\u00e9rieux probl\u00e8mes<\/a> avec ses 13<sup>e<\/sup> et 14<sup>e<\/sup> g\u00e9n\u00e9rations de processeurs, mais ceci pourra faire l\u2019objet d\u2019un autre article. Pour le moment, disons qu\u2019il est encore t\u00f4t pour se prononcer. Le temps nous dira comment tout cela \u00e9voluera.<\/p>\n<p style=\"text-align: justify;\">Je crois que nous pouvons affirmer sans l\u2019ombre d\u2019un doute qu\u2019<em>Apple<\/em> a fait le bon choix en optant pour des processeurs de sa propre conception. Au m\u00eame titre que ses <em>iPhone<\/em> et <em>iPad,<\/em> les <em>Mac<\/em> sont d\u2019une performance impressionnante.<\/p>\n<figure id=\"attachment_51037\" aria-describedby=\"caption-attachment-51037\" style=\"width: 291px\" class=\"wp-caption alignright\"><img loading=\"lazy\" decoding=\"async\" class=\"size-full wp-image-51037\" src=\"https:\/\/cimbcc.org\/test2\/wp-content\/uploads\/chip_2024_10_apple_12.jpg\" alt=\"\" width=\"291\" height=\"205\" \/><figcaption id=\"caption-attachment-51037\" class=\"wp-caption-text\">MacBook Pro avec M1 Pro (2021)<\/figcaption><\/figure>\n<p style=\"text-align: justify;\">Votre humble serviteur peut en t\u00e9moigner. De tous les ordinateurs que j\u2019ai pu acqu\u00e9rir dans ma vie, et Dieu sait combien j\u2019ai pu en avoir et d\u2019argent j\u2019y ai consacr\u00e9, le <a href=\"https:\/\/fr.wikipedia.org\/wiki\/MacBook_Pro\" target=\"_blank\" rel=\"noopener\"><em>MacBook Pro<\/em><\/a> \u00e0 processeur <em>M1 Pro<\/em> que j\u2019ai acquis en novembre 2021 demeure le meilleur appareil que j\u2019ai poss\u00e9d\u00e9, et ce, malgr\u00e9 un portable <em>Surface <\/em><a href=\"https:\/\/www.microsoft.com\/fr-ca\/d\/surface-laptop-studio-2\/8rqr54krf1dz\" target=\"_blank\" rel=\"noopener\"><em>Laptop Studio 2<\/em><\/a> acquis l\u2019an dernier.<\/p>\n<p style=\"text-align: justify;\">En terminant, vous <a href=\"https:\/\/fr.wikipedia.org\/wiki\/Liste_des_mod\u00e8les_de_Macintosh_par_microprocesseur\" target=\"_blank\" rel=\"noopener\">trouverez ici une liste<\/a> des ordinateurs <em>Mac<\/em> class\u00e9e par processeur. <a href=\"https:\/\/fr.wikipedia.org\/wiki\/Apple_silicon\" target=\"_blank\" rel=\"noopener\">Sur cette autre page<\/a>, vous trouverez une liste de tous les microprocesseurs con\u00e7us par <em>Apple<\/em>.<\/p>\n<p>Sur ce, \u00e0 la prochaine !<br \/>\nInformatiquement v\u00f4tre,<\/p>\n<p>Daniel Vinet<\/p>\n","protected":false},"excerpt":{"rendered":"<p>M1, M2, M3 et maintenant M4, depuis l\u2019ann\u00e9e 2020 Apple a d\u00e9cid\u00e9 de changer \u00e0 nouveau l\u2019architecture de ses ordinateurs et de remplacer le c\u0153ur de ceux-ci par des processeurs de sa propre conception, alors qu\u2019elle utilisait les processeurs Intel depuis une quinzaine d\u2019ann\u00e9es, mais pourquoi ?<\/p>\n","protected":false},"author":43,"featured_media":0,"comment_status":"open","ping_status":"closed","sticky":false,"template":"","format":"standard","meta":{"footnotes":""},"categories":[1594],"tags":[427,2155,1270,2157,2158,2159,2160,391,1068,2153,2154,2093,2156],"class_list":["post-51009","post","type-post","status-publish","format-standard","hentry","category-chronique-technique","tag-apple","tag-cisc","tag-intel","tag-m1","tag-m2","tag-m3","tag-m4","tag-mac","tag-microprocesseur","tag-motorola","tag-powerpc","tag-risc","tag-x86"],"_links":{"self":[{"href":"https:\/\/cimbcc.org\/test2\/wp-json\/wp\/v2\/posts\/51009","targetHints":{"allow":["GET"]}}],"collection":[{"href":"https:\/\/cimbcc.org\/test2\/wp-json\/wp\/v2\/posts"}],"about":[{"href":"https:\/\/cimbcc.org\/test2\/wp-json\/wp\/v2\/types\/post"}],"author":[{"embeddable":true,"href":"https:\/\/cimbcc.org\/test2\/wp-json\/wp\/v2\/users\/43"}],"replies":[{"embeddable":true,"href":"https:\/\/cimbcc.org\/test2\/wp-json\/wp\/v2\/comments?post=51009"}],"version-history":[{"count":23,"href":"https:\/\/cimbcc.org\/test2\/wp-json\/wp\/v2\/posts\/51009\/revisions"}],"predecessor-version":[{"id":51070,"href":"https:\/\/cimbcc.org\/test2\/wp-json\/wp\/v2\/posts\/51009\/revisions\/51070"}],"wp:attachment":[{"href":"https:\/\/cimbcc.org\/test2\/wp-json\/wp\/v2\/media?parent=51009"}],"wp:term":[{"taxonomy":"category","embeddable":true,"href":"https:\/\/cimbcc.org\/test2\/wp-json\/wp\/v2\/categories?post=51009"},{"taxonomy":"post_tag","embeddable":true,"href":"https:\/\/cimbcc.org\/test2\/wp-json\/wp\/v2\/tags?post=51009"}],"curies":[{"name":"wp","href":"https:\/\/api.w.org\/{rel}","templated":true}]}}