{"id":51197,"date":"2024-10-31T11:00:43","date_gmt":"2024-10-31T15:00:43","guid":{"rendered":"https:\/\/cimbcc.org\/test2\/?p=51197"},"modified":"2024-10-31T11:32:00","modified_gmt":"2024-10-31T15:32:00","slug":"mise-a-jour-des-raccourcis-clavier-pour-macos-15-sequoia","status":"publish","type":"post","link":"https:\/\/cimbcc.org\/test2\/mise-a-jour-des-raccourcis-clavier-pour-macos-15-sequoia\/","title":{"rendered":"Mise \u00e0 jour des raccourcis clavier pour macOS 15 Sequoia"},"content":{"rendered":"<figure id=\"attachment_42194\" aria-describedby=\"caption-attachment-42194\" style=\"width: 125px\" class=\"wp-caption aligncenter\"><img loading=\"lazy\" decoding=\"async\" class=\"size-full wp-image-42194\" src=\"https:\/\/cimbcc.org\/test2\/wp-content\/uploads\/photo_vinet_daniel-e1667486419612.jpg\" alt=\"Daniel Vinet\" width=\"125\" height=\"132\" \/><figcaption id=\"caption-attachment-42194\" class=\"wp-caption-text\"><span style=\"color: #ffffff;\">mmmi<\/span>Daniel Vinet<\/figcaption><\/figure>\n<p style=\"text-align: justify;\">Le 13 avril 2024, j&rsquo;avais publi\u00e9 <a href=\"https:\/\/cimbcc.org\/test2\/les-raccourcis-clavier-pour-tous\" target=\"_blank\" rel=\"noopener\">cet\u00a0article<\/a> qui pr\u00e9sentait des documents r\u00e9sumant les principaux <a href=\"https:\/\/cimbcc.org\/test2\/wp-content\/uploads\/chip_2024_04_raccourcis_windows.pdf\" target=\"_blank\" rel=\"noopener\">raccourcis clavier pour <em>Windows<\/em><\/a> ainsi que <a href=\"https:\/\/cimbcc.org\/test2\/wp-content\/uploads\/chip_2024_04_raccourcis_macos.pdf\" target=\"_blank\" rel=\"noopener\">ceux pour <em>macOS 14 Sonoma<\/em><\/a>. Jean Allard et moi les avions cr\u00e9\u00e9s.<\/p>\n<p style=\"text-align: justify;\">En septembre dernier, <a href=\"https:\/\/fr.wikipedia.org\/wiki\/Apple\" target=\"_blank\" rel=\"noopener\"><em>Apple<\/em><\/a> rendait disponible la nouvelle version de son syst\u00e8me d\u2019exploitation, soit <a href=\"https:\/\/fr.wikipedia.org\/wiki\/MacOS_Sequoia\" target=\"_blank\" rel=\"noopener\"><em>macOS 15 Sequoia<\/em><\/a>. Je me suis donc attel\u00e9 \u00e0 cr\u00e9er un nouveau document pour cette version en esp\u00e9rant que ce document vous soit utile.<\/p>\n<p style=\"text-align: justify;\"><!--more--><\/p>\n<p style=\"text-align: justify;\">Vous noterez un ajout concernant la manipulation des fen\u00eatres \u00e0 l\u2019\u00e9cran dans ce fichier que vous pourrez retrouver en <a href=\"https:\/\/cimbcc.org\/test2\/wp-content\/uploads\/chip_2024_10_macos_15_sequoia_raccourcis_clavier.pdf\" target=\"_blank\" rel=\"noopener\">cliquant ici<\/a> dans la rubrique des <a href=\"https:\/\/cimbcc.org\/test2\/partage-de-connaissances\/les-tutoriels\" target=\"_blank\" rel=\"noopener\">tutoriels<\/a> sous l&rsquo;onglet du <a href=\"https:\/\/cimbcc.org\/test2\/partage-de-connaissances\" target=\"_blank\" rel=\"noopener\">partage des connaissances<\/a> de ce site Web.<\/p>\n<p>Informatiquement v\u00f4tre,<\/p>\n<p>Daniel Vinet<\/p>\n","protected":false},"excerpt":{"rendered":"<p>Le 13 avril 2024, j&rsquo;avais publi\u00e9 cet\u00a0article qui pr\u00e9sentait des documents r\u00e9sumant les principaux raccourcis clavier pour Windows ainsi que ceux pour macOS 14 Sonoma. Jean Allard et moi les avions cr\u00e9\u00e9s. En septembre dernier, Apple rendait disponible la nouvelle version de son syst\u00e8me d\u2019exploitation, soit macOS 15 Sequoia. Je me suis donc attel\u00e9 \u00e0 &hellip; <a href=\"https:\/\/cimbcc.org\/test2\/mise-a-jour-des-raccourcis-clavier-pour-macos-15-sequoia\/\" class=\"more-link\">Continuer la lecture de <span class=\"screen-reader-text\">Mise \u00e0 jour des raccourcis clavier pour macOS 15 Sequoia<\/span>  <span class=\"meta-nav\">&rarr;<\/span><\/a><\/p>\n","protected":false},"author":43,"featured_media":0,"comment_status":"open","ping_status":"closed","sticky":false,"template":"","format":"standard","meta":{"footnotes":""},"categories":[402],"tags":[1044,391,1721,2166,1455],"class_list":["post-51197","post","type-post","status-publish","format-standard","hentry","category-activites-du-club","tag-clavier","tag-mac","tag-macos","tag-macos-15-sequoia","tag-raccourcis"],"_links":{"self":[{"href":"https:\/\/cimbcc.org\/test2\/wp-json\/wp\/v2\/posts\/51197","targetHints":{"allow":["GET"]}}],"collection":[{"href":"https:\/\/cimbcc.org\/test2\/wp-json\/wp\/v2\/posts"}],"about":[{"href":"https:\/\/cimbcc.org\/test2\/wp-json\/wp\/v2\/types\/post"}],"author":[{"embeddable":true,"href":"https:\/\/cimbcc.org\/test2\/wp-json\/wp\/v2\/users\/43"}],"replies":[{"embeddable":true,"href":"https:\/\/cimbcc.org\/test2\/wp-json\/wp\/v2\/comments?post=51197"}],"version-history":[{"count":11,"href":"https:\/\/cimbcc.org\/test2\/wp-json\/wp\/v2\/posts\/51197\/revisions"}],"predecessor-version":[{"id":51212,"href":"https:\/\/cimbcc.org\/test2\/wp-json\/wp\/v2\/posts\/51197\/revisions\/51212"}],"wp:attachment":[{"href":"https:\/\/cimbcc.org\/test2\/wp-json\/wp\/v2\/media?parent=51197"}],"wp:term":[{"taxonomy":"category","embeddable":true,"href":"https:\/\/cimbcc.org\/test2\/wp-json\/wp\/v2\/categories?post=51197"},{"taxonomy":"post_tag","embeddable":true,"href":"https:\/\/cimbcc.org\/test2\/wp-json\/wp\/v2\/tags?post=51197"}],"curies":[{"name":"wp","href":"https:\/\/api.w.org\/{rel}","templated":true}]}}