{"id":51282,"date":"2024-11-07T07:00:54","date_gmt":"2024-11-07T12:00:54","guid":{"rendered":"https:\/\/cimbcc.org\/test2\/?p=51282"},"modified":"2024-11-07T07:17:48","modified_gmt":"2024-11-07T12:17:48","slug":"comment-activer-le-test-auditif-des-airpods-pro-2","status":"publish","type":"post","link":"https:\/\/cimbcc.org\/test2\/comment-activer-le-test-auditif-des-airpods-pro-2\/","title":{"rendered":"Comment activer le test auditif des AirPods Pro 2"},"content":{"rendered":"<figure id=\"attachment_33794\" aria-describedby=\"caption-attachment-33794\" style=\"width: 125px\" class=\"wp-caption aligncenter\"><img loading=\"lazy\" decoding=\"async\" class=\"size-full wp-image-33794\" src=\"https:\/\/cimbcc.org\/test2\/wp-content\/uploads\/photo_parent_richard.jpg\" alt=\"\" width=\"125\" height=\"125\" \/><figcaption id=\"caption-attachment-33794\" class=\"wp-caption-text\"><span style=\"color: #ffffff;\">mnm<\/span>Richard Parent<\/figcaption><\/figure>\n<p style=\"text-align: justify;\">Le 15 septembre 2024, un article intitul\u00e9 <a href=\"https:\/\/cimbcc.org\/test2\/airpods-pro-et-apple-watch-bientot-dotes-de-fonctions-de-sante-supplementaires\" target=\"_blank\" rel=\"noopener\"><em>AirPods Pro et Apple Watch bient\u00f4t dot\u00e9s de fonctions de sant\u00e9 suppl\u00e9mentaires<\/em><\/a> a \u00e9t\u00e9 publi\u00e9 sur ce blogue. Le texte suivant fournira plus de pr\u00e9cisions au sujet du test auditif des <a href=\"https:\/\/fr.wikipedia.org\/wiki\/AirPods_Pro\" target=\"_blank\" rel=\"noopener\">AirPods Pro 2<\/a>.<\/p>\n<p style=\"text-align: justify;\">C&rsquo;est une reprise d&rsquo;un article de F\u00e9lix Cattafesta publi\u00e9 sur le site Web W<em>atchGeneration.fr <\/em>en date du 31 octobre 2024 sous le titre <em><a href=\"https:\/\/www.watchgeneration.fr\/sante\/2024\/10\/astuce-activer-le-test-auditif-des-airpods-pro-2-17515\" target=\"_blank\" rel=\"noopener\">Astuce : comment activer le test auditif des AirPods Pro 2<\/a>.<\/em><\/p>\n<p>Je tiens \u00e0 remercier Olivier et <a href=\"https:\/\/www.watchgeneration.fr\/\" target=\"_blank\" rel=\"noopener\">WatchGeneration<\/a> pour ce texte.<\/p>\n<p><!--more--><\/p>\n<hr \/>\n<p style=\"text-align: justify;\"><img loading=\"lazy\" decoding=\"async\" class=\"size-full wp-image-51289 aligncenter\" src=\"https:\/\/cimbcc.org\/test2\/wp-content\/uploads\/chip_2024_11_airpods_1.jpg\" alt=\"\" width=\"894\" height=\"108\" srcset=\"https:\/\/cimbcc.org\/test2\/wp-content\/uploads\/chip_2024_11_airpods_1.jpg 894w, https:\/\/cimbcc.org\/test2\/wp-content\/uploads\/chip_2024_11_airpods_1-300x36.jpg 300w, https:\/\/cimbcc.org\/test2\/wp-content\/uploads\/chip_2024_11_airpods_1-768x93.jpg 768w\" sizes=\"auto, (max-width: 894px) 100vw, 894px\" \/><a href=\"https:\/\/fr.wikipedia.org\/wiki\/IOS_18\" target=\"_blank\" rel=\"noopener\">iOS 18.1<\/a> apporte une nouveaut\u00e9 pour les propri\u00e9taires d\u2019AirPods Pro 2 : un <a href=\"https:\/\/support.apple.com\/fr-be\/guide\/airpods\/devd9aac5b42\/web\" target=\"_blank\" rel=\"noopener\">test auditif disponible directement depuis leur smartphone<\/a>. Comme chez le m\u00e9decin (d\u2019ordinaire un ORL), il va s\u2019agir d\u2019\u00e9couter des sons et d\u2019indiquer ceux que l\u2019on entend. [&#8230;]<\/p>\n<p><img loading=\"lazy\" decoding=\"async\" class=\"size-full wp-image-51290 aligncenter\" src=\"https:\/\/cimbcc.org\/test2\/wp-content\/uploads\/chip_2024_11_airpods_2.jpg\" alt=\"\" width=\"318\" height=\"344\" srcset=\"https:\/\/cimbcc.org\/test2\/wp-content\/uploads\/chip_2024_11_airpods_2.jpg 318w, https:\/\/cimbcc.org\/test2\/wp-content\/uploads\/chip_2024_11_airpods_2-277x300.jpg 277w\" sizes=\"auto, (max-width: 318px) 100vw, 318px\" \/><\/p>\n<p style=\"text-align: justify;\">Avant le d\u00e9but du test, Apple donne toute une s\u00e9rie d\u2019indications sur la mani\u00e8re de placer ses AirPods. Un ajustement est fait afin de mesurer le bruit de fond et v\u00e9rifier que vous vous trouvez dans un lieu silencieux, imp\u00e9ratif pour bien r\u00e9aliser l\u2019exercice. Le mode \u00ab\u00a0Ne pas d\u00e9ranger\u00a0\u00bb\u00a0est activ\u00e9 automatiquement pour \u00e9viter les distractions.<\/p>\n<p style=\"text-align: justify;\">Le test est assez standard et commence par analyser votre oreille gauche. En pratique, un son est jou\u00e9 de moins en moins fort : il faut appuyer sur l\u2019\u00e9cran quand on l\u2019entend. Ces petits \u00ab\u00a0bip-bip\u00a0\u00bb\u00a0sont diffus\u00e9s plusieurs fois, et on a donc d\u2019autres opportunit\u00e9s de les entendre si on les loupe. Il faut environ 5 minutes le temps de tester les deux oreilles.<\/p>\n<p><img loading=\"lazy\" decoding=\"async\" class=\"size-full wp-image-51291 aligncenter\" src=\"https:\/\/cimbcc.org\/test2\/wp-content\/uploads\/chip_2024_11_airpods_3.jpg\" alt=\"\" width=\"432\" height=\"466\" srcset=\"https:\/\/cimbcc.org\/test2\/wp-content\/uploads\/chip_2024_11_airpods_3.jpg 432w, https:\/\/cimbcc.org\/test2\/wp-content\/uploads\/chip_2024_11_airpods_3-278x300.jpg 278w\" sizes=\"auto, (max-width: 432px) 100vw, 432px\" \/><\/p>\n<p style=\"text-align: justify;\">Le r\u00e9sultat est ensuite affich\u00e9 sous la forme d\u2019un graphique (<a href=\"https:\/\/fr.wikipedia.org\/wiki\/Audiogramme\" target=\"_blank\" rel=\"noopener\">audiogramme<\/a>), que l\u2019on pourra retrouver dans la section \u00ab\u00a0Audition\u00a0\u00bb\u00a0de l\u2019app <a href=\"https:\/\/fr.wikipedia.org\/wiki\/Sant%C3%A9_(Apple)\" target=\"_blank\" rel=\"noopener\">Sant\u00e9<\/a>. Plus un son doit \u00eatre fort pour que vous l\u2019entendiez, plus le nombre de d\u00e9cibels de niveau d\u2019audition (<a href=\"https:\/\/fr.wikipedia.org\/wiki\/Audiom%C3%A9trie\" target=\"_blank\" rel=\"noopener\">dB HL<\/a>) est \u00e9lev\u00e9 sur le graphique. \u00ab\u00a0Le test d\u2019audition mesure votre audition \u00e0 diff\u00e9rentes fr\u00e9quences pour vous aider \u00e0 mieux comprendre comment vous entendez les diff\u00e9rents\u00a0sons\u00a0\u00bb, explique Apple. Les r\u00e9sultats peuvent \u00eatre export\u00e9s en PDF.<\/p>\n<p><img loading=\"lazy\" decoding=\"async\" class=\"size-full wp-image-51292 aligncenter\" src=\"https:\/\/cimbcc.org\/test2\/wp-content\/uploads\/chip_2024_11_airpods_4.jpg\" alt=\"\" width=\"415\" height=\"449\" srcset=\"https:\/\/cimbcc.org\/test2\/wp-content\/uploads\/chip_2024_11_airpods_4.jpg 415w, https:\/\/cimbcc.org\/test2\/wp-content\/uploads\/chip_2024_11_airpods_4-277x300.jpg 277w\" sizes=\"auto, (max-width: 415px) 100vw, 415px\" \/><\/p>\n<p>&nbsp;<\/p>\n<p style=\"text-align: justify;\">J\u2019ai pu tester la nouveaut\u00e9 sur mon <a href=\"https:\/\/fr.wikipedia.org\/wiki\/IPhone_15\" target=\"_blank\" rel=\"noopener\">iPhone 15 Pro<\/a> sous la premi\u00e8re b\u00eata d&rsquo;<a href=\"https:\/\/fr.wikipedia.org\/wiki\/IOS_18\" target=\"_blank\" rel=\"noopener\">iOS 18.2<\/a> avec des AirPods Pro 2 sous le <a href=\"https:\/\/fr.wikipedia.org\/wiki\/Firmware\" target=\"_blank\" rel=\"noopener\">firmware<\/a> 7B19, le dernier en date officiellement. [&#8230;] D\u2019autres nouveaut\u00e9s devraient arriver par la suite, comme une <a href=\"https:\/\/support.apple.com\/fr-fr\/guide\/airpods\/dev966f5f818\/web#:~:text=Les%20AirPods%20Pro%202%20r%C3%A9duisent,sont%20connect%C3%A9s%20%C3%A0%20votre%20appareil.\" target=\"_blank\" rel=\"noopener\">r\u00e9duction des sons forts<\/a> ou la <a href=\"https:\/\/support.apple.com\/fr-mu\/guide\/airpods\/devd9aac5b42\/web#:~:text=Vos%20AirPods%20Pro%202%20proposent,avec%20vos%20AirPods%20Pro%202.\" target=\"_blank\" rel=\"noopener\">possibilit\u00e9 de s\u2019en servir en tant qu\u2019appareil auditif<\/a>.<\/p>\n","protected":false},"excerpt":{"rendered":"<p>Le 15 septembre 2024, un article intitul\u00e9 AirPods Pro et Apple Watch bient\u00f4t dot\u00e9s de fonctions de sant\u00e9 suppl\u00e9mentaires a \u00e9t\u00e9 publi\u00e9 sur ce blogue. Le texte suivant fournira plus de pr\u00e9cisions au sujet du test auditif des AirPods Pro 2. C&rsquo;est une reprise d&rsquo;un article de F\u00e9lix Cattafesta publi\u00e9 sur le site Web WatchGeneration.fr &hellip; <a href=\"https:\/\/cimbcc.org\/test2\/comment-activer-le-test-auditif-des-airpods-pro-2\/\" class=\"more-link\">Continuer la lecture de <span class=\"screen-reader-text\">Comment activer le test auditif des AirPods Pro 2<\/span>  <span class=\"meta-nav\">&rarr;<\/span><\/a><\/p>\n","protected":false},"author":43,"featured_media":0,"comment_status":"open","ping_status":"closed","sticky":false,"template":"","format":"standard","meta":{"footnotes":""},"categories":[403],"tags":[1357,2169,427,2170],"class_list":["post-51282","post","type-post","status-publish","format-standard","hentry","category-applications","tag-airpods","tag-airpods-pro-2","tag-apple","tag-test-auditif"],"_links":{"self":[{"href":"https:\/\/cimbcc.org\/test2\/wp-json\/wp\/v2\/posts\/51282","targetHints":{"allow":["GET"]}}],"collection":[{"href":"https:\/\/cimbcc.org\/test2\/wp-json\/wp\/v2\/posts"}],"about":[{"href":"https:\/\/cimbcc.org\/test2\/wp-json\/wp\/v2\/types\/post"}],"author":[{"embeddable":true,"href":"https:\/\/cimbcc.org\/test2\/wp-json\/wp\/v2\/users\/43"}],"replies":[{"embeddable":true,"href":"https:\/\/cimbcc.org\/test2\/wp-json\/wp\/v2\/comments?post=51282"}],"version-history":[{"count":11,"href":"https:\/\/cimbcc.org\/test2\/wp-json\/wp\/v2\/posts\/51282\/revisions"}],"predecessor-version":[{"id":51301,"href":"https:\/\/cimbcc.org\/test2\/wp-json\/wp\/v2\/posts\/51282\/revisions\/51301"}],"wp:attachment":[{"href":"https:\/\/cimbcc.org\/test2\/wp-json\/wp\/v2\/media?parent=51282"}],"wp:term":[{"taxonomy":"category","embeddable":true,"href":"https:\/\/cimbcc.org\/test2\/wp-json\/wp\/v2\/categories?post=51282"},{"taxonomy":"post_tag","embeddable":true,"href":"https:\/\/cimbcc.org\/test2\/wp-json\/wp\/v2\/tags?post=51282"}],"curies":[{"name":"wp","href":"https:\/\/api.w.org\/{rel}","templated":true}]}}