{"id":51767,"date":"2024-12-07T21:00:00","date_gmt":"2024-12-08T02:00:00","guid":{"rendered":"https:\/\/cimbcc.org\/test2\/?p=51767"},"modified":"2024-12-07T21:03:27","modified_gmt":"2024-12-08T02:03:27","slug":"fin-du-soutien-et-des-mises-a-jour-gratuites-pour-windows-10-et-creation-dun-compte-pour-radio-canada","status":"publish","type":"post","link":"https:\/\/cimbcc.org\/test2\/fin-du-soutien-et-des-mises-a-jour-gratuites-pour-windows-10-et-creation-dun-compte-pour-radio-canada\/","title":{"rendered":"Fin du soutien et des mises \u00e0 jour gratuites pour Windows 10 et cr\u00e9ation d&rsquo;un compte pour Radio-Canada"},"content":{"rendered":"<figure id=\"attachment_24081\" aria-describedby=\"caption-attachment-24081\" style=\"width: 125px\" class=\"wp-caption aligncenter\"><img loading=\"lazy\" decoding=\"async\" class=\"size-full wp-image-24081\" src=\"https:\/\/cimbcc.org\/test2\/wp-content\/uploads\/photo_charron_denis.jpg\" alt=\"\" width=\"125\" height=\"125\" \/><figcaption id=\"caption-attachment-24081\" class=\"wp-caption-text\"><span style=\"color: #ffffff;\">mmm<\/span>Denis Charron<\/figcaption><\/figure>\n<p>Deux sujets feront la manchette dans cet article :<\/p>\n<ul>\n<li>fin du soutien et des mises \u00e0 jour gratuites pour Windows 10 ;<\/li>\n<li>cr\u00e9ation d&rsquo;un compte pour Radio-Canada.<\/li>\n<\/ul>\n<p><!--more--><\/p>\n<hr \/>\n<h4 style=\"text-align: justify;\">Fin du soutien et des mises \u00e0 jour gratuites pour Windows 10<\/h4>\n<p style=\"text-align: justify;\">On le sait depuis plusieurs mois. Le 14 octobre 2025, Microsoft mettra fin au soutien et aux mises \u00e0 jour <span style=\"text-decoration: underline;\"><strong>gratuites<\/strong><\/span> pour <a href=\"https:\/\/fr.wikipedia.org\/wiki\/Windows_10\" target=\"_blank\" rel=\"noopener\">Windows 10<\/a>.<\/p>\n<p style=\"text-align: justify;\"><a href=\"https:\/\/www.microsoft.com\/fr-ca\/windows\/end-of-support?r=1&amp;form=MD1ARU&amp;ocid=cmmmztixa0t&amp;CLRTags=c_udf~%24~Win11-HER-Button~%24%24~c_cmp~%24~EmailHero~%24%24~c_type~%24~CTAButton~%24%24~c_pos~%24~1A_~_CLRTags_~_\" target=\"_blank\" rel=\"noopener\">Ce communiqu\u00e9<\/a> du site Web de Microsoft devrait r\u00e9pondre \u00e0 la plupart des questions que se posent les personnes qui utilisent encore cette version de Windows.<\/p>\n<p><a href=\"https:\/\/learn.microsoft.com\/fr-fr\/windows\/whats-new\/extended-security-updates\" target=\"_blank\" rel=\"noopener\">Cet autre document<\/a> de Microsoft mentionne que :<\/p>\n<p style=\"padding-left: 40px; text-align: justify;\"><em>\u00ab Les personnes ou organisations qui choisissent de continuer \u00e0 utiliser Windows 10 apr\u00e8s la fin du support le 14 octobre 2025 auront la possibilit\u00e9 d\u2019inscrire leurs PC \u00e0 un abonnement Extended Security Updates (ESU) <span style=\"text-decoration: underline;\"><strong>payant<\/strong><\/span>. \u00bb<\/em><\/p>\n<p>Le site ZDNet souligne <a href=\"https:\/\/www.zdnet.com\/article\/your-windows-10-pc-cant-be-upgraded-you-have-5-options-before-support-ends-in-2025\/\" target=\"_blank\" rel=\"noopener\">dans ce texte<\/a> que :<\/p>\n<p style=\"padding-left: 40px; text-align: justify;\"><em>\u00ab Pour <span style=\"text-decoration: underline;\"><strong>30 $US<\/strong><\/span>, vous pouvez recevoir des mises \u00e0 jour de s\u00e9curit\u00e9 pendant une ann\u00e9e suppl\u00e9mentaire, la date limite d&rsquo;assistance \u00e9tant repouss\u00e9e \u00e0 octobre 2026. \u00bb<\/em><\/p>\n<p style=\"text-align: justify;\">D&rsquo;autre part, Microsoft sait qu&rsquo;il est possible d&rsquo;installer <a href=\"https:\/\/fr.wikipedia.org\/wiki\/Windows_11\" target=\"_blank\" rel=\"noopener\"><span style=\"text-decoration: underline;\">Windows 11<\/span><\/a> <a href=\"https:\/\/support.microsoft.com\/fr-fr\/windows\/installation-de-windows-11-sur-des-appareils-qui-ne-r%C3%A9pondent-pas-%C3%A0-la-configuration-minimale-requise-0b2dc4a2-5933-4ad4-9c09-ef0a331518f1\" target=\"_blank\" rel=\"noopener\">sur des ordinateurs ne r\u00e9pondant pas \u00e0 la configuration minimale requise<\/a>, mais transf\u00e8re le risque d&rsquo;incompatibilit\u00e9 aux utilisateurs.<\/p>\n<hr \/>\n<h4>Cr\u00e9ation d&rsquo;un compte pour <em>Radio-Canada<\/em><\/h4>\n<p style=\"text-align: justify;\">Les utilisateurs des applications de <a href=\"https:\/\/fr.wikipedia.org\/wiki\/Soci%C3%A9t%C3%A9_Radio-Canada\" target=\"_blank\" rel=\"noopener\"><em>Radio-Canada<\/em><\/a>, comme <a href=\"https:\/\/ici.radio-canada.ca\/ohdio\" target=\"_blank\" rel=\"noopener\"><em>Ohdio<\/em><\/a> et <a href=\"https:\/\/ici.radio-canada.ca\/info\" target=\"_blank\" rel=\"noopener\"><em>Radio-Canada Info<\/em><\/a> pour mobile, devront maintenant ouvrir un compte pour les utiliser. <a href=\"http:\/\/tou.tv\/\" target=\"_blank\" rel=\"noopener\"><em>Tou.tv<\/em><\/a> le demande d\u00e9j\u00e0 depuis cet \u00e9t\u00e9.<\/p>\n<p style=\"text-align: justify;\">La <a href=\"https:\/\/ici.radio-canada.ca\/tele\/la-facture\/site\/complements\/encoreplus\/5130\/cookies-temoin-internet-vie-privee-renseignements\" target=\"_blank\" rel=\"noopener\">nouvelle <em>Loi 25<\/em><\/a> permettant aux internautes de choisir ou de refuser les t\u00e9moins <em>(<a href=\"https:\/\/fr.wikipedia.org\/wiki\/Cookie_(informatique)\" target=\"_blank\" rel=\"noopener\">cookies<\/a>)<\/em> a diminu\u00e9 drastiquement les renseignements sur les utilisateurs que les diffuseurs d&rsquo;applications r\u00e9coltaient auparavant et employaient pour attirer les annonceurs. Rien n&rsquo;est gratuit.<\/p>\n<p style=\"text-align: justify;\">La cr\u00e9ation d&rsquo;un compte, m\u00eame pour une application gratuite, permet de mieux conna\u00eetre l&rsquo;utilisateur et de personnaliser les publicit\u00e9s qu&rsquo;il verra. <a href=\"https:\/\/www.lapresse.ca\/arts\/2024-11-26\/applications-de-radio-canada\/les-utilisateurs-devront-bientot-ouvrir-un-compte.php\" target=\"_blank\" rel=\"noopener\">Cet article<\/a> de <em>La Presse<\/em> explique cette tendance.<\/p>\n<p>Denis Charron<\/p>\n","protected":false},"excerpt":{"rendered":"<p>Deux sujets feront la manchette dans cet article : fin du soutien et des mises \u00e0 jour gratuites pour Windows 10 ; cr\u00e9ation d&rsquo;un compte pour Radio-Canada.<\/p>\n","protected":false},"author":43,"featured_media":0,"comment_status":"open","ping_status":"closed","sticky":false,"template":"","format":"standard","meta":{"footnotes":""},"categories":[403],"tags":[1402,2072,1978,2195,2012,258,2194,1403,88,1499],"class_list":["post-51767","post","type-post","status-publish","format-standard","hentry","category-applications","tag-cookies","tag-fin-du-support","tag-ici-tou-tv","tag-loi-25","tag-ohdio","tag-radio-canada","tag-radio-canada-info","tag-temoins","tag-windows-10","tag-windows-11"],"_links":{"self":[{"href":"https:\/\/cimbcc.org\/test2\/wp-json\/wp\/v2\/posts\/51767","targetHints":{"allow":["GET"]}}],"collection":[{"href":"https:\/\/cimbcc.org\/test2\/wp-json\/wp\/v2\/posts"}],"about":[{"href":"https:\/\/cimbcc.org\/test2\/wp-json\/wp\/v2\/types\/post"}],"author":[{"embeddable":true,"href":"https:\/\/cimbcc.org\/test2\/wp-json\/wp\/v2\/users\/43"}],"replies":[{"embeddable":true,"href":"https:\/\/cimbcc.org\/test2\/wp-json\/wp\/v2\/comments?post=51767"}],"version-history":[{"count":23,"href":"https:\/\/cimbcc.org\/test2\/wp-json\/wp\/v2\/posts\/51767\/revisions"}],"predecessor-version":[{"id":51916,"href":"https:\/\/cimbcc.org\/test2\/wp-json\/wp\/v2\/posts\/51767\/revisions\/51916"}],"wp:attachment":[{"href":"https:\/\/cimbcc.org\/test2\/wp-json\/wp\/v2\/media?parent=51767"}],"wp:term":[{"taxonomy":"category","embeddable":true,"href":"https:\/\/cimbcc.org\/test2\/wp-json\/wp\/v2\/categories?post=51767"},{"taxonomy":"post_tag","embeddable":true,"href":"https:\/\/cimbcc.org\/test2\/wp-json\/wp\/v2\/tags?post=51767"}],"curies":[{"name":"wp","href":"https:\/\/api.w.org\/{rel}","templated":true}]}}