{"id":51778,"date":"2024-12-02T14:00:18","date_gmt":"2024-12-02T19:00:18","guid":{"rendered":"https:\/\/cimbcc.org\/test2\/?p=51778"},"modified":"2024-12-03T17:58:54","modified_gmt":"2024-12-03T22:58:54","slug":"presentations-du-mercredi-et-du-vendredi-saison-2024-2025","status":"publish","type":"post","link":"https:\/\/cimbcc.org\/test2\/presentations-du-mercredi-et-du-vendredi-saison-2024-2025\/","title":{"rendered":"Pr\u00e9sentations du mercredi et du vendredi &#8211; saison 2024-2025"},"content":{"rendered":"<figure id=\"attachment_24078\" aria-describedby=\"caption-attachment-24078\" style=\"width: 125px\" class=\"wp-caption aligncenter\"><img loading=\"lazy\" decoding=\"async\" class=\"size-full wp-image-24078\" src=\"https:\/\/cimbcc.org\/test2\/wp-content\/uploads\/photo_belanger_guy.jpg\" alt=\"\" width=\"125\" height=\"125\" \/><figcaption id=\"caption-attachment-24078\" class=\"wp-caption-text\"><span style=\"color: #ffffff;\">mmm<\/span>Guy B\u00e9langer<\/figcaption><\/figure>\n<p style=\"text-align: justify;\">Le d\u00e9but de d\u00e9cembre marque la fin de la saison de l&rsquo;automne 2024 des s\u00e9ries <em>Facile<\/em> et <em>D\u00e9couverte<\/em>.<\/p>\n<p style=\"text-align: justify;\">Dans cet article, nous vous pr\u00e9sentons un bilan de cette p\u00e9riode et nous voulons vous donner un avant-go\u00fbt des pr\u00e9sentations \u00e0 venir pour l\u2019hiver 2025.<\/p>\n<p><!--more--><\/p>\n<hr \/>\n<h4>Mode de fonctionnement<\/h4>\n<p style=\"text-align: justify;\">Depuis la pand\u00e9mie de COVID-19, le Club propose des s\u00e9ances le mercredi en vid\u00e9oconf\u00e9rence avec l\u2019application Zoom. Celles du vendredi sont offertes \u00e0 la fois en mode vid\u00e9oconf\u00e9rence et en pr\u00e9sentiel au <a href=\"https:\/\/cimbcc.org\/test2\/partage-de-connaissances\/les-presentations-du-mercredi-et-du-vendredi\/chalet-marie-victorin-saint-bruno\" target=\"_blank\" rel=\"noopener\">Chalet Marie-Victorin<\/a> de la ville de Saint-Bruno.<\/p>\n<p style=\"text-align: justify;\">Pierre Delisle a offert en septembre 2024 une s\u00e9ance afin de faciliter l\u2019utilisation de l\u2019application Zoom pour nos membres. Cette pr\u00e9sentation sera reprise le <span style=\"color: #ff0000;\"><strong>10 janvier 2025<\/strong><\/span><strong> \u00e0 13 h 15<\/strong>.<\/p>\n<hr \/>\n<h4>Retour sur l&rsquo;automne 2024<\/h4>\n<p style=\"text-align: justify;\">En moyenne, 92 personnes ont assist\u00e9 en vid\u00e9oconf\u00e9rence ou en pr\u00e9sentiel aux s\u00e9ances des s\u00e9ries <em>Facile<\/em> et <em>D\u00e9couverte :<\/em><\/p>\n<ul>\n<li style=\"text-align: justify;\">dans la s\u00e9rie <em>D\u00e9couverte<\/em>, l&rsquo;introduction \u00e0 Microsoft OneNote a attir\u00e9 119 personnes ;<\/li>\n<li style=\"text-align: justify;\">dans la s\u00e9rie <em>Facile,<\/em> la pr\u00e9sentation traitant de l&rsquo;hame\u00e7onnage ainsi que Windows 10 et 11 a \u00e9t\u00e9 la plus courue avec 123 personnes.<\/li>\n<\/ul>\n<p style=\"text-align: justify;\"><strong>Pour la <em>s\u00e9rie Facile<\/em><\/strong>, il s&rsquo;agissait de mises \u00e0 jour des pr\u00e9sentations offertes aux membres depuis d\u00e9j\u00e0 quelques ann\u00e9es. Celles-ci seront d&rsquo;ailleurs reprises \u00e0 l&rsquo;hiver 2025, comme annonc\u00e9 un peu plus loin dans cet article. Vous pourrez ainsi \u00e9couter un expos\u00e9 que vous auriez peut-\u00eatre manqu\u00e9 \u00e0 l&rsquo;automne ou revenir sur des sujets ayant besoin d&rsquo;une seconde explication.<\/p>\n<p style=\"text-align: justify;\"><strong>Pour la <em>s\u00e9rie D\u00e9couverte<\/em><\/strong>, de nouveaux th\u00e8mes ont \u00e9t\u00e9 abord\u00e9s \u00e0 l&rsquo;automne 2024 en mode vid\u00e9oconf\u00e9rence :<\/p>\n<ul>\n<li><strong>Stockage dans les nuages et <a href=\"https:\/\/fr.wikipedia.org\/wiki\/Microsoft_OneDrive\" target=\"_blank\" rel=\"noopener\">OneDrive<\/a><\/strong>, Michel Gagn\u00e9 ;<\/li>\n<li><strong>Stockage avec <a href=\"https:\/\/fr.wikipedia.org\/wiki\/Google_Drive\" target=\"_blank\" rel=\"noopener\">Google Drive<\/a><\/strong>, Jean Allard ;<\/li>\n<li><strong>L\u2019<a href=\"https:\/\/fr.wikipedia.org\/wiki\/Intelligence_artificielle\" target=\"_blank\" rel=\"noopener\">intelligence artificielle<\/a><\/strong>, Alain Wagner, club Brossard ;<\/li>\n<li><strong>Introduction \u00e0 <a href=\"https:\/\/fr.wikipedia.org\/wiki\/Microsoft_OneNote\" target=\"_blank\" rel=\"noopener\">OneNote<\/a><\/strong>, Daniel Vinet ;<\/li>\n<li><strong>Jeux et activit\u00e9s cognitives<\/strong>, Denise Baillargeon ;<\/li>\n<li><a href=\"https:\/\/fr.wikipedia.org\/wiki\/Moteur_de_recherche\" target=\"_blank\" rel=\"noopener\"><strong>Moteurs de recherche<\/strong><\/a>, Daniel Vinet ;<\/li>\n<li style=\"text-align: justify;\"><strong>Fournisseurs de <a href=\"https:\/\/fr.wikipedia.org\/wiki\/Voix_sur_IP\" target=\"_blank\" rel=\"noopener\">t\u00e9l\u00e9phonie VoIP<\/a><\/strong>, Georges Aylwin, club Brossard\u00a0;<\/li>\n<li><a href=\"https:\/\/fr.wikipedia.org\/wiki\/Audacity\" target=\"_blank\" rel=\"noopener\"><strong>Audacity<\/strong><\/a>, C\u00e9line Dufresne ;<\/li>\n<li style=\"text-align: justify;\"><strong>Voyages en train et le service <a href=\"https:\/\/fr.wikipedia.org\/wiki\/Airbnb\" target=\"_blank\" rel=\"noopener\">AirBnB<\/a><\/strong>, Pierre Robillard, club Brossard ;<\/li>\n<li><strong>Assembl\u00e9e annuelle des membres<\/strong>, Michel Gagn\u00e9 ;<\/li>\n<li style=\"text-align: justify;\"><strong>Manipulation des documents sur Internet (droits d\u2019auteur)<\/strong>, Pierre Delisle ;<\/li>\n<li><strong>Gestions de comptes <a href=\"https:\/\/fr.wikipedia.org\/wiki\/Microsoft_Windows\" target=\"_blank\" rel=\"noopener\">Windows<\/a><\/strong>, Michel C\u00f4t\u00e9 ;<\/li>\n<li><strong>Am\u00e9lioration de nos photos<\/strong>, Jean Allard ;<\/li>\n<li><a href=\"https:\/\/fr.wikipedia.org\/wiki\/Nomadisme_num%C3%A9rique\" target=\"_blank\" rel=\"noopener\"><strong>Mobilit\u00e9 num\u00e9rique<\/strong><\/a>, Charles Terreault ;<\/li>\n<li><strong>Gestion des <a href=\"https:\/\/fr.wikipedia.org\/wiki\/Mot_de_passe\" target=\"_blank\" rel=\"noopener\">mots de passe<\/a><\/strong>, Sylvain Garneau ;<\/li>\n<li><a href=\"https:\/\/fr.wikipedia.org\/wiki\/Nik_Software#Snapseed\" target=\"_blank\" rel=\"noopener\"><strong>Snapseed<\/strong><\/a>, Jean Allard ;<\/li>\n<li><strong>Manipulations de l\u2019application <a href=\"https:\/\/fr.wikipedia.org\/wiki\/Zoom_Video_Communications\" target=\"_blank\" rel=\"noopener\">Zoom<\/a><\/strong>, Pierre Delisle ;<\/li>\n<li><a href=\"https:\/\/fr.wikipedia.org\/wiki\/Google_Photos\" target=\"_blank\" rel=\"noopener\"><strong>Google Photos<\/strong><\/a>, Jean Allard ;<\/li>\n<li style=\"text-align: justify;\"><strong>Applications disponibles avec <a href=\"https:\/\/fr.wikipedia.org\/wiki\/Android\" target=\"_blank\" rel=\"noopener\">Android<\/a> et <a href=\"https:\/\/fr.wikipedia.org\/wiki\/IOS\" target=\"_blank\" rel=\"noopener\">Apple<\/a><\/strong>, Bruno Fournier\u00a0;<\/li>\n<li><strong><a href=\"https:\/\/fr.wikipedia.org\/wiki\/Domotique\" target=\"_blank\" rel=\"noopener\">Domotique<\/a> et <a href=\"https:\/\/www.hiloenergie.com\/fr-ca\/\" target=\"_blank\" rel=\"noopener\">Hilo<\/a><\/strong>, Germain B\u00e9langer, club Brossard.<\/li>\n<\/ul>\n<h5><em>Merci \u00e0 vous tous<\/em><\/h5>\n<p style=\"text-align: justify;\">Nous tenons \u00e0 remercier toutes les personnes qui ont contribu\u00e9 au bon d\u00e9roulement des s\u00e9ances de l&rsquo;automne 2024 et, en particulier, lors des probl\u00e8mes techniques v\u00e9cus au Chalet Marie-Victorin.<\/p>\n<hr \/>\n<h4>Pr\u00e9sentations de l&rsquo;hiver 2025<\/h4>\n<h5><a href=\"https:\/\/cimbcc.org\/test2\/wp-content\/uploads\/calendrier_serie_facile.pdf\" target=\"_blank\" rel=\"noopener\"><em><strong>S\u00e9rie Facile<\/strong><\/em><\/a><\/h5>\n<p style=\"text-align: justify;\">Pour l&rsquo;hiver 2025, les pr\u00e9sentations de la <em>s\u00e9rie Facile<\/em> reprendront celles de l\u2019automne 2024. Les s\u00e9ances recommenceront en vid\u00e9oconf\u00e9rence \u00e0 partir du <strong><span style=\"color: #ff0000;\">15 janvier 2025<\/span> \u00e0 compter de 19 h 30<\/strong>.<\/p>\n<p style=\"text-align: justify;\">En r\u00e9sum\u00e9, les th\u00e8mes suivants seront abord\u00e9s :<\/p>\n<ul>\n<li><strong><a href=\"https:\/\/fr.wikipedia.org\/wiki\/Virus_informatique\" target=\"_blank\" rel=\"noopener\">Virus<\/a> et <a href=\"https:\/\/fr.wikipedia.org\/wiki\/Logiciel_antivirus\" target=\"_blank\" rel=\"noopener\">antivirus<\/a><\/strong>, Michel Gagn\u00e9 ;<\/li>\n<li><strong><a href=\"https:\/\/fr.wikipedia.org\/wiki\/Hame%C3%A7onnage\" target=\"_blank\" rel=\"noopener\">Hame\u00e7onnage<\/a> et <a href=\"https:\/\/fr.wikipedia.org\/wiki\/Windows_10\" target=\"_blank\" rel=\"noopener\">Windows 10<\/a> et <a href=\"https:\/\/fr.wikipedia.org\/wiki\/Windows_11\" target=\"_blank\" rel=\"noopener\">11<\/a><\/strong>, Michel Gagn\u00e9 ;<\/li>\n<li><strong>Introduction au <a href=\"https:\/\/fr.wikipedia.org\/wiki\/Courrier_%C3%A9lectronique\" target=\"_blank\" rel=\"noopener\">courrier \u00e9lectronique<\/a><\/strong>, Pierre Delisle ;<\/li>\n<li><strong><a href=\"https:\/\/fr.wikipedia.org\/wiki\/Gmail\" target=\"_blank\" rel=\"noopener\">Gmail<\/a><\/strong>, Daniel Vinet ;<\/li>\n<li><a href=\"https:\/\/fr.wikipedia.org\/wiki\/Commerce_en_ligne\" target=\"_blank\" rel=\"noopener\"><strong>Commerce \u00e9lectronique<\/strong><\/a>, Pierre Delisle ;<\/li>\n<li><strong><a href=\"https:\/\/fr.wikipedia.org\/wiki\/S%C3%A9curit%C3%A9_de_l%27information\" target=\"_blank\" rel=\"noopener\">S\u00e9curit\u00e9<\/a> dans les <a href=\"https:\/\/fr.wikipedia.org\/wiki\/Op%C3%A9ration_financi%C3%A8re\" target=\"_blank\" rel=\"noopener\">transactions \u00e9lectroniques<\/a><\/strong>, Michel Gagn\u00e9 ;<\/li>\n<li><strong>Gestion des <a href=\"https:\/\/fr.wikipedia.org\/wiki\/Fichier_informatique\" target=\"_blank\" rel=\"noopener\">fichiers<\/a> et <a href=\"https:\/\/fr.wikipedia.org\/wiki\/R%C3%A9pertoire_(informatique)\" target=\"_blank\" rel=\"noopener\">dossiers<\/a><\/strong>, Francine Couture ;<\/li>\n<li><strong>Le <a href=\"https:\/\/fr.wikipedia.org\/wiki\/Navigateur_web\" target=\"_blank\" rel=\"noopener\">navigateur<\/a> <a href=\"https:\/\/fr.wikipedia.org\/wiki\/Google_Chrome\" target=\"_blank\" rel=\"noopener\">Chrome<\/a><\/strong>, Sylvain Garneau ;<\/li>\n<li><strong>Introduction au <a href=\"https:\/\/fr.wikipedia.org\/wiki\/IPad\" target=\"_blank\" rel=\"noopener\">iPad<\/a><\/strong>, Pierre Delisle.<\/li>\n<\/ul>\n<p style=\"text-align: justify;\">Une s\u00e9ance suppl\u00e9mentaire sera ajout\u00e9e, soit une exploration plus pouss\u00e9e de <a href=\"https:\/\/fr.wikipedia.org\/wiki\/Gmail\" target=\"_blank\" rel=\"noopener\">Gmail<\/a> par Sylvain Garneau.<\/p>\n<h5><em><a href=\"https:\/\/cimbcc.org\/test2\/wp-content\/uploads\/calendrier_serie_decouverte.pdf\" target=\"_blank\" rel=\"noopener\">S\u00e9rie D\u00e9couverte<\/a><\/em><\/h5>\n<p style=\"text-align: justify;\"><strong>Nous vous proposons de nouveaux sujets<\/strong> en mode hybride les vendredis apr\u00e8s-midi au <a href=\"https:\/\/cimbcc.org\/test2\/partage-de-connaissances\/les-presentations-du-mercredi-et-du-vendredi\/chalet-marie-victorin-saint-bruno\" target=\"_blank\" rel=\"noopener\">Chalet Marie-Victorin<\/a> \u00e0 partir du <strong><span style=\"color: #ff0000;\">17 janvier 2025<\/span> \u00e0 13 h 15<\/strong>. La dur\u00e9e des pr\u00e9sentations varie entre deux heures,\u00a0 une heure et trente minutes.<\/p>\n<p>Comme vous pourrez le constater, le menu est copieux :<\/p>\n<ul>\n<li><a href=\"https:\/\/fr.wikipedia.org\/wiki\/R%C3%A9seau_social_(internet)\" target=\"_blank\" rel=\"noopener\"><strong>R\u00e9seaux sociaux<\/strong><\/a>, Daniel Vinet ;<\/li>\n<li><strong>Nouveaut\u00e9s sur <a href=\"https:\/\/fr.wikipedia.org\/wiki\/MacOS\" target=\"_blank\" rel=\"noopener\">macOS<\/a> et <\/strong><a href=\"https:\/\/fr.wikipedia.org\/wiki\/IPadOS\" target=\"_blank\" rel=\"noopener\"><strong>iPadOS<\/strong><\/a>, Daniel Vinet ;<\/li>\n<li><strong><a href=\"https:\/\/fr.wikipedia.org\/wiki\/M%C3%A9moire_de_masse\" target=\"_blank\" rel=\"noopener\">Disques<\/a> pour ordinateurs<\/strong>, Jean-Marie Turcotte ;<\/li>\n<li><strong><a href=\"https:\/\/fr.wikipedia.org\/wiki\/Scratch_(langage)\" target=\"_blank\" rel=\"noopener\">Scratch<\/a>, programmation pour enfants<\/strong>, Michel Gagn\u00e9 ;<\/li>\n<li style=\"text-align: justify;\"><strong>Introduction \u00e0 l\u2019<a href=\"https:\/\/fr.wikipedia.org\/wiki\/Impression_3D\" target=\"_blank\" rel=\"noopener\">impression 3D<\/a> avec l\u2019application <a href=\"https:\/\/fr.wikipedia.org\/wiki\/FreeCAD\" target=\"_blank\" rel=\"noopener\">FreeCAD<\/a><\/strong>, Marc Tremblay ;<\/li>\n<li><a href=\"https:\/\/www.impotexpert.ca\/\" target=\"_blank\" rel=\"noopener\"><strong>Imp\u00f4tExpert<\/strong><\/a>, Alain Parent ;<\/li>\n<li><a href=\"https:\/\/fr.wikipedia.org\/wiki\/Compte_Google\" target=\"_blank\" rel=\"noopener\"><strong>Comptes Google<\/strong><\/a>, Sylvain Garneau ;<\/li>\n<li><strong><a href=\"https:\/\/fr.wikipedia.org\/wiki\/D%C3%A9pannage_informatique\" target=\"_blank\" rel=\"noopener\">D\u00e9pannage informatique<\/a> avec <a href=\"https:\/\/fr.wikipedia.org\/wiki\/Zoom_Video_Communications\" target=\"_blank\" rel=\"noopener\">Zoom<\/a><\/strong>, Pierre Delisle ;<\/li>\n<li><strong><a href=\"https:\/\/fr.wikipedia.org\/wiki\/Windows_11\" target=\"_blank\" rel=\"noopener\">Windows 11<\/a> pour utilisateurs de <a href=\"https:\/\/fr.wikipedia.org\/wiki\/Windows_10\" target=\"_blank\" rel=\"noopener\">Windows 10<\/a><\/strong>, Daniel Vinet ;<\/li>\n<li><strong>Correcteur <a href=\"https:\/\/fr.wikipedia.org\/wiki\/Antidote_(logiciel)\" target=\"_blank\" rel=\"noopener\">Antidote<\/a><\/strong>, Michel Gagn\u00e9 ;<\/li>\n<li><a href=\"https:\/\/fr.wikipedia.org\/wiki\/G%C3%A9n%C3%A9alogie\" target=\"_blank\" rel=\"noopener\"><strong>Retracer ses anc\u00eatres<\/strong><\/a>, Pierre Robillard, club Brossard ;<\/li>\n<li style=\"text-align: justify;\"><strong>Cr\u00e9ation et modifications de ses <a href=\"https:\/\/fr.wikipedia.org\/wiki\/Vid%C3%A9o\" target=\"_blank\" rel=\"noopener\">vid\u00e9os<\/a> personnels<\/strong>, Pierre Delisle\u00a0;<\/li>\n<li><strong>Cha\u00eenes <a href=\"https:\/\/fr.wikipedia.org\/wiki\/YouTube\" target=\"_blank\" rel=\"noopener\">YouTube<\/a><\/strong>, Sylvain Garneau ;<\/li>\n<li><strong>Montage <a href=\"https:\/\/fr.wikipedia.org\/wiki\/Arduino\" target=\"_blank\" rel=\"noopener\">Arduino<\/a><\/strong>, Jean Presne ;<\/li>\n<li><strong>Itin\u00e9raires avec <a href=\"https:\/\/fr.wikipedia.org\/wiki\/Google_Maps\" target=\"_blank\" rel=\"noopener\">Google Maps<\/a><\/strong>, Guy B\u00e9langer ;<\/li>\n<li><strong>Applications de l\u2019<a href=\"https:\/\/fr.wikipedia.org\/wiki\/Intelligence_artificielle\" target=\"_blank\" rel=\"noopener\">intelligence artificielle<\/a><\/strong>, Bruno Fournier ;<\/li>\n<li><strong>Site Web fiable en sant\u00e9<\/strong>, Francine Couture ;<\/li>\n<li><strong>Curiosit\u00e9s informatiques pour enfants<\/strong>, Francine Couture ;<\/li>\n<li><strong>Site <a href=\"https:\/\/fr.wikipedia.org\/wiki\/Babelio\" target=\"_blank\" rel=\"noopener\">Babelio<\/a><\/strong>, Michel Gagn\u00e9 ;<\/li>\n<li><a href=\"https:\/\/fr.wikipedia.org\/wiki\/Lecture_sur_%C3%A9cran\" target=\"_blank\" rel=\"noopener\"><strong>Lecture num\u00e9rique<\/strong><\/a>, Daniel Vinet ;<\/li>\n<li><a href=\"https:\/\/fr.wikipedia.org\/wiki\/Voiture_%C3%A9lectrique\" target=\"_blank\" rel=\"noopener\"><strong>Voitures \u00e9lectriques<\/strong><\/a>, Germain B\u00e9langer, club Brossard.<\/li>\n<\/ul>\n<h5><em>Appel \u00e0 toutes et \u00e0 tous<\/em><\/h5>\n<p style=\"text-align: justify;\">\u00c0 l&rsquo;heure actuelle, <span style=\"color: #ff0000;\">il manque une pr\u00e9sentation de 60 minutes<\/span> pour compl\u00e9ter le calendrier de la s\u00e9rie <em>D\u00e9couverte<\/em> pour l&rsquo;hiver 2025. <strong>Nous esp\u00e9rons donc accueillir une (un) volontaire pour boucler notre saison.<\/strong><\/p>\n<h5><em>Notes de pr\u00e9sentations<\/em><\/h5>\n<p style=\"text-align: justify;\">Nous vous rappelons que vous pouvez acc\u00e9der aux notes et exercices des pr\u00e9sentations \u00e0 l&rsquo;aide du <a href=\"https:\/\/cimbcc.org\/test2\/\" target=\"_blank\" rel=\"noopener\">site Internet du Club<\/a> sous la rubrique <strong>Calendriers et notes de pr\u00e9sentations<\/strong> sous l\u2019onglet\u00a0<strong><a href=\"https:\/\/cimbcc.org\/test2\/wp-content\/uploads\/calendrier_serie_decouverte.pdf\" target=\"_blank\" rel=\"noopener\"><em>s\u00e9rie D\u00e9couverte<\/em><\/a><\/strong>, <a href=\"https:\/\/cimbcc.org\/test2\/wp-content\/uploads\/calendrier_serie_facile.pdf\" target=\"_blank\" rel=\"noopener\"><em><strong>s\u00e9rie Facile<\/strong><\/em><\/a> ou <a href=\"https:\/\/cimbcc.org\/test2\/wp-content\/uploads\/calendrier_archive.pdf\" target=\"_blank\" rel=\"noopener\"><em><strong>Archives<\/strong><\/em><\/a>. Pour l\u2019automne 2024, les notes et exercices se retrouvent sous l\u2019onglet <em>Archives<\/em>.<\/p>\n<hr \/>\n<h4>Remerciements \u00e0 C\u00e9line Dufresne<\/h4>\n<p style=\"text-align: justify;\">Nous tenons \u00e0 remercier C\u00e9line Dufresne, <del>qui quitte l\u2019\u00e9quipe des pr\u00e9sentations<\/del> [svp, voir les commentaires \u00e0 la suite de cet article], pour ses nombreuses contributions :<\/p>\n<ul>\n<li style=\"text-align: justify;\">pour la formation prodigu\u00e9e aux mod\u00e9ratrices et mod\u00e9rateurs ainsi qu&rsquo;aux pr\u00e9sentatrices et pr\u00e9sentateurs ;<\/li>\n<li style=\"text-align: justify;\">pour la pr\u00e9paration de montages PowerPoint d\u2019avant les pr\u00e9sentations et durant les pauses ;<\/li>\n<li style=\"text-align: justify;\">au d\u00e9compte des pr\u00e9sences aux s\u00e9ances.<\/li>\n<\/ul>\n<hr \/>\n<h4>Invitation cordiale<\/h4>\n<p style=\"text-align: justify;\">Nous vous invitons donc \u00e0 assister, nombreuses et nombreux, aux diverses s\u00e9ances qui vous seront propos\u00e9es l\u2019hiver prochain.<\/p>\n<p style=\"text-align: justify;\">En attendant, vous pouvez devenir membre du Club en\u00a0<a href=\"https:\/\/cimbcc.org\/test2\/adhesion-au-club\" target=\"_blank\" rel=\"noopener\">cliquant ici<\/a> sur la\u00a0<a href=\"https:\/\/cimbcc.org\/test2\/\" target=\"_blank\" rel=\"noopener\">page d\u2019accueil<\/a>\u00a0de ce site Web.<\/p>\n<p>Guy B\u00e9langer<\/p>\n","protected":false},"excerpt":{"rendered":"<p>Le d\u00e9but de d\u00e9cembre marque la fin de la saison de l&rsquo;automne 2024 des s\u00e9ries Facile et D\u00e9couverte. Dans cet article, nous vous pr\u00e9sentons un bilan de cette p\u00e9riode et nous voulons vous donner un avant-go\u00fbt des pr\u00e9sentations \u00e0 venir pour l\u2019hiver 2025.<\/p>\n","protected":false},"author":43,"featured_media":0,"comment_status":"open","ping_status":"closed","sticky":false,"template":"","format":"standard","meta":{"footnotes":""},"categories":[402],"tags":[2089,371,370,2196,271,1675,1277],"class_list":["post-51778","post","type-post","status-publish","format-standard","hentry","category-activites-du-club","tag-2024-2025","tag-decouverte","tag-facile","tag-hiver-2025","tag-presentations","tag-presentations-hybrides","tag-videoconference"],"_links":{"self":[{"href":"https:\/\/cimbcc.org\/test2\/wp-json\/wp\/v2\/posts\/51778","targetHints":{"allow":["GET"]}}],"collection":[{"href":"https:\/\/cimbcc.org\/test2\/wp-json\/wp\/v2\/posts"}],"about":[{"href":"https:\/\/cimbcc.org\/test2\/wp-json\/wp\/v2\/types\/post"}],"author":[{"embeddable":true,"href":"https:\/\/cimbcc.org\/test2\/wp-json\/wp\/v2\/users\/43"}],"replies":[{"embeddable":true,"href":"https:\/\/cimbcc.org\/test2\/wp-json\/wp\/v2\/comments?post=51778"}],"version-history":[{"count":32,"href":"https:\/\/cimbcc.org\/test2\/wp-json\/wp\/v2\/posts\/51778\/revisions"}],"predecessor-version":[{"id":51862,"href":"https:\/\/cimbcc.org\/test2\/wp-json\/wp\/v2\/posts\/51778\/revisions\/51862"}],"wp:attachment":[{"href":"https:\/\/cimbcc.org\/test2\/wp-json\/wp\/v2\/media?parent=51778"}],"wp:term":[{"taxonomy":"category","embeddable":true,"href":"https:\/\/cimbcc.org\/test2\/wp-json\/wp\/v2\/categories?post=51778"},{"taxonomy":"post_tag","embeddable":true,"href":"https:\/\/cimbcc.org\/test2\/wp-json\/wp\/v2\/tags?post=51778"}],"curies":[{"name":"wp","href":"https:\/\/api.w.org\/{rel}","templated":true}]}}