{"id":51866,"date":"2024-12-11T14:00:26","date_gmt":"2024-12-11T19:00:26","guid":{"rendered":"https:\/\/cimbcc.org\/test2\/?p=51866"},"modified":"2024-12-11T14:54:02","modified_gmt":"2024-12-11T19:54:02","slug":"echos-du-conseil-dadministration-21-novembre-2024","status":"publish","type":"post","link":"https:\/\/cimbcc.org\/test2\/echos-du-conseil-dadministration-21-novembre-2024\/","title":{"rendered":"\u00c9chos du conseil d&rsquo;administration &#8211; 21 novembre 2024"},"content":{"rendered":"<figure id=\"attachment_51984\" aria-describedby=\"caption-attachment-51984\" style=\"width: 612px\" class=\"wp-caption aligncenter\"><img loading=\"lazy\" decoding=\"async\" class=\"size-full wp-image-51984\" src=\"https:\/\/cimbcc.org\/test2\/wp-content\/uploads\/photo_conseil_dadministration_2024_2025_r1.jpg\" alt=\"\" width=\"612\" height=\"244\" srcset=\"https:\/\/cimbcc.org\/test2\/wp-content\/uploads\/photo_conseil_dadministration_2024_2025_r1.jpg 612w, https:\/\/cimbcc.org\/test2\/wp-content\/uploads\/photo_conseil_dadministration_2024_2025_r1-300x120.jpg 300w\" sizes=\"auto, (max-width: 612px) 100vw, 612px\" \/><figcaption id=\"caption-attachment-51984\" class=\"wp-caption-text\">Dans l&rsquo;ordre habituel : Danielle Barab\u00e9, Nicole Comtois, R\u00e9jean C\u00f4t\u00e9, Bruno Fournier, Michel Gagn\u00e9, Sylvain Garneau, Richard Gervais, Pierre Jutras, Jean Malouin, Sylvie Mazur<\/figcaption><\/figure>\n<p style=\"text-align: justify;\">La s\u00e9ance du 21 novembre a d\u00e9but\u00e9 par l\u2019accueil des nouveaux participants aux r\u00e9unions du conseil d\u2019administration et par l\u2019\u00e9lection de l\u2019ex\u00e9cutif. Ensuite, le conseil a pris le temps n\u00e9cessaire pour s\u2019organiser : partage des responsabilit\u00e9s, parrainage des activit\u00e9s du Club, calendrier annuel des activit\u00e9s.<\/p>\n<p style=\"text-align: justify;\">Apr\u00e8s avoir soulign\u00e9 l\u2019arriv\u00e9e de nouveaux b\u00e9n\u00e9voles et les nouveaux engagements pris par des b\u00e9n\u00e9voles d\u00e9j\u00e0 actifs, les administrateurs ont \u00e9chang\u00e9 sur les moyens qui pourront \u00eatre pris pour recruter les b\u00e9n\u00e9voles n\u00e9cessaires au fonctionnement de certaines activit\u00e9s.<\/p>\n<p style=\"text-align: justify;\">Le probl\u00e8me de r\u00e9ception des messages hebdomadaires par certains membres a aussi \u00e9t\u00e9 trait\u00e9, tout comme les suites \u00e0 donner \u00e0 la <em>Loi\u00a025 sur la protection des renseignements personnels<\/em>.<\/p>\n<p><!--more--><\/p>\n<hr \/>\n<h4><strong>Le conseil d\u2019administration de 2024-2025<\/strong><\/h4>\n<p style=\"text-align: justify;\">Le conseil d\u2019administration est heureux d\u2019accueillir\u00a0:<\/p>\n<ul>\n<li style=\"text-align: justify;\">Richard Gervais qui a \u00e9t\u00e9 \u00e9lu \u00e0 la derni\u00e8re assembl\u00e9e g\u00e9n\u00e9rale (AGA) ;<\/li>\n<li style=\"text-align: justify;\">Bruno Fournier qui a propos\u00e9 son aide depuis la derni\u00e8re AGA et que, conform\u00e9ment au paragraphe\u00a013 des <a href=\"https:\/\/cimbcc.org\/test2\/a-propos-du-club\/reglements-du-club\" target=\"_blank\" rel=\"noopener\"><em>R\u00e8glements g\u00e9n\u00e9raux du Club<\/em><\/a><em>,<\/em> le conseil a nomm\u00e9 comme administrateur pour combler la vacance cr\u00e9\u00e9e par la d\u00e9mission d\u2019un administrateur ;<\/li>\n<li style=\"text-align: justify;\">Francine Girard qui a accept\u00e9 de r\u00e9diger le proc\u00e8s-verbal de cette r\u00e9union.<\/li>\n<\/ul>\n<p style=\"text-align: justify;\">Tous sont \u00e9galement heureux de la r\u00e9\u00e9lection de R\u00e9jean C\u00f4t\u00e9 et Michel Gagn\u00e9 qui ont sollicit\u00e9 le renouvellement de leur mandat d&rsquo;administrateur.<\/p>\n<p style=\"text-align: justify;\">Apr\u00e8s avoir soulign\u00e9 l\u2019apport exceptionnel de R\u00e9jean C\u00f4t\u00e9 qui a assur\u00e9 la pr\u00e9sidence du Club pendant 17\u00a0ans, le conseil a proc\u00e9d\u00e9 \u00e0 l\u2019\u00e9lection du <u>comit\u00e9 ex\u00e9cutif<\/u> pour 2024-2025. Voici les r\u00e9sultats de cette \u00e9lection\u00a0:<\/p>\n<ul style=\"text-align: justify;\">\n<li>Jean Malouin, pr\u00e9sident ;<\/li>\n<li>Michel Gagn\u00e9, vice-pr\u00e9sident ;<\/li>\n<li>Danielle Barab\u00e9, tr\u00e9sori\u00e8re ;<\/li>\n<li>Sylvie Mazur, secr\u00e9taire.<\/li>\n<\/ul>\n<p style=\"text-align: justify;\">Parmi les diff\u00e9rentes t\u00e2ches que se sont partag\u00e9es les membres du conseil, il y a celle de <u>parrain ou marraine<\/u> des diff\u00e9rentes activit\u00e9s du Club. Leur r\u00f4le est d\u2019assurer une communication bidirectionnelle entre le conseil et les b\u00e9n\u00e9voles qui animent ces activit\u00e9s.<\/p>\n<p style=\"text-align: justify;\">Cette premi\u00e8re rencontre apr\u00e8s l\u2019AGA a aussi permis d\u2019\u00e9tablir le <u>calendrier annuel<\/u> des r\u00e9unions du conseil et des activit\u00e9s du Club.<\/p>\n<hr \/>\n<h4 style=\"text-align: justify;\"><strong>B\u00e9n\u00e9voles<\/strong><\/h4>\n<p style=\"text-align: justify;\"><strong>\u00a0<\/strong>Le Club compte deux nouveaux b\u00e9n\u00e9voles\u00a0:<\/p>\n<ul style=\"text-align: justify;\">\n<li>Jocelyne Lepage se joint \u00e0 l\u2019\u00e9quipe des <a href=\"https:\/\/cimbcc.org\/test2\/autres-services\/activites-sociales\" target=\"_blank\" rel=\"noopener\">activit\u00e9s sociales<\/a>.<\/li>\n<li>Ren\u00e9 Lebel fournira de <a href=\"https:\/\/cimbcc.org\/test2\/entraide\/lassistance-avant-les-seances\" target=\"_blank\" rel=\"noopener\">l&rsquo;assistance technique en salle<\/a>.<\/li>\n<\/ul>\n<p style=\"text-align: justify;\">En plus des nouveaux venus au conseil, d\u2019autres b\u00e9n\u00e9voles ont pris de nouveaux engagements\u00a0:<\/p>\n<ul style=\"text-align: justify;\">\n<li>Francine Couture publiera dans le <a href=\"https:\/\/cimbcc.org\/test2\/partage-de-connaissances\/chip\" target=\"_blank\" rel=\"noopener\">CHIP<\/a> une chronique intitul\u00e9e <em>\u00c0 la rencontre de nos b\u00e9n\u00e9voles ;<\/em><\/li>\n<li>Pierre Jutras a accept\u00e9 de prendre la coresponsabilit\u00e9 des activit\u00e9s sociales.<\/li>\n<\/ul>\n<p style=\"text-align: justify;\">Le Club est encore \u00e0 la recherche de quelques b\u00e9n\u00e9voles pour assumer des t\u00e2ches pr\u00e9cises. Parmi les moyens retenus pour combler ces besoins, le conseil transmettra bient\u00f4t un message sp\u00e9cial aux membres afin de solliciter des volontaires.<\/p>\n<hr \/>\n<h4 style=\"text-align: justify;\"><strong>Probl\u00e8me de r\u00e9ception des messages hebdomadaires<\/strong><\/h4>\n<p style=\"text-align: justify;\">Des membres ont communiqu\u00e9 avec la responsable des communications et avec des membres du conseil pour signaler qu\u2019ils ne recevaient plus les messages hebdomadaires annon\u00e7ant les s\u00e9ances de pr\u00e9sentations de la semaine suivante.<\/p>\n<p style=\"text-align: justify;\">Une v\u00e9rification a permis de confirmer que le processus d\u2019exp\u00e9dition par le Club n\u2019est pas en cause. Il semble que le probl\u00e8me puisse \u00eatre d\u00fb \u00e0 une mauvaise man\u0153uvre de la part du membre (comme bloquer par erreur l\u2019exp\u00e9diteur <a href=\"mailto:cimbcc@cimbcc.org\" target=\"_blank\" rel=\"noopener\">cimbcc@cimbcc.org<\/a>) ou, peut-\u00eatre, \u00e0 une adresse de courrier \u00e9lectronique erron\u00e9e ou modifi\u00e9e.<\/p>\n<p style=\"text-align: justify;\">Les s\u00e9ances du mercredi et du vendredi sont suspendues jusqu\u2019\u00e0 la mi-janvier. Si un membre r\u00e9alise qu\u2019il n\u2019a rien re\u00e7u la fin de semaine qui pr\u00e9c\u00e8de le 15\u00a0janvier, il doit d\u2019abord v\u00e9rifier sa bo\u00eete de r\u00e9ception de courriers ind\u00e9sirables et sa liste de correspondants bloqu\u00e9s.\u00a0Pour obtenir de l\u2019aide, il peut ensuite signaler son probl\u00e8me\u00a0:<\/p>\n<ul style=\"text-align: justify;\">\n<li>par courriel \u00e0 <a href=\"mailto:cimbcc@cimbcc.org\">cimbcc@cimbcc.org<\/a>,<\/li>\n<li>en remplissant le formulaire <em>Nous joindre<\/em> accessible en <a href=\"https:\/\/cimbcc.org\/test2\/nous-joindre\/nous-joindre-autres-questions\" target=\"_blank\" rel=\"noopener\">cliquant ici<\/a>,<\/li>\n<li>communiquer avec la responsable des communications au 438\u00a0391-8413,<\/li>\n<li>s\u2019adresser aux b\u00e9n\u00e9voles de l\u2019accueil d\u2019une s\u00e9ance du vendredi apr\u00e8s-midi au <a href=\"https:\/\/cimbcc.org\/test2\/partage-de-connaissances\/les-presentations-du-mercredi-et-du-vendredi\/chalet-marie-victorin-saint-bruno\" target=\"_blank\" rel=\"noopener\">Chalet Marie-Victorin<\/a>.<\/li>\n<\/ul>\n<hr \/>\n<h4 style=\"text-align: justify;\"><strong><em>Loi\u00a025<\/em>\u00a0: nouvelles obligations pour le Club<\/strong><\/h4>\n<p style=\"text-align: justify;\">La <a href=\"https:\/\/www.quebec.ca\/nouvelles\/actualites\/details\/loi-25-sur-la-protection-des-renseignements-personnels-des-citoyens-du-quebec-entree-en-vigueur-de-nouvelles-dispositions-qui-font-du-quebec-un-chef-de-file-mondial-50726\" target=\"_blank\" rel=\"noopener\"><em>Loi\u00a025<\/em><\/a> a \u00e9t\u00e9 adopt\u00e9e pour renforcer la protection des renseignements personnels en r\u00e9ponse aux d\u00e9fis pos\u00e9s par les nouvelles technologies en mati\u00e8re de s\u00e9curit\u00e9 des donn\u00e9es personnelles. Cette loi cr\u00e9e de nouvelles obligations pour le Club qui, par ailleurs, avait d\u00e9j\u00e0 d\u00e9fini comment il entendait se conformer aux lois dans les domaines de la propri\u00e9t\u00e9 intellectuelle et de la protection des renseignements personnels.<\/p>\n<p style=\"text-align: justify;\">Quatre participants au conseil ont assist\u00e9 \u00e0 une activit\u00e9 de formation sur la <em>Loi\u00a025<\/em> en r\u00e9ponse \u00e0 une invitation de la Ville de Saint-Bruno. Ces quatre personnes ont \u00e9t\u00e9 mandat\u00e9es pour d\u00e9finir un projet de plan d\u2019action destin\u00e9 \u00e0 rendre les activit\u00e9s du Club conformes \u00e0 la <em>Loi\u00a025<\/em>. Ce plan d\u2019action sera rapidement soumis au conseil pour son adoption.<\/p>\n<p>Sylvie Mazur<br \/>\nSecr\u00e9taire du conseil d&rsquo;administration<\/p>\n","protected":false},"excerpt":{"rendered":"<p>La s\u00e9ance du 21 novembre a d\u00e9but\u00e9 par l\u2019accueil des nouveaux participants aux r\u00e9unions du conseil d\u2019administration et par l\u2019\u00e9lection de l\u2019ex\u00e9cutif. Ensuite, le conseil a pris le temps n\u00e9cessaire pour s\u2019organiser : partage des responsabilit\u00e9s, parrainage des activit\u00e9s du Club, calendrier annuel des activit\u00e9s. Apr\u00e8s avoir soulign\u00e9 l\u2019arriv\u00e9e de nouveaux b\u00e9n\u00e9voles et les nouveaux &hellip; <a href=\"https:\/\/cimbcc.org\/test2\/echos-du-conseil-dadministration-21-novembre-2024\/\" class=\"more-link\">Continuer la lecture de <span class=\"screen-reader-text\">\u00c9chos du conseil d&rsquo;administration &#8211; 21 novembre 2024<\/span>  <span class=\"meta-nav\">&rarr;<\/span><\/a><\/p>\n","protected":false},"author":43,"featured_media":0,"comment_status":"open","ping_status":"closed","sticky":false,"template":"","format":"standard","meta":{"footnotes":""},"categories":[386],"tags":[126,785,1048,756,2195,2197,943,955],"class_list":["post-51866","post","type-post","status-publish","format-standard","hentry","category-echos-du-conseil-dadministration","tag-benevoles","tag-calendrier","tag-comite-executif","tag-conseil-dadministration","tag-loi-25","tag-marraines","tag-messages-hebdomadaires","tag-parrains"],"_links":{"self":[{"href":"https:\/\/cimbcc.org\/test2\/wp-json\/wp\/v2\/posts\/51866","targetHints":{"allow":["GET"]}}],"collection":[{"href":"https:\/\/cimbcc.org\/test2\/wp-json\/wp\/v2\/posts"}],"about":[{"href":"https:\/\/cimbcc.org\/test2\/wp-json\/wp\/v2\/types\/post"}],"author":[{"embeddable":true,"href":"https:\/\/cimbcc.org\/test2\/wp-json\/wp\/v2\/users\/43"}],"replies":[{"embeddable":true,"href":"https:\/\/cimbcc.org\/test2\/wp-json\/wp\/v2\/comments?post=51866"}],"version-history":[{"count":10,"href":"https:\/\/cimbcc.org\/test2\/wp-json\/wp\/v2\/posts\/51866\/revisions"}],"predecessor-version":[{"id":52936,"href":"https:\/\/cimbcc.org\/test2\/wp-json\/wp\/v2\/posts\/51866\/revisions\/52936"}],"wp:attachment":[{"href":"https:\/\/cimbcc.org\/test2\/wp-json\/wp\/v2\/media?parent=51866"}],"wp:term":[{"taxonomy":"category","embeddable":true,"href":"https:\/\/cimbcc.org\/test2\/wp-json\/wp\/v2\/categories?post=51866"},{"taxonomy":"post_tag","embeddable":true,"href":"https:\/\/cimbcc.org\/test2\/wp-json\/wp\/v2\/tags?post=51866"}],"curies":[{"name":"wp","href":"https:\/\/api.w.org\/{rel}","templated":true}]}}