{"id":52018,"date":"2024-12-18T16:00:54","date_gmt":"2024-12-18T21:00:54","guid":{"rendered":"https:\/\/cimbcc.org\/test2\/?p=52018"},"modified":"2024-12-18T16:30:23","modified_gmt":"2024-12-18T21:30:23","slug":"a-la-rencontre-de-nos-benevoles-deuxieme-volet","status":"publish","type":"post","link":"https:\/\/cimbcc.org\/test2\/a-la-rencontre-de-nos-benevoles-deuxieme-volet\/","title":{"rendered":"\u00c0 la rencontre de nos b\u00e9n\u00e9voles : deuxi\u00e8me volet"},"content":{"rendered":"<figure id=\"attachment_24082\" aria-describedby=\"caption-attachment-24082\" style=\"width: 125px\" class=\"wp-caption aligncenter\"><img loading=\"lazy\" decoding=\"async\" class=\"size-full wp-image-24082\" src=\"https:\/\/cimbcc.org\/test2\/wp-content\/uploads\/photo_couture_francine.jpg\" alt=\"\" width=\"125\" height=\"125\" \/><figcaption id=\"caption-attachment-24082\" class=\"wp-caption-text\"><span style=\"color: #ffffff;\">mmi<\/span>Francine Couture<\/figcaption><\/figure>\n<p style=\"text-align: justify;\">Bienvenue \u00e0 notre deuxi\u00e8me rencontre des b\u00e9n\u00e9voles du CIMBCC. Je vous convie \u00e0 la rencontre d\u2019un des plus anciens b\u00e9n\u00e9voles du Club, celui-ci s\u2019y \u00e9tant joint en 2003. Il a \u00e9t\u00e9 pr\u00e9sident du Club durant 17 ans. Avez-vous devin\u00e9 de qui il s\u2019agit ?<\/p>\n<p><!--more--><\/p>\n<hr \/>\n<p>Bien s\u00fbr, il s\u2019agit de <strong>R\u00e9jean C\u00f4t\u00e9<\/strong>.<\/p>\n<h4>Carri\u00e8re<\/h4>\n<p style=\"text-align: justify;\">\u00c9tant le deuxi\u00e8me d\u2019une famille de 10 enfants, R\u00e9jean n\u2019a pas eu la chance d\u2019\u00e9tudier aussi longtemps qu\u2019il l\u2019aurait souhait\u00e9. \u00c0 l\u2019\u00e2ge de 14 ans, \u00e0 la demande de ses parents, il quitte l\u2019\u00e9cole et int\u00e8gre le march\u00e9 du travail. Tout en travaillant, il termine ses \u00e9tudes secondaires le soir \u00e0 partir de l\u2019\u00e2ge de 20 ans.<\/p>\n<p style=\"text-align: justify;\">Chez Canada Packers, il a travaill\u00e9 12 ans dans l\u2019usine, 8 ans comme livreur de viande et 23 ans comme routier sur des camions-citernes transportant de l\u2019huile v\u00e9g\u00e9tale. Son poste de d\u00e9l\u00e9gu\u00e9 syndical puis de directeur syndical lui a permis de participer \u00e0 des conventions syndicales au niveau provincial et f\u00e9d\u00e9ral ainsi qu\u2019\u00e0 des comit\u00e9s sur la s\u00e9curit\u00e9 au travail et sur le fonds de pension de la compagnie.<\/p>\n<h4>Int\u00e9r\u00eat pour l\u2019informatique<\/h4>\n<p style=\"text-align: justify;\">Comme vous voyez, son travail ne l\u2019a pas vraiment pr\u00e9par\u00e9 \u00e0 devenir instructeur en informatique !<\/p>\n<p style=\"text-align: justify;\">En 1998, il s\u2019int\u00e9resse \u00e0 l\u2019informatique et demande \u00e0 son fils Jonathan, alors \u00e0 l\u2019universit\u00e9, de l\u2019aider \u00e0 s\u2019acheter son premier ordinateur. Jonathan l\u2019initie \u00e0 l\u2019utilisation de son ordinateur, et, \u00e0 l\u2019aide de livres, R\u00e9jean continue en autodidacte son apprentissage de l\u2019informatique.<\/p>\n<p style=\"text-align: justify;\">Durant la m\u00eame p\u00e9riode, il voit un communiqu\u00e9 dans le journal <em>Les Versants<\/em> sur le Club informatique Mont Bruno. Il <a href=\"https:\/\/cimbcc.org\/test2\/adhesion-au-club\" target=\"_blank\" rel=\"noopener\">se joint alors au Club<\/a> pour continuer \u00e0 apprendre. \u00c0 partir des ann\u00e9es 2010 et gr\u00e2ce aux <a href=\"https:\/\/cimbcc.org\/test2\/partage-de-connaissances\/les-ateliers\" target=\"_blank\" rel=\"noopener\">ateliers du Club<\/a>, il approfondit les logiciels PowerPoint, Excel, Word, en plus de ses connaissances sur les cellulaires et les tablettes.<\/p>\n<p style=\"text-align: justify;\">En 2012, dans un atelier donn\u00e9 par Jean Presne sur le d\u00e9veloppement de sites Web, il d\u00e9veloppe un <a href=\"https:\/\/cimbcc.org\/test2\/creations-des-membres-maj\/sites-des-membres\/rejean-cote\" target=\"_blank\" rel=\"noopener\">site Web sur ses voyages en ski alpin<\/a>.<\/p>\n<p style=\"text-align: justify;\">En plus de la <a href=\"https:\/\/cimbcc.org\/test2\/a-propos-du-club\/histoire-du-club\/liste-chronologique-des-presidentes\" target=\"_blank\" rel=\"noopener\">pr\u00e9sidence du Club<\/a>, R\u00e9jean a \u00e9t\u00e9 tr\u00e8s actif comme b\u00e9n\u00e9vole au CIMBCC. Il a donn\u00e9 des <a href=\"https:\/\/cimbcc.org\/test2\/partage-de-connaissances\/familiarisation-a-linternet\" target=\"_blank\" rel=\"noopener\">cours d\u2019initiation \u00e0 l\u2019informatique<\/a> dans les biblioth\u00e8ques de Saint-Bruno et Saint-Basile de 2005 \u00e0 2009.<\/p>\n<figure id=\"attachment_35278\" aria-describedby=\"caption-attachment-35278\" style=\"width: 125px\" class=\"wp-caption alignleft\"><img loading=\"lazy\" decoding=\"async\" class=\"size-full wp-image-35278\" src=\"https:\/\/cimbcc.org\/test2\/wp-content\/uploads\/photo_cote_rejean.jpg\" alt=\"\" width=\"125\" height=\"125\" \/><figcaption id=\"caption-attachment-35278\" class=\"wp-caption-text\"><span style=\"color: #ffffff;\">mmim<\/span>R\u00e9jean C\u00f4t\u00e9<\/figcaption><\/figure>\n<p style=\"text-align: justify;\">Avec Michel Gagn\u00e9 et Andr\u00e9 Charest, il participe \u00e0 l\u2019\u00e9laboration du contenu de la <a href=\"https:\/\/cimbcc.org\/test2\/wp-content\/uploads\/calendrier_serie_facile.pdf\" target=\"_blank\" rel=\"noopener\"><em>s\u00e9rie Facile<\/em><\/a>. R\u00e9jean insiste d\u2019ailleurs pour que je mentionne que Michel a \u00e9t\u00e9 son mentor au Club.<\/p>\n<p style=\"text-align: justify;\">Il a \u00e9t\u00e9 <a href=\"https:\/\/cimbcc.org\/test2\/partage-de-connaissances\/les-presentations-du-mercredi-et-du-vendredi\" target=\"_blank\" rel=\"noopener\">pr\u00e9sentateur dans les <em>s\u00e9ries Facile<\/em> et <em>D\u00e9couverte<\/em><\/a> de 2006 \u00e0 2022. Il a \u00e9t\u00e9 responsable du <a href=\"https:\/\/cimbcc.org\/test2\/entraide\/lassistance-a-domicile\" target=\"_blank\" rel=\"noopener\">d\u00e9pannage \u00e0 domicile<\/a> de 2006 \u00e0 2024. M\u00eame s\u2019il a d\u00e9missionn\u00e9 de son poste de pr\u00e9sident en 2024, il demeure <a href=\"https:\/\/cimbcc.org\/test2\/a-propos-du-club\/nos-activites\/conseil-dadministration\" target=\"_blank\" rel=\"noopener\">membre du conseil d\u2019administration<\/a> du Club.<\/p>\n<p style=\"text-align: justify;\">R\u00e9jean nous dit que <em>\u00ab le Club informatique a contribu\u00e9 autant \u00e0 sa progression en informatique qu\u2019\u00e0 son \u00e9volution personnelle et que ce fut tr\u00e8s valorisant d\u2019aider les membres du Club \u00bb<\/em>.<\/p>\n<h4>Autres int\u00e9r\u00eats<\/h4>\n<p style=\"text-align: justify;\">Apr\u00e8s une chirurgie pour une hernie discale \u00e0 l\u2019\u00e2ge de 42 ans, son m\u00e9decin lui recommande de faire de l\u2019exercice, recommandation qu\u2019il suit religieusement. En se levant le matin, il fait 20 minutes d\u2019exercices, puis il d\u00e9jeune et part pour une marche de 30 minutes. \u00c0 son retour, un petit caf\u00e9 pour relaxer et la journ\u00e9e commence.<\/p>\n<p style=\"text-align: justify;\">Il joue au golf depuis longtemps et, \u00e0 l\u2019\u00e2ge de 50 ans, il s\u2019est mis \u00e0 la pratique du ski alpin, pratiquant r\u00e9guli\u00e8rement ces sports et organisant des rencontres de golf et de ski avec ses amis. Les voyages de ski \u00e0 Whistler, au Colorado et dans les Alpes ont fait partie de sa vie. Pour \u00e9viter de se blesser, il a arr\u00eat\u00e9 de ski alpin il y a deux ans.<\/p>\n<p style=\"text-align: justify;\">Il a voyag\u00e9 aussi pour voir son fils qui demeure en Suisse et en a profit\u00e9 pour visiter plusieurs pays en Europe. Il lit romans et biographies, aime la musique et suit occasionnellement des cours \u00e0 l\u2019<a href=\"https:\/\/www.usherbrooke.ca\/uta\/prog\/monteregie\/mtg\" target=\"_blank\" rel=\"noopener\">Universit\u00e9 du Troisi\u00e8me \u00c2ge<\/a>.<\/p>\n<p style=\"text-align: justify;\">Jusqu\u2019en octobre dernier, il demeurait dans sa maison \u00e0 Saint-Bruno. Trouvant la charge de travail d\u2019entretien de sa maison trop lourde, il se d\u00e9cide \u00e0 d\u00e9m\u00e9nager dans une r\u00e9sidence pour personnes \u00e2g\u00e9es. R\u00e9jean voulait un appartement en coin avec beaucoup de lumi\u00e8re et cette contrainte l\u2019am\u00e8ne \u00e0 Saint-Hyacinthe. Dans sa nouvelle r\u00e9sidence, il participe aux cours de conditionnement physique, aux activit\u00e9s de yoga sur chaise, \u00e0 la gymnastique du cerveau, aux quilles et au billard.<\/p>\n<p style=\"text-align: justify;\">Voil\u00e0 ce que j\u2019appelle une vie bien remplie. R\u00e9jean, tu m\u00e9rites toute mon admiration pour ta d\u00e9termination et ta r\u00e9silience. Un mod\u00e8le pour nous tous.<\/p>\n<hr \/>\n<p>Joyeux temps des F\u00eates \u00e0 toutes et tous et au plaisir de vous retrouver en 2025.<\/p>\n<p>Francine Couture<\/p>\n","protected":false},"excerpt":{"rendered":"<p>Bienvenue \u00e0 notre deuxi\u00e8me rencontre des b\u00e9n\u00e9voles du CIMBCC. Je vous convie \u00e0 la rencontre d\u2019un des plus anciens b\u00e9n\u00e9voles du Club, celui-ci s\u2019y \u00e9tant joint en 2003. Il a \u00e9t\u00e9 pr\u00e9sident du Club durant 17 ans. Avez-vous devin\u00e9 de qui il s\u2019agit ?<\/p>\n","protected":false},"author":43,"featured_media":0,"comment_status":"open","ping_status":"closed","sticky":false,"template":"","format":"standard","meta":{"footnotes":""},"categories":[2185],"tags":[126,2188,2187,1036,2207,2206],"class_list":["post-52018","post","type-post","status-publish","format-standard","hentry","category-a-la-decouverte-de-nos-benevoles","tag-benevoles","tag-carriere","tag-portrait","tag-presentateurs","tag-president","tag-rejean-cote"],"_links":{"self":[{"href":"https:\/\/cimbcc.org\/test2\/wp-json\/wp\/v2\/posts\/52018","targetHints":{"allow":["GET"]}}],"collection":[{"href":"https:\/\/cimbcc.org\/test2\/wp-json\/wp\/v2\/posts"}],"about":[{"href":"https:\/\/cimbcc.org\/test2\/wp-json\/wp\/v2\/types\/post"}],"author":[{"embeddable":true,"href":"https:\/\/cimbcc.org\/test2\/wp-json\/wp\/v2\/users\/43"}],"replies":[{"embeddable":true,"href":"https:\/\/cimbcc.org\/test2\/wp-json\/wp\/v2\/comments?post=52018"}],"version-history":[{"count":10,"href":"https:\/\/cimbcc.org\/test2\/wp-json\/wp\/v2\/posts\/52018\/revisions"}],"predecessor-version":[{"id":52071,"href":"https:\/\/cimbcc.org\/test2\/wp-json\/wp\/v2\/posts\/52018\/revisions\/52071"}],"wp:attachment":[{"href":"https:\/\/cimbcc.org\/test2\/wp-json\/wp\/v2\/media?parent=52018"}],"wp:term":[{"taxonomy":"category","embeddable":true,"href":"https:\/\/cimbcc.org\/test2\/wp-json\/wp\/v2\/categories?post=52018"},{"taxonomy":"post_tag","embeddable":true,"href":"https:\/\/cimbcc.org\/test2\/wp-json\/wp\/v2\/tags?post=52018"}],"curies":[{"name":"wp","href":"https:\/\/api.w.org\/{rel}","templated":true}]}}