{"id":52108,"date":"2024-12-31T10:00:53","date_gmt":"2024-12-31T15:00:53","guid":{"rendered":"https:\/\/cimbcc.org\/test2\/?p=52108"},"modified":"2024-12-31T10:15:18","modified_gmt":"2024-12-31T15:15:18","slug":"standardisation-vers-les-chargeurs-usb-c-et-esim-gratuite-ou-a-rabais-avec-certaines-cartes-visa","status":"publish","type":"post","link":"https:\/\/cimbcc.org\/test2\/standardisation-vers-les-chargeurs-usb-c-et-esim-gratuite-ou-a-rabais-avec-certaines-cartes-visa\/","title":{"rendered":"Standardisation vers les chargeurs USB-C et eSIM gratuite ou \u00e0 rabais avec certaines cartes Visa"},"content":{"rendered":"<figure id=\"attachment_24081\" aria-describedby=\"caption-attachment-24081\" style=\"width: 125px\" class=\"wp-caption aligncenter\"><img loading=\"lazy\" decoding=\"async\" class=\"size-full wp-image-24081\" src=\"https:\/\/cimbcc.org\/test2\/wp-content\/uploads\/photo_charron_denis.jpg\" alt=\"\" width=\"125\" height=\"125\" \/><figcaption id=\"caption-attachment-24081\" class=\"wp-caption-text\"><span style=\"color: #ffffff;\">mmm<\/span>Denis Charron<\/figcaption><\/figure>\n<p style=\"text-align: justify;\">Il sera question dans cet article de :<\/p>\n<ul>\n<li style=\"text-align: justify;\">standardisation vers les chargeurs USB-C &#8211; une bonne nouvelle pour la plan\u00e8te ;<\/li>\n<li style=\"text-align: justify;\">eSIM gratuite ou \u00e0 rabais avec certaines cartes Visa.<\/li>\n<\/ul>\n<p><!--more--><\/p>\n<hr \/>\n<h4 style=\"text-align: justify;\">Standardisation vers les chargeurs USB-C &#8211; une bonne nouvelle pour la plan\u00e8te<\/h4>\n<p style=\"text-align: justify;\">La loi obligeant les fabricants d&rsquo;appareils informatiques grand public \u00e0 utiliser uniquement le port <a href=\"https:\/\/fr.wikipedia.org\/wiki\/USB_Type-C\" target=\"_blank\" rel=\"noopener\">USB-C<\/a> sur tous leurs appareils dans l&rsquo;<a href=\"https:\/\/fr.wikipedia.org\/wiki\/Union_europ%C3%A9enne\" target=\"_blank\" rel=\"noopener\">Union europ\u00e9enne<\/a> vient d&rsquo;entrer en vigueur.<\/p>\n<p style=\"text-align: justify;\">Comme l&rsquo;explique <a href=\"https:\/\/www.lapresse.ca\/affaires\/techno\/2024-12-28\/reduction-des-couts-et-du-gaspillage\/entree-en-vigueur-des-regles-europeennes-sur-les-chargeurs-universels.php\" target=\"_blank\" rel=\"noopener\">cet article<\/a> de <em>La Presse<\/em>, il n&rsquo;y aura donc qu&rsquo;un seul type de chargeur pour tous les appareils, ce qui permettra d&rsquo;\u00e9viter le gaspillage engendr\u00e9 par l&rsquo;obligation d&rsquo;en poss\u00e9der plusieurs mod\u00e8les diff\u00e9rents. Apple a longtemps r\u00e9sist\u00e9, mais s&rsquo;est finalement conform\u00e9. L&rsquo;Am\u00e9rique du Nord risque de suivre \u00e0 moyen terme.<\/p>\n<hr \/>\n<h4 style=\"text-align: justify;\">eSIM gratuite ou \u00e0 rabais avec certaines cartes Visa<\/h4>\n<p style=\"text-align: justify;\">Selon <a href=\"https:\/\/www.lapresse.ca\/affaires\/techno\/2024-12-26\/vie-numerique\/clins-d-oeil.php\" target=\"_blank\" rel=\"noopener\">cet autre article<\/a> de <em>La Presse<\/em>, voici une bonne nouvelle pour les voyageurs poss\u00e9dant une carte <a href=\"https:\/\/fr.wikipedia.org\/wiki\/Visa_(entreprise)\" target=\"_blank\" rel=\"noopener\">Visa<\/a>. Selon le type de carte de cr\u00e9dit, cette entreprise offre une carte <a href=\"https:\/\/fr.wikipedia.org\/wiki\/ESIM\" target=\"_blank\" rel=\"noopener\">eSIM<\/a> gratuite ou des rabais sur de telles cartes utilisables \u00e0 l&rsquo;ext\u00e9rieur du Canada.<\/p>\n<p>Denis Charron<\/p>\n","protected":false},"excerpt":{"rendered":"<p>Il sera question dans cet article de : standardisation vers les chargeurs USB-C &#8211; une bonne nouvelle pour la plan\u00e8te ; eSIM gratuite ou \u00e0 rabais avec certaines cartes Visa.<\/p>\n","protected":false},"author":43,"featured_media":0,"comment_status":"open","ping_status":"closed","sticky":false,"template":"","format":"standard","meta":{"footnotes":""},"categories":[403],"tags":[132,1863,1694,1378,2208],"class_list":["post-52108","post","type-post","status-publish","format-standard","hentry","category-applications","tag-cartes-de-credit","tag-esim","tag-union-europeenne","tag-usb-c","tag-visa"],"_links":{"self":[{"href":"https:\/\/cimbcc.org\/test2\/wp-json\/wp\/v2\/posts\/52108","targetHints":{"allow":["GET"]}}],"collection":[{"href":"https:\/\/cimbcc.org\/test2\/wp-json\/wp\/v2\/posts"}],"about":[{"href":"https:\/\/cimbcc.org\/test2\/wp-json\/wp\/v2\/types\/post"}],"author":[{"embeddable":true,"href":"https:\/\/cimbcc.org\/test2\/wp-json\/wp\/v2\/users\/43"}],"replies":[{"embeddable":true,"href":"https:\/\/cimbcc.org\/test2\/wp-json\/wp\/v2\/comments?post=52108"}],"version-history":[{"count":4,"href":"https:\/\/cimbcc.org\/test2\/wp-json\/wp\/v2\/posts\/52108\/revisions"}],"predecessor-version":[{"id":52113,"href":"https:\/\/cimbcc.org\/test2\/wp-json\/wp\/v2\/posts\/52108\/revisions\/52113"}],"wp:attachment":[{"href":"https:\/\/cimbcc.org\/test2\/wp-json\/wp\/v2\/media?parent=52108"}],"wp:term":[{"taxonomy":"category","embeddable":true,"href":"https:\/\/cimbcc.org\/test2\/wp-json\/wp\/v2\/categories?post=52108"},{"taxonomy":"post_tag","embeddable":true,"href":"https:\/\/cimbcc.org\/test2\/wp-json\/wp\/v2\/tags?post=52108"}],"curies":[{"name":"wp","href":"https:\/\/api.w.org\/{rel}","templated":true}]}}