{"id":52121,"date":"2025-01-04T08:00:54","date_gmt":"2025-01-04T13:00:54","guid":{"rendered":"https:\/\/cimbcc.org\/test2\/?p=52121"},"modified":"2025-01-05T10:30:41","modified_gmt":"2025-01-05T15:30:41","slug":"tendances-2025-partie-1-pour-les-boomers","status":"publish","type":"post","link":"https:\/\/cimbcc.org\/test2\/tendances-2025-partie-1-pour-les-boomers\/","title":{"rendered":"Tendances 2025 : partie 1 \u2013 pour les boomers"},"content":{"rendered":"<figure id=\"attachment_52123\" aria-describedby=\"caption-attachment-52123\" style=\"width: 157px\" class=\"wp-caption aligncenter\"><img loading=\"lazy\" decoding=\"async\" class=\"size-full wp-image-52123\" src=\"https:\/\/cimbcc.org\/test2\/wp-content\/uploads\/photo_delisle_nostra_delis.jpg\" alt=\"\" width=\"157\" height=\"125\" \/><figcaption id=\"caption-attachment-52123\" class=\"wp-caption-text\"><span style=\"color: #ffffff;\">mmmmm<\/span>NostraDelis<\/figcaption><\/figure>\n<p style=\"text-align: justify;\">Dans cette courte s\u00e9rie de deux articles, <em>NostraDelis<\/em> sort sa boule de cristal pour tenter l\u2019ambitieux projet de pr\u00e9voir les tendances num\u00e9riques pour l\u2019ann\u00e9e 2025. Naturellement, \u00e0 notre \u00e9poque, cet objet magique est connect\u00e9 \u00e0 un outil mythique qui peut porter plusieurs noms, www, la toile ou Internet. Google influencera grandement les visions.<\/p>\n<p style=\"text-align: justify;\">Dans cette premi\u00e8re partie, nous nous attarderons sur les avanc\u00e9es num\u00e9riques pr\u00e9vues pour la g\u00e9n\u00e9ration des <a href=\"https:\/\/fr.wikipedia.org\/wiki\/Baby_boomer\" target=\"_blank\" rel=\"noopener\">boomers<\/a>, ma g\u00e9n\u00e9ration. Dans une seconde partie, nous prendrons du recul avec des pr\u00e9visions plus g\u00e9n\u00e9rales.<\/p>\n<p><!--more--><\/p>\n<hr \/>\n<h4 style=\"text-align: justify;\">Vers un rattrapage de l\u2019\u00e9quipement et des usages des outils num\u00e9riques<\/h4>\n<p style=\"text-align: justify;\">La fracture entre les plus jeunes et les boomers tend \u00e0 se r\u00e9duire sur la toile, selon <a href=\"https:\/\/bienvivreledigital.orange.fr\/societe\/egalite-numerique\/la-fracture-numerique-entre-les-jeunes-et-les-seniors-se-reduit.html\" target=\"_blank\" rel=\"noopener\">cette source<\/a> : \u00ab <em>Nous assistons \u00e0 une homog\u00e9n\u00e9isation des usages digitaux qui s&rsquo;\u00e9tend \u00e0 toutes les g\u00e9n\u00e9rations. \u00bb<\/em><strong>\u00a0<\/strong><\/p>\n<p style=\"text-align: justify;\">Une grande majorit\u00e9 de personnes a\u00een\u00e9es (86%) est d\u2019avis que le num\u00e9rique peut aider \u00e0 am\u00e9liorer leur qualit\u00e9 de vie en\u00a0:<\/p>\n<ul>\n<li style=\"text-align: justify;\">brisant l\u2019isolement ;<\/li>\n<li style=\"text-align: justify;\">favorisant les interactions sociales ;<\/li>\n<li style=\"text-align: justify;\">facilitant l\u2019acc\u00e8s aux services de sant\u00e9, sociaux ou gouvernementaux ;<\/li>\n<li style=\"text-align: justify;\">am\u00e9liorant le bien-\u00eatre et le confort \u00e0 domicile ;<\/li>\n<li style=\"text-align: justify;\">facilitant les d\u00e9placements ;<\/li>\n<li style=\"text-align: justify;\">renfor\u00e7ant le sentiment de s\u00e9curit\u00e9 \u00e0 domicile.<\/li>\n<\/ul>\n<p style=\"text-align: justify;\">S\u2019il existe toujours un foss\u00e9 s\u00e9parant les boomers de la <a href=\"https:\/\/fr.wikipedia.org\/wiki\/G%C3%A9n%C3%A9ration_Z\" target=\"_blank\" rel=\"noopener\">g\u00e9n\u00e9ration Z<\/a> en ce qui concerne l\u2019utilisation du num\u00e9rique, c\u2019est davantage une question de culture que de savoir<strong>.<\/strong> La part des 50 \u00e0 75 ans ma\u00eetrisant les outils num\u00e9riques va s\u2019accro\u00eetre par un effet de g\u00e9n\u00e9ration. En effet, les Z vont se distinguer des cohortes qui les ont pr\u00e9c\u00e9d\u00e9es, d\u2019une part parce qu\u2019ils ont utilis\u00e9 les outils num\u00e9riques plus t\u00f4t que leurs a\u00een\u00e9s, notamment durant leur vie professionnelle, et d\u2019autre part parce qu\u2019ils ont un niveau de scolarit\u00e9 plus \u00e9lev\u00e9, ce qui va faciliter leur apprentissage des nouveaux usages.<\/p>\n<hr \/>\n<h4>Utilisation de l\u2019Internet<\/h4>\n<p style=\"text-align: justify;\">D&rsquo;apr\u00e8s <a href=\"https:\/\/transformation-numerique.ulaval.ca\/enquetes-et-mesures\/netendances\/portait-des-personnes-ainees-connectees-au-quebec-2023\/\" target=\"_blank\" rel=\"noopener\">cette source<\/a>, au-del\u00e0 de 85% des personnes a\u00een\u00e9es qu\u00e9b\u00e9coises sont maintenant connect\u00e9s \u00e0 Internet et 82% l\u2019utilisent quotidiennement, <a href=\"https:\/\/www.ovs-oas.org\/2024\/08\/14\/le-numerique-nest-pas-pour-moi\/\" target=\"_blank\" rel=\"noopener\">notamment pour<\/a> :<\/p>\n<ul>\n<li style=\"text-align: justify;\">s\u2019informer ;<\/li>\n<li style=\"text-align: justify;\">se divertir ;<\/li>\n<li style=\"text-align: justify;\">faire entendre leur voix ;<\/li>\n<li style=\"text-align: justify;\">apprendre ;<\/li>\n<li style=\"text-align: justify;\">participer socialement ;<\/li>\n<li style=\"text-align: justify;\">briser leur isolement ;<\/li>\n<li style=\"text-align: justify;\">avoir un meilleur acc\u00e8s aux soins de sant\u00e9 ou aux services essentiels<strong>.<\/strong><\/li>\n<\/ul>\n<p style=\"text-align: justify;\">Toutefois, l\u2019utilisation quotidienne du num\u00e9rique demeure moins fr\u00e9quente chez les personnes \u00e2g\u00e9es de 65 ans ou plus que chez les autres adultes qu\u00e9b\u00e9cois. Elle est encore plus basse chez les gens de plus de 75 ans. Une majorit\u00e9 de personnes dite a\u00een\u00e9e (86%) est d\u2019avis que le num\u00e9rique peut aider \u00e0 am\u00e9liorer leur qualit\u00e9 de vie.<\/p>\n<p style=\"text-align: justify;\">En France, 81% des s\u00e9niors se connectent chaque mois sur Internet. Quel est l\u2019outil qu\u2019ils utilisent le plus ? Eh bien ! Surprenamment, 57% du temps pass\u00e9 en ligne se fait \u00e0 l&rsquo;aide du t\u00e9l\u00e9phone intelligent, contre 29% avec l\u2019ordinateur et 15% pour les tablettes, selon <a href=\"https:\/\/bienvivreledigital.orange.fr\/societe\/egalite-numerique\/la-fracture-numerique-entre-les-jeunes-et-les-seniors-se-reduit.html\" target=\"_blank\" rel=\"noopener\">cette r\u00e9f\u00e9rence<\/a><strong>. <\/strong>Le Qu\u00e9bec \u00e9tant souvent l\u00e9g\u00e8rement en retrait en mati\u00e8re technologique par rapport \u00e0 la France, on peut s\u2019attendre \u00e0 ce que des chiffres \u00e9quivalents soient atteints en 2025.<\/p>\n<hr \/>\n<h4 style=\"text-align: justify;\">S\u2019informer plut\u00f4t que communiquer<\/h4>\n<p style=\"text-align: justify;\">L\u2019activit\u00e9 principale de notre g\u00e9n\u00e9ration semble \u00eatre la recherche d\u2019informations. En effet, 44% disent <em>\u00ab\u00a0Consulter l\u2019actualit\u00e9\u00a0\u00bb<\/em> quotidiennement, comparativement \u00e0 17% pour <em>\u00ab\u00a0Regarder du contenu vid\u00e9o gratuit\u00a0\u00bb<\/em> ou 13% pour <em>\u00ab\u00a0Consulter, publier ou partager du contenu sur un ou plusieurs r\u00e9seaux sociaux\u00a0\u00bb<\/em>.<\/p>\n<p style=\"text-align: justify;\">En 2025, il devrait y avoir une augmentation du pourcentage li\u00e9 \u00e0 la consultation de l\u2019actualit\u00e9 et le partage ou la publication de contenu demeurera \u00e0 son niveau actuel.<\/p>\n<hr \/>\n<h4 style=\"text-align: justify;\">Les assistants vocaux<\/h4>\n<p style=\"text-align: justify;\">Le d\u00e9veloppement des technologies d\u2019assistance vocale, comme les <a href=\"https:\/\/fr.wikipedia.org\/wiki\/Enceinte_connect%C3%A9e\" target=\"_blank\" rel=\"noopener\">enceintes connect\u00e9es<\/a>, devrait ouvrir l\u2019usage des outils num\u00e9riques \u00e0 des utilisateurs peu habitu\u00e9s \u00e0 utiliser de telles m\u00e9thodes. Le fait d\u2019avoir moins de manipulation et de reprendre la m\u00e9taphore \u00ab <em>je te parle, tu me r\u00e9ponds<\/em>\u00a0\u00bb facilite l\u2019entr\u00e9e au num\u00e9rique, tout en d\u00e9montrant plusieurs de ses possibilit\u00e9s.<\/p>\n<hr \/>\n<h4>Les achats en ligne \u00e0 l\u2019horizon 2025<\/h4>\n<p style=\"text-align: justify;\">Quoiqu\u2019en 2023, seulement 34% des adultes \u00e2g\u00e9s de 65 ans et plus aient fait des achats en ligne, ce chiffre a grimp\u00e9 en 2024 et continuera d&rsquo;augmenter cette ann\u00e9e, au d\u00e9triment des \u00e9tablissements physiques.<\/p>\n<hr \/>\n<h4 style=\"text-align: justify;\">T\u00e9l\u00e9sant\u00e9 : r\u00e9volutionner la prestation des soins de sant\u00e9<\/h4>\n<p style=\"text-align: justify;\">En 2023, 65 % des personnes a\u00een\u00e9es ont utilis\u00e9 Internet pour s\u2019occuper de leur sant\u00e9, soit une augmentation de 6 points de pourcentage depuis 2022. Les 85 % des personnes a\u00een\u00e9es poss\u00e9dant un appareil mobile et l&rsquo;ayant utilis\u00e9 avec une application pour suivre leur sant\u00e9 et leur bien-\u00eatre annoncent leur intention de continuer de le faire. Les valeurs pour 2024 ne sont pas encore disponibles, mais votre proph\u00e8te <em>NostraDelis<\/em> pr\u00e9voit une hausse dans la m\u00eame direction.<\/p>\n<p style=\"text-align: justify;\"><img loading=\"lazy\" decoding=\"async\" class=\" wp-image-52129 alignright\" src=\"https:\/\/cimbcc.org\/test2\/wp-content\/uploads\/chip_2025_01_tendances_1.jpg\" alt=\"\" width=\"201\" height=\"201\" srcset=\"https:\/\/cimbcc.org\/test2\/wp-content\/uploads\/chip_2025_01_tendances_1.jpg 320w, https:\/\/cimbcc.org\/test2\/wp-content\/uploads\/chip_2025_01_tendances_1-300x300.jpg 300w, https:\/\/cimbcc.org\/test2\/wp-content\/uploads\/chip_2025_01_tendances_1-150x150.jpg 150w, https:\/\/cimbcc.org\/test2\/wp-content\/uploads\/chip_2025_01_tendances_1-125x125.jpg 125w\" sizes=\"auto, (max-width: 201px) 100vw, 201px\" \/>Les ressources en sant\u00e9 montrant des insuffisances dans de nombreuses r\u00e9gions, cette lacune incitera plusieurs boomers \u00e0 avoir recours \u00e0 la t\u00e9l\u00e9m\u00e9decine afin d\u2019acc\u00e9l\u00e9rer leur prise en charge m\u00e9dicale, tout en r\u00e9duisant le stress li\u00e9 aux d\u00e9placements et les co\u00fbts pour la collectivit\u00e9. Cette solution leur permettrait d&rsquo;avoir acc\u00e8s \u00e0 des sp\u00e9cialistes consultant \u00e0 distance.<\/p>\n<p style=\"text-align: justify;\">Compte tenu de notre \u00e2ge de plus en plus avanc\u00e9, nous nous sentons concern\u00e9s par les questions de sant\u00e9.\u00a0 Entre autres, nous nous int\u00e9ressons de plus en plus aux <a href=\"https:\/\/fr.wikipedia.org\/wiki\/Internet_des_objets\" target=\"_blank\" rel=\"noopener\">objets connect\u00e9s<\/a>, qu\u2019il s\u2019agisse d\u2019outils concernant la pr\u00e9vention ou la gestion de notre \u00e9tat et des pathologies existantes.<\/p>\n<h5><a href=\"https:\/\/fr.wikipedia.org\/wiki\/Internet_des_objets\" target=\"_blank\" rel=\"noopener\"><em>Internet des objets (IoT) <\/em><\/a><em>et le <a href=\"https:\/\/fr.wikipedia.org\/wiki\/E-sant%C3%A9\" target=\"_blank\" rel=\"noopener\">e-sant\u00e9<\/a><\/em><\/h5>\n<p style=\"text-align: justify;\"><img loading=\"lazy\" decoding=\"async\" class=\"size-full wp-image-52130 alignright\" src=\"https:\/\/cimbcc.org\/test2\/wp-content\/uploads\/chip_2025_01_tendances_2.jpg\" alt=\"\" width=\"214\" height=\"204\" \/>On parle d\u2019objets connect\u00e9s, \u00e0 partir du moment o\u00f9 ceux-ci traitent et g\u00e9n\u00e8rent eux-m\u00eames des informations avant de les transmettre \u00e0 un serveur pour une utilisation ult\u00e9rieure.<\/p>\n<p style=\"text-align: justify;\">Nous sommes encore loin des robots interactifs et des assistants intelligents, les exp\u00e9rimentations d\u00e9j\u00e0 men\u00e9es dans ce champ ouvrent toutefois de belles perspectives \u00e0 plus long terme, notamment pour informer, diriger et soutenir les soignants dans certaines de leurs t\u00e2ches. De plus, si nous ajoutons \u00e0 cela que ces visites virtuelles engendreront moins de d\u00e9placements, cela nous permettra ainsi de demeurer dans le confort de notre maison. Le fait de requ\u00e9rir une visite \u00e0 domicile seulement lorsqu\u2019un indicateur sera au rouge permettra d\u2019offrir plus de latitude aux intervenants. En compl\u00e9ment \u00e0 ces sp\u00e9cialistes, les aidants naturels pourront \u00eatre alert\u00e9s en cas de difficult\u00e9s rencontr\u00e9es par leurs parents, conjoints ou connaissances lorsque ceux-ci b\u00e9n\u00e9ficieront d\u2019objets connect\u00e9s.<\/p>\n<p style=\"text-align: justify;\">La crainte du partage des donn\u00e9es pourrait toutefois constituer un frein, mais elle pourrait cependant \u00eatre minimis\u00e9e si les int\u00e9ress\u00e9s voyaient plut\u00f4t l\u2019utilit\u00e9 quotidienne \u00e0 recourir \u00e0 ces objets en mati\u00e8re de confort de vie et de s\u00e9curit\u00e9.<\/p>\n<p style=\"text-align: justify;\">M\u00eame si leur aboutissement surviendra bien au-del\u00e0 de 2025, de nombreuses graines continueront \u00e0 \u00eatre sem\u00e9es en cette ann\u00e9e, notamment avec des projets de soins \u00e0 domicile aux <a href=\"https:\/\/www.lapresse.ca\/actualites\/sante\/2024-09-25\/virage-des-soins-a-domicile\/les-iles-de-la-madeleine-comme-laboratoire.php\" target=\"_blank\" rel=\"noopener\">\u00celes-de-la-Madeleine<\/a> ou au <a href=\"https:\/\/informeaffaires.com\/regional\/technologie\/virtuose-technologies-retenue-pour-la-vitrine-dinnovations-en-sante\" target=\"_blank\" rel=\"noopener\">Saguenay\u2013Lac-Saint-Jean<\/a>.<\/p>\n<h5><em>Intelligence artificielle en sant\u00e9<\/em><\/h5>\n<p style=\"text-align: justify;\">Pour ce qui est de l&rsquo;intelligence artificielle, l\u2019<a href=\"https:\/\/fr.wikipedia.org\/wiki\/Organisation_mondiale_de_la_sant%C3%A9\" target=\"_blank\" rel=\"noopener\"><em>Organisation mondiale de la sant\u00e9<\/em><\/a> <a href=\"https:\/\/www.medaviebc.ca\/fr\/carrefour\/publications\/transformation-ia\" target=\"_blank\" rel=\"noopener\">souligne<\/a> que :<\/p>\n<p style=\"text-align: justify; padding-left: 40px;\"><em>\u00ab La disponibilit\u00e9 croissante des donn\u00e9es de soins de sant\u00e9 et la progression rapide des techniques analytiques \u2013 qu\u2019il s\u2019agisse de l\u2019apprentissage automatique, de l\u2019analyse logique ou des statistiques \u2013 les outils d\u2019intelligence artificielle (IA) pourraient transformer le secteur de la sant\u00e9. \u00bb <\/em><\/p>\n<p style=\"text-align: justify;\">Comme d\u00e9j\u00e0 mentionn\u00e9 avec les enceintes connect\u00e9es, le d\u00e9veloppement des technologies d\u2019assistance vocale devrait permettre l\u2019usage de nombreux outils aux personnes peu habitu\u00e9es jusqu\u2019\u00e0 maintenant dans l\u2019utilisation du num\u00e9rique.<\/p>\n<hr \/>\n<h4 style=\"text-align: justify;\">L&rsquo;avenir de la vie des personnes \u00e2g\u00e9es : un engagement en faveur de l&rsquo;innovation<\/h4>\n<p style=\"text-align: justify;\">L\u2019accompagnement offert aux personnes \u00e2g\u00e9es peut \u00eatre un facteur d\u00e9cisif de succ\u00e8s dans leur utilisation du num\u00e9rique. Au CIMBCC, nous avons d\u00e9velopp\u00e9 un canevas de formation favorisant l\u2019apprentissage virtuel. Le fait d\u2019\u00eatre bien accompagn\u00e9 dans la d\u00e9couverte des services offerts leur permettra de poursuivre de fa\u00e7on autonome leur utilisation. Ceci permettra de ne pas perdre les apprentissages r\u00e9alis\u00e9s et ainsi d\u00e9velopper leur propre comp\u00e9tence num\u00e9rique. <strong><em><a href=\"https:\/\/www.ovs-oas.org\/2024\/08\/14\/le-numerique-nest-pas-pour-moi\/\" target=\"_blank\" rel=\"noopener\">C\u2019est \u00e0 force de pratiquer qu\u2019on devient \u00ab plus capable \u00bb<\/a>.<\/em><\/strong><\/p>\n<p style=\"text-align: justify;\">Les personnes int\u00e9ress\u00e9es par notre Club devraient aussi prendre part au d\u00e9veloppement des technologies num\u00e9riques pr\u00e9sent\u00e9es ou des services offerts, minimalement, en donnant leur avis \u00e0 cet effet. Ceci permettra que nous r\u00e9pondions \u00e0 leurs besoins afin :<\/p>\n<ul>\n<li style=\"text-align: justify;\">qu\u2019ils soient adapt\u00e9s \u00e0 leur r\u00e9alit\u00e9 ;<\/li>\n<li style=\"text-align: justify;\">qu\u2019ils offrent une exp\u00e9rience d\u2019utilisation optimale ;<\/li>\n<li style=\"text-align: justify;\">qu\u2019ils soient pertinents ;<\/li>\n<li style=\"text-align: justify;\">finalement, qu\u2019ils soient employ\u00e9s.<\/li>\n<\/ul>\n<p style=\"text-align: justify;\">Cela dit, les g\u00e9n\u00e9rations \u00e2g\u00e9es devraient d\u2019abord et avant tout avoir le choix et la possibilit\u00e9 de recourir ou non au num\u00e9rique en fonction des autres options disponibles.<\/p>\n<p style=\"text-align: justify;\"><span style=\"color: #ff0000;\"><strong>\u00ab <em>Tel est mon v\u0153u num\u00e9rique pour 2025<\/em>.\u00a0\u00bb<\/strong><\/span><\/p>\n<figure id=\"attachment_52132\" aria-describedby=\"caption-attachment-52132\" style=\"width: 459px\" class=\"wp-caption aligncenter\"><img loading=\"lazy\" decoding=\"async\" class=\"size-full wp-image-52132\" src=\"https:\/\/cimbcc.org\/test2\/wp-content\/uploads\/chip_2025_01_tendances_3.gif\" alt=\"\" width=\"459\" height=\"435\" \/><figcaption id=\"caption-attachment-52132\" class=\"wp-caption-text\"><strong><span style=\"color: #ff0000;\">Pierre Delisle dit NostraDelis<\/span><\/strong><\/figcaption><\/figure>\n","protected":false},"excerpt":{"rendered":"<p>Dans cette courte s\u00e9rie de deux articles, NostraDelis sort sa boule de cristal pour tenter l\u2019ambitieux projet de pr\u00e9voir les tendances num\u00e9riques pour l\u2019ann\u00e9e 2025. Naturellement, \u00e0 notre \u00e9poque, cet objet magique est connect\u00e9 \u00e0 un outil mythique qui peut porter plusieurs noms, www, la toile ou Internet. Google influencera grandement les visions. Dans cette &hellip; <a href=\"https:\/\/cimbcc.org\/test2\/tendances-2025-partie-1-pour-les-boomers\/\" class=\"more-link\">Continuer la lecture de <span class=\"screen-reader-text\">Tendances 2025 : partie 1 \u2013 pour les boomers<\/span>  <span class=\"meta-nav\">&rarr;<\/span><\/a><\/p>\n","protected":false},"author":43,"featured_media":0,"comment_status":"open","ping_status":"closed","sticky":false,"template":"","format":"standard","meta":{"footnotes":""},"categories":[1594],"tags":[2209,67,822,1869,2211,731,154,833,2212,2210],"class_list":["post-52121","post","type-post","status-publish","format-standard","hentry","category-chronique-technique","tag-2209","tag-achat-en-ligne","tag-assistant-vocal","tag-baby-boomers","tag-generation-z","tag-intelligence-artificielle","tag-internet","tag-internet-des-objets","tag-telesante","tag-tendances"],"_links":{"self":[{"href":"https:\/\/cimbcc.org\/test2\/wp-json\/wp\/v2\/posts\/52121","targetHints":{"allow":["GET"]}}],"collection":[{"href":"https:\/\/cimbcc.org\/test2\/wp-json\/wp\/v2\/posts"}],"about":[{"href":"https:\/\/cimbcc.org\/test2\/wp-json\/wp\/v2\/types\/post"}],"author":[{"embeddable":true,"href":"https:\/\/cimbcc.org\/test2\/wp-json\/wp\/v2\/users\/43"}],"replies":[{"embeddable":true,"href":"https:\/\/cimbcc.org\/test2\/wp-json\/wp\/v2\/comments?post=52121"}],"version-history":[{"count":14,"href":"https:\/\/cimbcc.org\/test2\/wp-json\/wp\/v2\/posts\/52121\/revisions"}],"predecessor-version":[{"id":52141,"href":"https:\/\/cimbcc.org\/test2\/wp-json\/wp\/v2\/posts\/52121\/revisions\/52141"}],"wp:attachment":[{"href":"https:\/\/cimbcc.org\/test2\/wp-json\/wp\/v2\/media?parent=52121"}],"wp:term":[{"taxonomy":"category","embeddable":true,"href":"https:\/\/cimbcc.org\/test2\/wp-json\/wp\/v2\/categories?post=52121"},{"taxonomy":"post_tag","embeddable":true,"href":"https:\/\/cimbcc.org\/test2\/wp-json\/wp\/v2\/tags?post=52121"}],"curies":[{"name":"wp","href":"https:\/\/api.w.org\/{rel}","templated":true}]}}