{"id":52343,"date":"2025-01-12T21:00:55","date_gmt":"2025-01-13T02:00:55","guid":{"rendered":"https:\/\/cimbcc.org\/test2\/?p=52343"},"modified":"2025-01-12T21:37:23","modified_gmt":"2025-01-13T02:37:23","slug":"les-reseaux-sociaux-suivis-des-nouveautes-apple-ios-ipados-et-macos","status":"publish","type":"post","link":"https:\/\/cimbcc.org\/test2\/les-reseaux-sociaux-suivis-des-nouveautes-apple-ios-ipados-et-macos\/","title":{"rendered":"Les r\u00e9seaux sociaux suivis des nouveaut\u00e9s Apple IOS iPadOS et macOS"},"content":{"rendered":"<figure id=\"attachment_42194\" aria-describedby=\"caption-attachment-42194\" style=\"width: 125px\" class=\"wp-caption aligncenter\"><img loading=\"lazy\" decoding=\"async\" class=\"size-full wp-image-42194\" src=\"https:\/\/cimbcc.org\/test2\/wp-content\/uploads\/photo_vinet_daniel-e1667486419612.jpg\" alt=\"Daniel Vinet\" width=\"125\" height=\"132\" \/><figcaption id=\"caption-attachment-42194\" class=\"wp-caption-text\"><span style=\"color: #ffffff;\">mmmi<\/span>Daniel Vinet<\/figcaption><\/figure>\n<h4 style=\"text-align: justify;\">Facebook, Instagram et X (auparavant Twitter)<\/h4>\n<p style=\"text-align: justify;\"><img loading=\"lazy\" decoding=\"async\" class=\"alignleft size-full wp-image-52349\" src=\"https:\/\/cimbcc.org\/test2\/wp-content\/uploads\/chip_2025_01_sociaux_1.jpg\" alt=\"\" width=\"41\" height=\"41\" \/>Les <a href=\"https:\/\/fr.wikipedia.org\/wiki\/R\u00e9seau_social_(internet)\" target=\"_blank\" rel=\"noopener\">r\u00e9seaux sociaux<\/a> num\u00e9riques ont pris une place importante dans nos vies. Toutefois, le concept existait bien avant la venue d\u2019Internet. Dans cette pr\u00e9sentation du <span style=\"color: #ff0000;\"><strong>17 janvier<\/strong><\/span> prochain, nous d\u00e9finirons ce que sont les r\u00e9seaux sociaux et la place qu\u2019occupent ceux-ci dans notre quotidien.<\/p>\n<p style=\"text-align: justify;\">Nous ferons \u00e9galement le tour de diff\u00e9rents types de m\u00e9dias et nous nous attarderons sur certaines notions importantes \u00e0 conna\u00eetre ainsi que sur des r\u00e8gles de s\u00e9curit\u00e9 \u00e0 adopter. Notez que le document de pr\u00e9sentation sera disponible sur le site du <a href=\"https:\/\/cimbcc.org\/test2\/\" target=\"_blank\" rel=\"noopener\">CIMBCC<\/a> apr\u00e8s la pr\u00e9sentation.<\/p>\n<p style=\"text-align: justify;\"><span style=\"font-family: arial,helvetica,sans-serif; font-size: medium;\">En seconde partie de la pr\u00e9sentation de ce vendredi, un survol des innovations touchant l<\/span><span style=\"font-size: medium;\">es\u00a0<em>iPhone<\/em>,\u00a0<em>iPad<\/em>\u00a0et ordinateurs\u00a0<em>Mac\u00a0<\/em><\/span><span style=\"font-family: arial, helvetica, sans-serif; font-size: medium;\">sera fait<\/span><em style=\"font-size: medium;\">.<\/em><\/p>\n<p><!--more--><\/p>\n<h4 style=\"text-align: justify;\">Nouveaut\u00e9s Apple IOS, iPadOS et macOS<\/h4>\n<p style=\"text-align: justify;\"><img loading=\"lazy\" decoding=\"async\" class=\"alignleft size-full wp-image-52350\" src=\"https:\/\/cimbcc.org\/test2\/wp-content\/uploads\/chip_2025_01_sociaux_2.jpg\" alt=\"\" width=\"40\" height=\"41\" \/>\u00c0 chaque ann\u00e9e \u00e0 l\u2019automne, <a href=\"https:\/\/fr.wikipedia.org\/wiki\/Apple\" target=\"_blank\" rel=\"noopener\"><em>Apple<\/em><\/a> lance ses nouveaux syst\u00e8mes d\u2019exploitation pour tous ses appareils. Ainsi, cette ann\u00e9e, <em>Apple<\/em> a pr\u00e9sent\u00e9 <a href=\"https:\/\/fr.wikipedia.org\/wiki\/IOS_18\" target=\"_blank\" rel=\"noopener\"><em>IOS 18<\/em><\/a>, <a href=\"https:\/\/fr.wikipedia.org\/wiki\/IPadOS_18\" target=\"_blank\" rel=\"noopener\"><em>iPadOS 18<\/em><\/a> et <a href=\"https:\/\/fr.wikipedia.org\/wiki\/MacOS_Sequoia\" target=\"_blank\" rel=\"noopener\"><em>macOS Sequoia 15<\/em><\/a>.<\/p>\n<p style=\"text-align: justify;\">Toujours le 17 janvier, en seconde partie, nous ferons le tour des principales nouveaut\u00e9s de ceux-ci en ce qui concerne les <a href=\"https:\/\/fr.wikipedia.org\/wiki\/IPhone\" target=\"_blank\" rel=\"noopener\"><em>iPhone<\/em><\/a>, <a href=\"https:\/\/fr.wikipedia.org\/wiki\/IPad\" target=\"_blank\" rel=\"noopener\"><em>iPad<\/em><\/a> et ordinateurs <a href=\"https:\/\/fr.wikipedia.org\/wiki\/Macintosh\" target=\"_blank\" rel=\"noopener\"><em>Mac<\/em><\/a>. Vous trouverez le document de pr\u00e9sentation <a href=\"https:\/\/cimbcc.org\/test2\/wp-content\/uploads\/notes_25_01_17_nouveautes_mac.pdf\" target=\"_blank\" rel=\"noopener\">ici, sur le site du club<\/a>.<\/p>\n<p style=\"text-align: justify;\">C\u2019est donc un rendez-vous en ligne, <strong>vendredi le <span style=\"color: #ff0000;\">17 janvier<\/span> \u00e0 compter de 13 h 15<\/strong>.<\/p>\n<p>Au plaisir de vous y voir,<\/p>\n<p>Daniel Vinet<\/p>\n","protected":false},"excerpt":{"rendered":"<p>Facebook, Instagram et X (auparavant Twitter) Les r\u00e9seaux sociaux num\u00e9riques ont pris une place importante dans nos vies. Toutefois, le concept existait bien avant la venue d\u2019Internet. Dans cette pr\u00e9sentation du 17 janvier prochain, nous d\u00e9finirons ce que sont les r\u00e9seaux sociaux et la place qu\u2019occupent ceux-ci dans notre quotidien. Nous ferons \u00e9galement le tour &hellip; <a href=\"https:\/\/cimbcc.org\/test2\/les-reseaux-sociaux-suivis-des-nouveautes-apple-ios-ipados-et-macos\/\" class=\"more-link\">Continuer la lecture de <span class=\"screen-reader-text\">Les r\u00e9seaux sociaux suivis des nouveaut\u00e9s Apple IOS iPadOS et macOS<\/span>  <span class=\"meta-nav\">&rarr;<\/span><\/a><\/p>\n","protected":false},"author":43,"featured_media":0,"comment_status":"open","ping_status":"closed","sticky":false,"template":"","format":"standard","meta":{"footnotes":""},"categories":[402],"tags":[427,20,500,2224,55,2225,216,391,2166,562,313],"class_list":["post-52343","post","type-post","status-publish","format-standard","hentry","category-activites-du-club","tag-apple","tag-facebook","tag-instagram","tag-ios-18","tag-ipad","tag-ipados-18","tag-iphone","tag-mac","tag-macos-15-sequoia","tag-reseaux-sociaux","tag-twitter"],"_links":{"self":[{"href":"https:\/\/cimbcc.org\/test2\/wp-json\/wp\/v2\/posts\/52343","targetHints":{"allow":["GET"]}}],"collection":[{"href":"https:\/\/cimbcc.org\/test2\/wp-json\/wp\/v2\/posts"}],"about":[{"href":"https:\/\/cimbcc.org\/test2\/wp-json\/wp\/v2\/types\/post"}],"author":[{"embeddable":true,"href":"https:\/\/cimbcc.org\/test2\/wp-json\/wp\/v2\/users\/43"}],"replies":[{"embeddable":true,"href":"https:\/\/cimbcc.org\/test2\/wp-json\/wp\/v2\/comments?post=52343"}],"version-history":[{"count":7,"href":"https:\/\/cimbcc.org\/test2\/wp-json\/wp\/v2\/posts\/52343\/revisions"}],"predecessor-version":[{"id":52370,"href":"https:\/\/cimbcc.org\/test2\/wp-json\/wp\/v2\/posts\/52343\/revisions\/52370"}],"wp:attachment":[{"href":"https:\/\/cimbcc.org\/test2\/wp-json\/wp\/v2\/media?parent=52343"}],"wp:term":[{"taxonomy":"category","embeddable":true,"href":"https:\/\/cimbcc.org\/test2\/wp-json\/wp\/v2\/categories?post=52343"},{"taxonomy":"post_tag","embeddable":true,"href":"https:\/\/cimbcc.org\/test2\/wp-json\/wp\/v2\/tags?post=52343"}],"curies":[{"name":"wp","href":"https:\/\/api.w.org\/{rel}","templated":true}]}}