{"id":52383,"date":"2025-01-22T06:00:55","date_gmt":"2025-01-22T11:00:55","guid":{"rendered":"https:\/\/cimbcc.org\/test2\/?p=52383"},"modified":"2025-01-22T06:51:54","modified_gmt":"2025-01-22T11:51:54","slug":"a-la-rencontre-de-nos-benevoles-nicole-comtois","status":"publish","type":"post","link":"https:\/\/cimbcc.org\/test2\/a-la-rencontre-de-nos-benevoles-nicole-comtois\/","title":{"rendered":"\u00c0 la rencontre de nos b\u00e9n\u00e9voles : Nicole Comtois"},"content":{"rendered":"<figure id=\"attachment_24082\" aria-describedby=\"caption-attachment-24082\" style=\"width: 125px\" class=\"wp-caption aligncenter\"><img loading=\"lazy\" decoding=\"async\" class=\"size-full wp-image-24082\" src=\"https:\/\/cimbcc.org\/test2\/wp-content\/uploads\/photo_couture_francine.jpg\" alt=\"\" width=\"125\" height=\"125\" \/><figcaption id=\"caption-attachment-24082\" class=\"wp-caption-text\"><span style=\"color: #ffffff;\">mm<\/span>Francine Couture<\/figcaption><\/figure>\n<p style=\"text-align: justify;\">Nicole Comtois, une b\u00e9n\u00e9vole au CIMBCC, vous envoie un courriel chaque semaine du mois d\u2019ao\u00fbt au mois d\u2019avril pour vous rem\u00e9morer les sujets des pr\u00e9sentations du mercredi et du vendredi.<\/p>\n<p style=\"text-align: justify;\">Mais qui se cache derri\u00e8re ces courriels ? Je vous propose de d\u00e9couvrir cette b\u00e9n\u00e9vole \u00e9nergique et tr\u00e8s engag\u00e9e autant au Club informatique que dans d\u2019autres associations.<\/p>\n<p><!--more--><\/p>\n<hr \/>\n<h4><strong>Carri\u00e8re de Nicole Comtois<\/strong><\/h4>\n<p style=\"text-align: justify;\">Nicole a enseign\u00e9 durant 35 ans \u00e0\u00a0des jeunes de 9 et 10 ans, soit en 4<sup>e<\/sup> et 5<sup>e<\/sup> ann\u00e9e. Ce sont les \u00e9l\u00e8ves de l\u2019\u00e9cole Hertel de Rouville \u00e0 Mont-Saint-Hilaire (devenue l\u2019\u00e9cole <a href=\"https:\/\/aufildeleau.csp.qc.ca\/\" target=\"_blank\" rel=\"noopener\">Au-Fil-de-l\u2019Eau<\/a>, en 1997) qui ont eu le privil\u00e8ge de l\u2019avoir comme professeure.<\/p>\n<p style=\"text-align: justify;\">Durant les ann\u00e9es 80, les ordinateurs ont fait leur apparition \u00e0 l\u2019\u00e9cole et c\u2019est \u00e0 ce moment que Nicole a fait ses premiers pas en informatique. Aimant les d\u00e9fis, elle s\u2019est investie dans ce domaine et y a vu beaucoup d\u2019avantages.<\/p>\n<p style=\"text-align: justify;\"><em>\u00ab Je n\u2019\u00e9tais pas experte, j\u2019ai rencontr\u00e9 des difficult\u00e9s, mais je voulais apprendre. Le d\u00e9couragement ne faisant pas partie de mon bagage, j\u2019ai poursuivi et aujourd\u2019hui je suis heureuse du chemin parcouru. \u00bb<\/em><\/p>\n<p style=\"text-align: justify;\">Lors de sa retraite en 2003, elle a dit \u00e0 ses coll\u00e8gues\u00a0:<br \/>\n<em>\u00ab Sachez que je vais tout faire pour ne pas m\u2019ennuyer. \u00bb<\/em><\/p>\n<p style=\"text-align: justify;\">Et vous allez constater qu\u2019elle a tenu parole.<\/p>\n<h4><strong>Responsabilit\u00e9s au CIMBCC <\/strong><\/h4>\n<p style=\"text-align: justify;\">C\u00e9line Dufresne, une amie de longue date, lui parlait du Club informatique. Apr\u00e8s avoir assist\u00e9 \u00e0 une pr\u00e9sentation, et constatant la multitude et la vari\u00e9t\u00e9 des services offerts, Nicole est devenue membre du club en janvier 2019.<\/p>\n<p style=\"text-align: justify;\">En mai-juin suivant, comme il manquait un b\u00e9n\u00e9vole pour coordonner la journ\u00e9e d\u2019information de septembre, elle a accept\u00e9 le poste et ce fut une premi\u00e8re exp\u00e9rience r\u00e9ussie. Un mois plus tard, \u00e0 l\u2019assembl\u00e9e g\u00e9n\u00e9rale du club, elle s\u2019est pr\u00e9sent\u00e9e et a \u00e9t\u00e9 \u00e9lue membre du conseil d\u2019administration. Je vous avais avis\u00e9s\u00a0: plus d\u00e9termin\u00e9e et engag\u00e9e que \u00e7a\u2026<\/p>\n<figure id=\"attachment_24216\" aria-describedby=\"caption-attachment-24216\" style=\"width: 125px\" class=\"wp-caption alignleft\"><img loading=\"lazy\" decoding=\"async\" class=\"size-full wp-image-24216\" src=\"https:\/\/cimbcc.org\/test2\/wp-content\/uploads\/photo_comtois_nicole.jpg\" alt=\"\" width=\"125\" height=\"125\" \/><figcaption id=\"caption-attachment-24216\" class=\"wp-caption-text\"><span style=\"color: #ffffff;\">mmi<\/span>Nicole Comtois<\/figcaption><\/figure>\n<p style=\"text-align: justify;\">Actuellement, Nicole est responsable des communications avec les membres et le public. C\u2019est \u00e0 ce titre qu\u2019elle envoie un courriel hebdomadaire aux membres pour leur rappeler les pr\u00e9sentations du mercredi et du vendredi et leur donner le lien Zoom pour avoir acc\u00e8s \u00e0 ces pr\u00e9sentations en ligne.<\/p>\n<p style=\"text-align: justify;\">Elle est mod\u00e9ratrice aux pr\u00e9sentations du mercredi et du vendredi et elle assiste C\u00e9line Dufresne dans les ateliers de Word et de PowerPoint. Elle est toujours responsable de la journ\u00e9e d\u2019information du mois de septembre et membre du conseil d\u2019administration.<\/p>\n<h4><strong>Autres int\u00e9r\u00eats personnels<\/strong><\/h4>\n<p style=\"text-align: justify;\">Pour Nicole, le b\u00e9n\u00e9volat, c\u2019est important, et ce, depuis 37 ans. Durant ces ann\u00e9es, elle a toujours occup\u00e9 un poste au sein de conseils d\u2019administration en commen\u00e7ant avec le scoutisme quand ses enfants faisaient partie du mouvement. Puis elle a adh\u00e9r\u00e9 \u00e0 d\u2019autres associations :<\/p>\n<ul style=\"text-align: justify;\">\n<li><a href=\"https:\/\/www.afeas.qc.ca\/\" target=\"_blank\" rel=\"noopener\">Association F\u00e9ministe d\u2019\u00c9ducation et d\u2019Action Sociale<\/a> (AFEAS) Ste-Maria-Goretti de Beloeil pour la d\u00e9fense des droits des femmes depuis janvier 1992 ;<\/li>\n<li><a href=\"https:\/\/cfq.qc.ca\/\" target=\"_blank\" rel=\"noopener\">Cercle des Fermi\u00e8res du Qu\u00e9bec<\/a> (CFQ) de St-Mathias, puis de Mont-Saint-Hilaire depuis l\u2019an 2000 ;<\/li>\n<li><a href=\"https:\/\/www.a-v-r.net\/\" target=\"_blank\" rel=\"noopener\">Amis de la Vall\u00e9e du Richelieu<\/a> (AVR), association pour briser l\u2019isolement des a\u00een\u00e9s depuis mai 2021 ;<\/li>\n<li><a href=\"https:\/\/areq.lacsq.org\/\" target=\"_blank\" rel=\"noopener\">Association des Retrait\u00e9s de l\u2019Enseignement<\/a> (AREQ \u2013 CSQ), depuis avril 2023.<\/li>\n<\/ul>\n<p style=\"text-align: justify;\">Elle a aussi \u0153uvr\u00e9 pour des causes comme le <a href=\"https:\/\/www.zeffy.com\/en-CA\/volunteering\/5206a11f-f652-4a78-bf61-25cfdcbf835e\" target=\"_blank\" rel=\"noopener\">Relais pour la vie de la Vall\u00e9e des Patriotes<\/a> pendant 17 ans.<\/p>\n<p style=\"text-align: justify;\">Pas de panique ici ! Le club informatique et les associations b\u00e9n\u00e9voles n\u2019exigent pas autant d\u2019implication de la part de leurs b\u00e9n\u00e9voles. Mais pour Nicole, le b\u00e9n\u00e9volat, c\u2019est sa deuxi\u00e8me carri\u00e8re.<\/p>\n<p style=\"text-align: justify;\"><em>\u00ab J\u2019aime les gens, j\u2019aime communiquer. Les personnes sont au c\u0153ur de ma vie, j\u2019apprends \u00e0 leur contact. Ils m\u2019apportent beaucoup par leur pr\u00e9sence, leur \u00e9coute, leur expertise. Je suis en \u00e9ternel apprentissage. \u00bb<\/em><\/p>\n<p style=\"text-align: justify;\">\u00c0 ses amis qui sont essouffl\u00e9s \u00e0 la voir aller et qui voudraient qu\u2019elle pense \u00e0 elle, elle r\u00e9pond\u00a0:<br \/>\n<em>\u00ab Je pense \u00e0 moi dans ce que je choisis et accomplis. Je donne, mais je re\u00e7ois tellement en retour.\u00a0 Le b\u00e9n\u00e9volat est au c\u0153ur de ma vie. Je me r\u00e9alise, je suis heureuse. \u00bb<\/em><\/p>\n<p style=\"text-align: justify;\">Sa famille est aussi importante. Elle est maman de trois enfants et mamie de dix petits-enfants de 9 ans \u00e0 22 ans. Ils lui apportent beaucoup de joie et ils vivent de beaux moments ensemble.<br \/>\n<em>\u00ab La vie m\u2019a vraiment combl\u00e9e. \u00bb<\/em><\/p>\n<p style=\"text-align: justify;\">En plus, il y a les loisirs\u00a0: lecture, tricot, \u2026 <em>As-tu le temps de dormir, ma ch\u00e8re Nicole ?<\/em><\/p>\n<p style=\"text-align: justify;\">Nicole mentionne souvent qu\u2019elle n\u2019est pas sp\u00e9cialiste en informatique; elle s\u2019est jointe au club pour continuer son apprentissage de ce domaine. En retour, elle nous offre son immense exp\u00e9rience en b\u00e9n\u00e9volat et son grand talent en communication. Pour notre b\u00e9n\u00e9fice et le sien, elle a trouv\u00e9 sa place dans ce qu\u2019elle appelle <em>\u00ab cette belle grande famille informatique, le CIMBCC \u00bb<\/em>.<\/p>\n<p style=\"text-align: justify;\">Merci Nicole !<\/p>\n<p style=\"text-align: justify;\">Francine Couture<\/p>\n<p style=\"text-align: justify;\">P.S. Je m\u2019\u00e9vade sous d\u2019autres cieux en f\u00e9vrier, mais cette chronique vous reviendra en mars.<\/p>\n","protected":false},"excerpt":{"rendered":"<p>Nicole Comtois, une b\u00e9n\u00e9vole au CIMBCC, vous envoie un courriel chaque semaine du mois d\u2019ao\u00fbt au mois d\u2019avril pour vous rem\u00e9morer les sujets des pr\u00e9sentations du mercredi et du vendredi. Mais qui se cache derri\u00e8re ces courriels ? Je vous propose de d\u00e9couvrir cette b\u00e9n\u00e9vole \u00e9nergique et tr\u00e8s engag\u00e9e autant au Club informatique que dans &hellip; <a href=\"https:\/\/cimbcc.org\/test2\/a-la-rencontre-de-nos-benevoles-nicole-comtois\/\" class=\"more-link\">Continuer la lecture de <span class=\"screen-reader-text\">\u00c0 la rencontre de nos b\u00e9n\u00e9voles : Nicole Comtois<\/span>  <span class=\"meta-nav\">&rarr;<\/span><\/a><\/p>\n","protected":false},"author":43,"featured_media":0,"comment_status":"open","ping_status":"closed","sticky":false,"template":"","format":"standard","meta":{"footnotes":""},"categories":[2185],"tags":[126,2188,2228,2227,2187],"class_list":["post-52383","post","type-post","status-publish","format-standard","hentry","category-a-la-decouverte-de-nos-benevoles","tag-benevoles","tag-carriere","tag-enseignement","tag-nicole-comtois","tag-portrait"],"_links":{"self":[{"href":"https:\/\/cimbcc.org\/test2\/wp-json\/wp\/v2\/posts\/52383","targetHints":{"allow":["GET"]}}],"collection":[{"href":"https:\/\/cimbcc.org\/test2\/wp-json\/wp\/v2\/posts"}],"about":[{"href":"https:\/\/cimbcc.org\/test2\/wp-json\/wp\/v2\/types\/post"}],"author":[{"embeddable":true,"href":"https:\/\/cimbcc.org\/test2\/wp-json\/wp\/v2\/users\/43"}],"replies":[{"embeddable":true,"href":"https:\/\/cimbcc.org\/test2\/wp-json\/wp\/v2\/comments?post=52383"}],"version-history":[{"count":6,"href":"https:\/\/cimbcc.org\/test2\/wp-json\/wp\/v2\/posts\/52383\/revisions"}],"predecessor-version":[{"id":52502,"href":"https:\/\/cimbcc.org\/test2\/wp-json\/wp\/v2\/posts\/52383\/revisions\/52502"}],"wp:attachment":[{"href":"https:\/\/cimbcc.org\/test2\/wp-json\/wp\/v2\/media?parent=52383"}],"wp:term":[{"taxonomy":"category","embeddable":true,"href":"https:\/\/cimbcc.org\/test2\/wp-json\/wp\/v2\/categories?post=52383"},{"taxonomy":"post_tag","embeddable":true,"href":"https:\/\/cimbcc.org\/test2\/wp-json\/wp\/v2\/tags?post=52383"}],"curies":[{"name":"wp","href":"https:\/\/api.w.org\/{rel}","templated":true}]}}