{"id":52516,"date":"2025-02-01T20:00:27","date_gmt":"2025-02-02T01:00:27","guid":{"rendered":"https:\/\/cimbcc.org\/test2\/?p=52516"},"modified":"2025-02-01T20:38:31","modified_gmt":"2025-02-02T01:38:31","slug":"fonctionnalites-modifiees-des-airpods-pro-sous-ios-18","status":"publish","type":"post","link":"https:\/\/cimbcc.org\/test2\/fonctionnalites-modifiees-des-airpods-pro-sous-ios-18\/","title":{"rendered":"Fonctionnalit\u00e9s modifi\u00e9es des AirPods Pro sous iOS 18"},"content":{"rendered":"<figure id=\"attachment_42194\" aria-describedby=\"caption-attachment-42194\" style=\"width: 125px\" class=\"wp-caption aligncenter\"><img loading=\"lazy\" decoding=\"async\" class=\"size-full wp-image-42194\" src=\"https:\/\/cimbcc.org\/test2\/wp-content\/uploads\/photo_vinet_daniel-e1667486419612.jpg\" alt=\"Daniel Vinet\" width=\"125\" height=\"132\" \/><figcaption id=\"caption-attachment-42194\" class=\"wp-caption-text\"><span style=\"color: #ffffff;\">mmmi<\/span>Daniel Vinet<\/figcaption><\/figure>\n<p style=\"text-align: justify;\">Si vous \u00eates propri\u00e9taire d\u2019\u00e9couteurs <a href=\"https:\/\/fr.wikipedia.org\/wiki\/AirPods_Pro#Deuxi\u00e8me_g\u00e9n\u00e9ration\" target=\"_blank\" rel=\"noopener\"><em>AirPods Pro<\/em><\/a> de premi\u00e8re ou deuxi\u00e8me g\u00e9n\u00e9ration et que vous avez mis \u00e0 jour votre <a href=\"https:\/\/fr.wikipedia.org\/wiki\/IPhone\" target=\"_blank\" rel=\"noopener\"><em>iPhone<\/em><\/a> \u00e0 la version <a href=\"https:\/\/fr.wikipedia.org\/wiki\/IOS_18\" target=\"_blank\" rel=\"noopener\"><em>IOS 18<\/em><\/a>, vous avez peut-\u00eatre remarqu\u00e9 qu\u2019il vous manque une fonctionnalit\u00e9, supprim\u00e9e \u00e0 la vue par <a href=\"https:\/\/fr.wikipedia.org\/wiki\/Apple\" target=\"_blank\" rel=\"noopener\"><em>Apple<\/em><\/a>, mais toujours disponible.<\/p>\n<p><!--more--><\/p>\n<p style=\"text-align: justify;\">Historiquement, les <em>AirPods Pro<\/em> permettaient aux utilisateurs de basculer entre quatre modes d\u2019\u00e9coute diff\u00e9rents, soit\u00a0:<\/p>\n<ul>\n<li style=\"text-align: justify;\"><strong>D\u00e9sactiv\u00e9\u00a0<\/strong>: d\u00e9sactive tous les modes de contr\u00f4le du bruit.<\/li>\n<li style=\"text-align: justify;\"><strong>R\u00e9duction active du bruit\u00a0: <\/strong>vos \u00e9couteurs bloquent tout bruit ambiant.<\/li>\n<li style=\"text-align: justify;\"><strong>Transparence\u00a0<\/strong>: vos \u00e9couteurs laissent entrer les sons ext\u00e9rieurs, ce qui vous permet d\u2019entendre ce qui se passe autour de vous.<\/li>\n<li style=\"text-align: justify;\"><strong>Audio adaptatif\u00a0<\/strong>: ce mode combine la suppression active avec la transparence afin de contr\u00f4ler les niveaux de bruit ambiant, permettant ainsi de r\u00e9duire en temps r\u00e9el tout bruit excessif.<\/li>\n<\/ul>\n<p style=\"text-align: justify;\">Or, sous <em>IOS 18<\/em>, la possibilit\u00e9 de d\u00e9sactiver compl\u00e8tement le contr\u00f4le du bruit a \u00e9t\u00e9 retir\u00e9e, laissant les trois derni\u00e8res options disponibles. Plusieurs utilisateurs s\u2019en sont plaints aupr\u00e8s d\u2019<em>Apple<\/em>. Sachez toutefois qu\u2019il est possible de r\u00e9afficher cette option. Voici comment faire\u00a0:<\/p>\n<ol>\n<li style=\"text-align: justify;\">Connectez vos <em>AirPods Pro<\/em> \u00e0 votre <em>iPhone<\/em> comme vous le faites normalement lorsque vous voulez les utiliser.<img loading=\"lazy\" decoding=\"async\" class=\"size-full wp-image-52312 alignright\" src=\"https:\/\/cimbcc.org\/test2\/wp-content\/uploads\/chip_2025_01_supprimer_3.jpg\" alt=\"\" width=\"69\" height=\"69\" \/><\/li>\n<li style=\"text-align: justify;\">Ouvrez les <strong>R\u00e9glages<\/strong>.<\/li>\n<li style=\"text-align: justify;\">Appuyez sur vos <em>AirPods Pro<\/em> affich\u00e9s en haut de la liste.<\/li>\n<\/ol>\n<p><img loading=\"lazy\" decoding=\"async\" class=\"size-full wp-image-52520 aligncenter\" src=\"https:\/\/cimbcc.org\/test2\/wp-content\/uploads\/chip_2025_02_airpods_1.jpg\" alt=\"\" width=\"287\" height=\"282\" \/><\/p>\n<p style=\"text-align: justify;\">Sur la page qui appara\u00eet, nous voyons bien les trois modes de contr\u00f4le du bruit. Toutefois, il manque la d\u00e9sactivation compl\u00e8te.<\/p>\n<p><img loading=\"lazy\" decoding=\"async\" class=\"size-full wp-image-52521 aligncenter\" src=\"https:\/\/cimbcc.org\/test2\/wp-content\/uploads\/chip_2025_02_airpods_2.jpg\" alt=\"\" width=\"291\" height=\"365\" srcset=\"https:\/\/cimbcc.org\/test2\/wp-content\/uploads\/chip_2025_02_airpods_2.jpg 291w, https:\/\/cimbcc.org\/test2\/wp-content\/uploads\/chip_2025_02_airpods_2-239x300.jpg 239w\" sizes=\"auto, (max-width: 291px) 100vw, 291px\" \/><\/p>\n<p style=\"text-align: justify;\">Toujours sur cette page de r\u00e9glages, faites d\u00e9filer votre \u00e9cran jusqu\u2019au bas, vous verrez un param\u00e8tre nomm\u00e9 <strong>Mode d\u2019\u00e9coute d\u00e9sactiv\u00e9<\/strong>. Activez-le et confirmez votre choix en touchant <strong>OK<\/strong>.<\/p>\n<p><img loading=\"lazy\" decoding=\"async\" class=\"size-full wp-image-52522 aligncenter\" src=\"https:\/\/cimbcc.org\/test2\/wp-content\/uploads\/chip_2025_02_airpods_3.jpg\" alt=\"\" width=\"324\" height=\"427\" srcset=\"https:\/\/cimbcc.org\/test2\/wp-content\/uploads\/chip_2025_02_airpods_3.jpg 324w, https:\/\/cimbcc.org\/test2\/wp-content\/uploads\/chip_2025_02_airpods_3-228x300.jpg 228w\" sizes=\"auto, (max-width: 324px) 100vw, 324px\" \/><\/p>\n<p style=\"text-align: justify;\">Faites d\u00e9filer \u00e0 nouveau vers le haut de l\u2019\u00e9cran, cette fois pour revenir au d\u00e9but de cette page de r\u00e9glages. Vous aurez maintenant vos quatre choix affich\u00e9s.<\/p>\n<p><img loading=\"lazy\" decoding=\"async\" class=\"size-full wp-image-52523 aligncenter\" src=\"https:\/\/cimbcc.org\/test2\/wp-content\/uploads\/chip_2025_02_airpods_4.jpg\" alt=\"\" width=\"331\" height=\"433\" srcset=\"https:\/\/cimbcc.org\/test2\/wp-content\/uploads\/chip_2025_02_airpods_4.jpg 331w, https:\/\/cimbcc.org\/test2\/wp-content\/uploads\/chip_2025_02_airpods_4-229x300.jpg 229w\" sizes=\"auto, (max-width: 331px) 100vw, 331px\" \/><\/p>\n<p>Voil\u00e0, j\u2019esp\u00e8re que ce petit truc vous sera utile.<\/p>\n<p>Informatiquement v\u00f4tre,<\/p>\n<p>Daniel Vinet<\/p>\n","protected":false},"excerpt":{"rendered":"<p>Si vous \u00eates propri\u00e9taire d\u2019\u00e9couteurs AirPods Pro de premi\u00e8re ou deuxi\u00e8me g\u00e9n\u00e9ration et que vous avez mis \u00e0 jour votre iPhone \u00e0 la version IOS 18, vous avez peut-\u00eatre remarqu\u00e9 qu\u2019il vous manque une fonctionnalit\u00e9, supprim\u00e9e \u00e0 la vue par Apple, mais toujours disponible.<\/p>\n","protected":false},"author":43,"featured_media":0,"comment_status":"open","ping_status":"closed","sticky":false,"template":"","format":"standard","meta":{"footnotes":""},"categories":[1594],"tags":[2233,2169,427,2224],"class_list":["post-52516","post","type-post","status-publish","format-standard","hentry","category-chronique-technique","tag-airpods-pro-1","tag-airpods-pro-2","tag-apple","tag-ios-18"],"_links":{"self":[{"href":"https:\/\/cimbcc.org\/test2\/wp-json\/wp\/v2\/posts\/52516","targetHints":{"allow":["GET"]}}],"collection":[{"href":"https:\/\/cimbcc.org\/test2\/wp-json\/wp\/v2\/posts"}],"about":[{"href":"https:\/\/cimbcc.org\/test2\/wp-json\/wp\/v2\/types\/post"}],"author":[{"embeddable":true,"href":"https:\/\/cimbcc.org\/test2\/wp-json\/wp\/v2\/users\/43"}],"replies":[{"embeddable":true,"href":"https:\/\/cimbcc.org\/test2\/wp-json\/wp\/v2\/comments?post=52516"}],"version-history":[{"count":5,"href":"https:\/\/cimbcc.org\/test2\/wp-json\/wp\/v2\/posts\/52516\/revisions"}],"predecessor-version":[{"id":52534,"href":"https:\/\/cimbcc.org\/test2\/wp-json\/wp\/v2\/posts\/52516\/revisions\/52534"}],"wp:attachment":[{"href":"https:\/\/cimbcc.org\/test2\/wp-json\/wp\/v2\/media?parent=52516"}],"wp:term":[{"taxonomy":"category","embeddable":true,"href":"https:\/\/cimbcc.org\/test2\/wp-json\/wp\/v2\/categories?post=52516"},{"taxonomy":"post_tag","embeddable":true,"href":"https:\/\/cimbcc.org\/test2\/wp-json\/wp\/v2\/tags?post=52516"}],"curies":[{"name":"wp","href":"https:\/\/api.w.org\/{rel}","templated":true}]}}