{"id":5252,"date":"2013-03-06T10:00:11","date_gmt":"2013-03-06T15:00:11","guid":{"rendered":"https:\/\/cimbcc.org\/test2\/?p=5252"},"modified":"2023-10-16T22:16:52","modified_gmt":"2023-10-17T02:16:52","slug":"editorial-mars-2013","status":"publish","type":"post","link":"https:\/\/cimbcc.org\/test2\/editorial-mars-2013\/","title":{"rendered":"\u00c9ditorial &#8211; mars 2013"},"content":{"rendered":"<h3 align=\"center\"><a href=\"https:\/\/cimbcc.org\/test2\/editorial-fevrier-2013\/photo-andre-charest-editorial-2\" rel=\"attachment wp-att-5376\"><img loading=\"lazy\" decoding=\"async\" class=\"aligncenter size-full wp-image-5376\" src=\"https:\/\/cimbcc.org\/test2\/wp-content\/uploads\/Photo-Andre-Charest-Editorial1.jpg\" alt=\"Photo-Andre-Charest-Editorial\" width=\"300\" height=\"82\" \/><\/a><\/h3>\n<h4 style=\"text-align: left;\" align=\"center\">La l\u00e9g\u00e8ret\u00e9 de l\u2019\u00eatre<\/h4>\n<p style=\"text-align: justify;\" align=\"center\">Ce titre m\u2019a \u00e9t\u00e9 inspir\u00e9 par le roman de Milan\u00a0Kundera, <i>L\u2019Insoutenable L\u00e9g\u00e8ret\u00e9 de l\u2019\u00eatre<\/i>. Mais rassurez-vous, je ne vous parlerai pas ici de relations amoureuses, ni de climats politiques particuliers.<\/p>\n<p style=\"text-align: left;\" align=\"center\"><!--more--><\/p>\n<p style=\"text-align: justify;\">Je veux simplement parler de nous, les membres du Club informatique Mont-Bruno et de nos agissements dans le contexte des ateliers. Je suis souvent renvers\u00e9 par la l\u00e9g\u00e8ret\u00e9 des membres qui s\u2019inscrivent \u00e0 des ateliers et qui, par la suite, sans avertir, ne se pr\u00e9sentent pas ou abandonnent et que l\u2019on ne revoit plus. Et cela, malgr\u00e9 un certain engagement moral \u00e0 participer quand on s\u2019inscrit.<\/p>\n<p style=\"text-align: justify;\">On demande aux participants d\u2019avertir lorsqu\u2019ils ne peuvent pas se pr\u00e9senter \u00e0 une rencontre d\u2019atelier. On ne demande jamais les raisons d\u2019absence; la vie personnelle des membres ne nous regarde pas.<\/p>\n<p style=\"text-align: justify;\">Il y a des raisons l\u00e9gitimes de s\u2019absenter ou m\u00eame d\u2019abandonner. L\u00e0 n\u2019est pas la question. Le probl\u00e8me est dans la communication. Les participants s\u2019attendent \u00e0 ce que les animateurs leur donnent tous les renseignements utiles sur la tenue des ateliers. Je pense qu\u2019en g\u00e9n\u00e9ral les animateurs le font bien. En contrepartie, les animateurs s\u2019attendent \u00e0 ce que ceux qui doivent s\u2019absenter ou qui abandonnent les avertissent.<\/p>\n<p style=\"text-align: justify;\">C\u2019est un peu comme inviter quelqu\u2019un chez soi pour un diner. Que penseriez-vous d\u2019un invit\u00e9 qui ne vient pas sans s\u2019excuser, qui fait comme si l\u2019invitation n\u2019avait jamais eu lieu?<\/p>\n<p style=\"text-align: justify;\">C\u2019est une question de respect. Le mois dernier, je vous ai parl\u00e9 de respect des pr\u00e9sentateurs envers leur auditoire. Mais ce n\u2019est pas une voie \u00e0 sens unique. Les participants aux ateliers le doivent aussi aux animateurs pour tout le travail qu\u2019ils font. S\u2019absenter sans avertir ou encore abandonner un atelier comme si c\u2019\u00e9tait une chose jetable, m\u00eame si on avertit, c\u2019est manquer d\u2019\u00e9gard envers l\u2019animateur.<\/p>\n<p style=\"text-align: justify;\">Heureusement, ce n\u2019est pas le lot de tous. Il y a les autres. Ceux qui, je dirais, presque religieusement participent \u00e0 chaque rencontre et font leurs devoirs. Ce sont les m\u00eames qui vont avertir s\u2019ils doivent s\u2019absenter. Ils n\u2019abandonneront pas un atelier sans raison valable. Si ce n\u2019\u00e9tait d\u2019eux, les animateurs se d\u00e9courageraient rapidement et des ateliers, il n\u2019y en aurait plus.<\/p>\n<p style=\"text-align: justify;\">Plusieurs participants n\u2019ont aucune id\u00e9e de l\u2019effort et des heures que mettent les animateurs \u00e0 pr\u00e9parer leurs ateliers. Ils ne s\u2019en rendent vraiment pas compte. Pensent-ils que les contenus qu\u2019on leur pr\u00e9sente tombent du ciel? \u00c0 les voir agir, on dirait que oui. Comment faire comprendre \u00e0 ceux qui s\u2019inscrivent aux ateliers la valeur de ce qu\u2019on leur offre? Devrions-nous faire payer les participants pour un atelier? La direction du club y a pens\u00e9. Mais l\u2019id\u00e9e a \u00e9t\u00e9 rejet\u00e9e, car certains membres pr\u00e9f\u00e8rent les ateliers aux s\u00e9ances de pr\u00e9sentations. C\u2019est une question d\u2019\u00e9quit\u00e9. Alors, comment faire comprendre \u00e0 ceux qui s\u2019inscrivent \u00e0 un atelier la valeur de l\u2019offre qu\u2019on leur fait? Si vous avez des suggestions, n\u2019h\u00e9sitez pas \u00e0 nous les communiquer.<\/p>\n<p style=\"text-align: justify;\">R\u00e9jean\u00a0C\u00f4t\u00e9 nous dit dans son <i>Mot du pr\u00e9sident<\/i> de mars\u00a02013 que les b\u00e9n\u00e9voles sont g\u00e9n\u00e9ralement heureux de faire ce qu\u2019ils font. Je dirais qu\u2019ils le sont quand ils sentent que leur travail est valoris\u00e9. S\u2019inscrire \u00e0 un atelier et s\u2019absenter ou abandonner sans avertir ou sans bonne raison n\u2019est certainement pas une fa\u00e7on de tenir compte de la valeur du travail des animateurs et de contribuer \u00e0 leur bonheur.<\/p>\n<p style=\"text-align: justify;\">Tous les participants ne souffrent pas de <i>l\u00e9g\u00e8ret\u00e9 de<\/i> <i>l\u2019\u00eatre<\/i>. Pour ceux qui font preuve de gravit\u00e9, les animateurs sentent qu\u2019il vaut la peine de travailler.<\/p>\n<p style=\"text-align: justify;\">Andr\u00e9 Charest<\/p>\n","protected":false},"excerpt":{"rendered":"<p>La l\u00e9g\u00e8ret\u00e9 de l\u2019\u00eatre Ce titre m\u2019a \u00e9t\u00e9 inspir\u00e9 par le roman de Milan\u00a0Kundera, L\u2019Insoutenable L\u00e9g\u00e8ret\u00e9 de l\u2019\u00eatre. Mais rassurez-vous, je ne vous parlerai pas ici de relations amoureuses, ni de climats politiques particuliers.<\/p>\n","protected":false},"author":43,"featured_media":0,"comment_status":"open","ping_status":"closed","sticky":false,"template":"","format":"standard","meta":{"footnotes":""},"categories":[8],"tags":[269,126],"class_list":["post-5252","post","type-post","status-publish","format-standard","hentry","category-editoriaux","tag-ateliers","tag-benevoles"],"_links":{"self":[{"href":"https:\/\/cimbcc.org\/test2\/wp-json\/wp\/v2\/posts\/5252","targetHints":{"allow":["GET"]}}],"collection":[{"href":"https:\/\/cimbcc.org\/test2\/wp-json\/wp\/v2\/posts"}],"about":[{"href":"https:\/\/cimbcc.org\/test2\/wp-json\/wp\/v2\/types\/post"}],"author":[{"embeddable":true,"href":"https:\/\/cimbcc.org\/test2\/wp-json\/wp\/v2\/users\/43"}],"replies":[{"embeddable":true,"href":"https:\/\/cimbcc.org\/test2\/wp-json\/wp\/v2\/comments?post=5252"}],"version-history":[{"count":28,"href":"https:\/\/cimbcc.org\/test2\/wp-json\/wp\/v2\/posts\/5252\/revisions"}],"predecessor-version":[{"id":25695,"href":"https:\/\/cimbcc.org\/test2\/wp-json\/wp\/v2\/posts\/5252\/revisions\/25695"}],"wp:attachment":[{"href":"https:\/\/cimbcc.org\/test2\/wp-json\/wp\/v2\/media?parent=5252"}],"wp:term":[{"taxonomy":"category","embeddable":true,"href":"https:\/\/cimbcc.org\/test2\/wp-json\/wp\/v2\/categories?post=5252"},{"taxonomy":"post_tag","embeddable":true,"href":"https:\/\/cimbcc.org\/test2\/wp-json\/wp\/v2\/tags?post=5252"}],"curies":[{"name":"wp","href":"https:\/\/api.w.org\/{rel}","templated":true}]}}