{"id":52614,"date":"2025-02-08T23:30:28","date_gmt":"2025-02-09T04:30:28","guid":{"rendered":"https:\/\/cimbcc.org\/test2\/?p=52614"},"modified":"2025-02-09T12:41:16","modified_gmt":"2025-02-09T17:41:16","slug":"recyclage-des-appareils-electroniques-achat-local-et-anniversaire-du-telephone-au-canada","status":"publish","type":"post","link":"https:\/\/cimbcc.org\/test2\/recyclage-des-appareils-electroniques-achat-local-et-anniversaire-du-telephone-au-canada\/","title":{"rendered":"Recyclage des appareils \u00e9lectroniques, achat local et anniversaire du t\u00e9l\u00e9phone au Canada"},"content":{"rendered":"<div class=\"wp-block-image\">\n<figure class=\"aligncenter size-full\"><img loading=\"lazy\" decoding=\"async\" width=\"125\" height=\"125\" src=\"https:\/\/cimbcc.org\/test2\/wp-content\/uploads\/photo_charron_denis.jpg\" alt=\"\" class=\"wp-image-24081\"\/><figcaption class=\"wp-element-caption\">          Denis Charron<\/figcaption><\/figure>\n<\/div>\n\n\n<p>L&rsquo;article d&rsquo;aujourd&rsquo;hui abordera les sujets suivants :<\/p>\n\n\n\n<ul class=\"wp-block-list\">\n<li>une mine d&rsquo;or dans les d\u00e9chets \u00e9lectroniques ;<\/li>\n\n\n\n<li>un rappel au sujet de l&rsquo;atelier de recyclage ;<\/li>\n\n\n\n<li>l&rsquo;achat de technologies qu\u00e9b\u00e9coise et canadienne ;<\/li>\n\n\n\n<li>le 150<sup>e<\/sup> anniversaire du t\u00e9l\u00e9phone au Canada.<\/li>\n<\/ul>\n\n\n\n<!--more-->\n\n\n\n<hr class=\"wp-block-separator has-alpha-channel-opacity\"\/>\n\n\n\n<h4 class=\"wp-block-heading\">Une mine d&rsquo;or dans les d\u00e9chets \u00e9lectroniques<\/h4>\n\n\n\n<div class=\"wp-block-group\"><div class=\"wp-block-group__inner-container is-layout-constrained wp-block-group-is-layout-constrained\">\n<p class=\"has-text-align-left\">Si vous vous demandez si les appareils \u00e9lectroniques apport\u00e9s pour le recyclage le sont vraiment, voici une r\u00e9ponse \u00e0&nbsp;votre question. <\/p>\n\n\n\n<p class=\"has-text-align-left\">Une compagnie qu\u00e9b\u00e9coise, <a href=\"https:\/\/enim.ca\/\" target=\"_blank\" rel=\"noreferrer noopener\">enim<\/a>, a d\u00e9velopp\u00e9 un proc\u00e9d\u00e9 pour r\u00e9cup\u00e9rer les m\u00e9taux pr\u00e9cieux et rares contenus dans les circuits imprim\u00e9s des appareils \u00e9lectroniques. Ces derniers contiennent de l&rsquo;or, de l&rsquo;argent et d&rsquo;autres m\u00e9taux rares qui pourront \u00eatre revaloris\u00e9s plut\u00f4t que de les envoyer \u00e0 l&rsquo;enfouissement. La premi\u00e8re partie de <a href=\"https:\/\/www.lapresse.ca\/affaires\/pme\/2025-02-03\/univers-pme\/une-mine-urbaine-a-meme-nos-rebuts-electroniques.php\" target=\"_blank\" rel=\"noreferrer noopener\">cet article<\/a> de&nbsp;<em>La Presse<\/em> nous pr\u00e9sente cette nouvelle initiative.<\/p>\n<\/div><\/div>\n\n\n\n<h5 class=\"wp-block-heading\"><em>Coordonn\u00e9es de l\u2019atelier&nbsp;de recyclage<\/em><\/h5>\n\n\n\n<div class=\"wp-block-group\"><div class=\"wp-block-group__inner-container is-layout-constrained wp-block-group-is-layout-constrained\">\n<p>J&rsquo;en profite pour vous rappeler que l&rsquo;\u00e9quipe de b\u00e9n\u00e9voles de l&rsquo;<a href=\"https:\/\/cimbcc.org\/test2\/autres-services\/le-soutien-a-la-recuperation-de-materiel-informatique\" target=\"_blank\" rel=\"noreferrer noopener\">atelier de recyclage<\/a> du Club informatique est pr\u00e9sente de 9 h 00 \u00e0 16 h 00, tous les mercredis, dans leur local \u00e0 c\u00f4t\u00e9 de la caserne des pompiers de Saint-Bruno.<\/p>\n\n\n\n<p>Vous pourrez y apporter les appareils informatiques dont vous voulez vous d\u00e9partir ou faire l&rsquo;achat d&rsquo;\u00e9quipement usag\u00e9. Le mat\u00e9riel accept\u00e9 et revendu comprend :&nbsp;ordinateurs portables, ordinateurs de bureau (tours), \u00e9crans, claviers, souris, disques durs externes et pi\u00e8ces d\u2019ordinateur.<\/p>\n\n\n\n<ul class=\"wp-block-list\">\n<li>Adresse :&nbsp; 1595,&nbsp; rue de Montarville,&nbsp; Saint-Bruno, J3V 3T8 <\/li>\n\n\n\n<li>Heures d\u2019ouverture :&nbsp;tous les mercredis, de 9 h \u00e0 16 h<\/li>\n\n\n\n<li>Pour conna\u00eetre la disponibilit\u00e9 du mat\u00e9riel,&nbsp;appelez au <br>450 653-2443, poste 5555<\/li>\n<\/ul>\n<\/div><\/div>\n\n\n\n<hr class=\"wp-block-separator has-alpha-channel-opacity\"\/>\n\n\n\n<h4 class=\"wp-block-heading\">L&rsquo;achat de technologies qu\u00e9b\u00e9coise et canadienne<\/h4>\n\n\n\n<p>Apr\u00e8s les r\u00e9centes menaces du pr\u00e9sident Trump, l&rsquo;achat local est devenu un imp\u00e9ratif. Cependant, les produits canadiens d&rsquo;\u00e9lectronique et d&rsquo;informatique sont peu connus. <\/p>\n\n\n\n<p>Cet <a href=\"https:\/\/www.lapresse.ca\/affaires\/techno\/2025-02-05\/vie-numerique\/decouvrez-le-quebec-et-le-canada-techno.php\" target=\"_blank\" rel=\"noreferrer noopener\">autre article<\/a> de&nbsp;<em>La Presse<\/em> nous pr\u00e9sente quelques compagnies d&rsquo;ici et leurs produits.<\/p>\n\n\n\n<ul class=\"wp-block-list\">\n<li>Thermostat connect\u00e9 de la marque <a href=\"https:\/\/www.sinopetech.com\/pages\/hilo\" target=\"_blank\" rel=\"noreferrer noopener\">Sinop\u00e9<\/a><\/li>\n\n\n\n<li>Cam\u00e9ras de surveillance de <a href=\"https:\/\/www.vosker.com\/?lang=fr\" target=\"_blank\" rel=\"noreferrer noopener\">Vosker<\/a><\/li>\n\n\n\n<li>Casque d&rsquo;\u00e9coute <a href=\"https:\/\/soundsgood.ca\/products\/sg-session\" target=\"_blank\" rel=\"noreferrer noopener\">SG Session<\/a> de Sounds Good<\/li>\n\n\n\n<li>R\u00e9cepteur num\u00e9rique <a href=\"https:\/\/simaudio.com\/en\/product\/ace-all-in-one-music-player\/\" target=\"_blank\" rel=\"noreferrer noopener\">Moon ACE<\/a> de Simaudio<\/li>\n\n\n\n<li>T\u00e9l\u00e9phones cellulaires usag\u00e9s de <a href=\"https:\/\/secondcell.ca\/\" target=\"_blank\" rel=\"noreferrer noopener\">Second Cell<\/a> ou de <a href=\"https:\/\/mobileklinik.ca\/fr\/\" target=\"_blank\" rel=\"noreferrer noopener\">Mobile Klinik<\/a><\/li>\n\n\n\n<li>Produits d&rsquo;\u00e9clairage de <a href=\"https:\/\/nanoleaf.me\/fr-CA\/\" target=\"_blank\" rel=\"noreferrer noopener\">Nanoleaf<\/a><\/li>\n\n\n\n<li>Montres solaires de <a href=\"https:\/\/www.solioswatches.com\/fr\" target=\"_blank\" rel=\"noreferrer noopener\">Solios<\/a><\/li>\n\n\n\n<li>Produits pour les personnes en perte d\u2019autonomie d\u2019<a href=\"https:\/\/www.eugeria.ca\/pages\/produits?q=\" data-type=\"link\" data-id=\"https:\/\/www.eugeria.ca\/pages\/produits?q=\" target=\"_blank\" rel=\"noreferrer noopener\">Eugeria<\/a><\/li>\n\n\n\n<li>H\u00e9bergement Web chez <a href=\"https:\/\/www.planethoster.com\/fr\" target=\"_blank\" rel=\"noreferrer noopener\">PlanetHoster<\/a> ou <a href=\"https:\/\/whc.ca\/fr\" target=\"_blank\" rel=\"noreferrer noopener\">H\u00e9bergement Web Canada<\/a><\/li>\n\n\n\n<li>V\u00e9los \u00e9lectriques de <a href=\"https:\/\/bikes.com\/fr-ca\/collections\/powerplay-bikes\" target=\"_blank\" rel=\"noreferrer noopener\">Rocky Mountain<\/a>, <a href=\"https:\/\/velec.ca\/collections\/tous-les-velos\" target=\"_blank\" rel=\"noreferrer noopener\">Velec<\/a> ou <a href=\"https:\/\/fr.ridecarbo.com\/\" target=\"_blank\" rel=\"noreferrer noopener\">Carbo<\/a><\/li>\n\n\n\n<li>Bornes de recharge <a href=\"https:\/\/www.flo.com\/fr-ca\/for-ev-drivers\/recharger-a-la-maison\/\" target=\"_blank\" rel=\"noreferrer noopener\">FLO<\/a> pour autos \u00e9lectriques<\/li>\n<\/ul>\n\n\n\n<hr class=\"wp-block-separator has-alpha-channel-opacity\"\/>\n\n\n\n<h4 class=\"wp-block-heading\">Le 150<sup>e<\/sup> anniversaire du t\u00e9l\u00e9phone au Canada<\/h4>\n\n\n\n<p>Le <a href=\"https:\/\/fr.wikipedia.org\/wiki\/Grand_Tronc\" target=\"_blank\" rel=\"noreferrer noopener\">train<\/a> et le <a href=\"https:\/\/fr.wikipedia.org\/wiki\/Bell_Canada\" target=\"_blank\" rel=\"noreferrer noopener\">t\u00e9l\u00e9phone<\/a> sont les deux inventions qui ont contribu\u00e9 le plus \u00e0 la naissance et au d\u00e9veloppement du Canada, comme l&rsquo;explique <a href=\"https:\/\/www.lapresse.ca\/affaires\/techno\/2025-02-01\/le-telephone-a-150-ans\/au-coeur-de-la-construction-du-canada.php\" data-type=\"link\" data-id=\"https:\/\/www.lapresse.ca\/affaires\/techno\/2025-02-01\/le-telephone-a-150-ans\/au-coeur-de-la-construction-du-canada.php\" target=\"_blank\" rel=\"noreferrer noopener\">cet article<\/a> de&nbsp;<em>La Presse<\/em> tra\u00e7ant les grandes lignes de cette aventure.<\/p>\n\n\n\n<h5 class=\"wp-block-heading\"><em>L&rsquo;histoire du t\u00e9l\u00e9phone \u00e0 travers ses technologies<\/em><\/h5>\n\n\n\n<p>Il y a 150 ans, le t\u00e9l\u00e9phone faisait son apparition au Canada. Avec l&rsquo;arriv\u00e9e de l&rsquo;\u00e9lectricit\u00e9 et, plus tard, de l&rsquo;Internet, ce sont des inventions qui ont boulevers\u00e9 notre fa\u00e7on de vivre. <\/p>\n\n\n\n<p>Je me souviens avoir utilis\u00e9 pour la premi\u00e8re fois un clavier <a href=\"https:\/\/fr.wikipedia.org\/wiki\/Code_DTMF\" target=\"_blank\" rel=\"noreferrer noopener\">Touch-Tone<\/a> \u00e0 l&rsquo;<a href=\"https:\/\/fr.wikipedia.org\/wiki\/Exposition_universelle_de_1967\" target=\"_blank\" rel=\"noreferrer noopener\">Expo 67<\/a> au <a href=\"https:\/\/fr.wikipedia.org\/wiki\/Pavillon_de_l%27Association_de_t%C3%A9l%C3%A9phonie_du_Canada\" target=\"_blank\" rel=\"noreferrer noopener\">pavillon Bell<\/a>. Un petit \u00e9cran noir et blanc permettait de voir mon fr\u00e8re qui parlait sur le t\u00e9l\u00e9phone voisin. <\/p>\n\n\n\n<p>Que de chemin parcouru et quelles am\u00e9liorations fulgurantes pour arriver \u00e0 notre \u00e9poque.&nbsp; <a href=\"https:\/\/www.lapresse.ca\/affaires\/techno\/2025-02-01\/le-telephone-a-150-ans\/dans-la-caverne-d-ali-baba-de-bell-canada.php\" data-type=\"link\" data-id=\"https:\/\/www.lapresse.ca\/affaires\/techno\/2025-02-01\/le-telephone-a-150-ans\/dans-la-caverne-d-ali-baba-de-bell-canada.php\" target=\"_blank\" rel=\"noreferrer noopener\">Cet article<\/a> de&nbsp;<em>La Presse<\/em> propose une visite dans les archives de Bell Canada pour faire un voyage dans le temps.<\/p>\n\n\n\n<p>Denis Charron<\/p>\n","protected":false},"excerpt":{"rendered":"<p>L&rsquo;article d&rsquo;aujourd&rsquo;hui abordera les sujets suivants :<\/p>\n","protected":false},"author":43,"featured_media":0,"comment_status":"open","ping_status":"closed","sticky":false,"template":"","format":"standard","meta":{"footnotes":""},"categories":[403],"tags":[509,68,1484,996,770,97],"class_list":["post-52614","post","type-post","status-publish","format-standard","hentry","category-applications","tag-achat-doccasion","tag-achat-local","tag-canada","tag-quebec","tag-recyclage","tag-telephone"],"_links":{"self":[{"href":"https:\/\/cimbcc.org\/test2\/wp-json\/wp\/v2\/posts\/52614","targetHints":{"allow":["GET"]}}],"collection":[{"href":"https:\/\/cimbcc.org\/test2\/wp-json\/wp\/v2\/posts"}],"about":[{"href":"https:\/\/cimbcc.org\/test2\/wp-json\/wp\/v2\/types\/post"}],"author":[{"embeddable":true,"href":"https:\/\/cimbcc.org\/test2\/wp-json\/wp\/v2\/users\/43"}],"replies":[{"embeddable":true,"href":"https:\/\/cimbcc.org\/test2\/wp-json\/wp\/v2\/comments?post=52614"}],"version-history":[{"count":29,"href":"https:\/\/cimbcc.org\/test2\/wp-json\/wp\/v2\/posts\/52614\/revisions"}],"predecessor-version":[{"id":52678,"href":"https:\/\/cimbcc.org\/test2\/wp-json\/wp\/v2\/posts\/52614\/revisions\/52678"}],"wp:attachment":[{"href":"https:\/\/cimbcc.org\/test2\/wp-json\/wp\/v2\/media?parent=52614"}],"wp:term":[{"taxonomy":"category","embeddable":true,"href":"https:\/\/cimbcc.org\/test2\/wp-json\/wp\/v2\/categories?post=52614"},{"taxonomy":"post_tag","embeddable":true,"href":"https:\/\/cimbcc.org\/test2\/wp-json\/wp\/v2\/tags?post=52614"}],"curies":[{"name":"wp","href":"https:\/\/api.w.org\/{rel}","templated":true}]}}