{"id":52840,"date":"2025-02-19T14:30:59","date_gmt":"2025-02-19T19:30:59","guid":{"rendered":"https:\/\/cimbcc.org\/test2\/?p=52840"},"modified":"2025-02-19T14:32:33","modified_gmt":"2025-02-19T19:32:33","slug":"echos-du-conseil-dadministration-6-fevrier-2025","status":"publish","type":"post","link":"https:\/\/cimbcc.org\/test2\/echos-du-conseil-dadministration-6-fevrier-2025\/","title":{"rendered":"\u00c9chos du conseil d&rsquo;administration &#8211; 6 f\u00e9vrier 2025"},"content":{"rendered":"<div class=\"wp-block-image\">\n<figure class=\"aligncenter size-full\"><img loading=\"lazy\" decoding=\"async\" width=\"612\" height=\"244\" src=\"https:\/\/cimbcc.org\/test2\/wp-content\/uploads\/photo_conseil_dadministration_2024_2025_r1.jpg\" alt=\"\" class=\"wp-image-51984\" srcset=\"https:\/\/cimbcc.org\/test2\/wp-content\/uploads\/photo_conseil_dadministration_2024_2025_r1.jpg 612w, https:\/\/cimbcc.org\/test2\/wp-content\/uploads\/photo_conseil_dadministration_2024_2025_r1-300x120.jpg 300w\" sizes=\"auto, (max-width: 612px) 100vw, 612px\" \/><figcaption class=\"wp-element-caption\">Dans l&rsquo;ordre habituel : Danielle Barab\u00e9, Nicole Comtois, R\u00e9jean C\u00f4t\u00e9, Bruno Fournier, Michel Gagn\u00e9, Sylvain Garneau, Richard Gervais, Pierre Jutras, Jean Malouin, Sylvie Mazur<\/figcaption><\/figure>\n<\/div>\n\n\n<p>En ce d\u00e9but de f\u00e9vrier, le conseil d\u2019administration a soulign\u00e9 l\u2019arriv\u00e9e de nouveaux b\u00e9n\u00e9voles apr\u00e8s avoir constat\u00e9 le nombre des adh\u00e9rents au Club.<\/p>\n\n\n\n<p>Le conseil a pris connaissance du rapport re\u00e7u de l\u2019\u00e9quipe de l\u2019assistance technique en salle ainsi que le rapport annuel de l\u2019\u00e9quipe des webmestres responsables du site Web du Club.<\/p>\n\n\n\n<p>Apr\u00e8s avoir rappel\u00e9 les lignes directrices que le Club s\u2019est donn\u00e9es afin d\u2019assurer sa neutralit\u00e9 commerciale, le conseil a r\u00e9vis\u00e9 quelques outils de gestion.<\/p>\n\n\n\n<!--more-->\n\n\n\n<hr class=\"wp-block-separator has-alpha-channel-opacity\"\/>\n\n\n\n<h4 class=\"wp-block-heading\"><strong>Membres et b\u00e9n\u00e9voles<\/strong><\/h4>\n\n\n\n<p>Le Club comptait 1?080&nbsp;membres au d\u00e9but du mois de f\u00e9vrier, soit 132 de plus qu\u2019en janvier 2024. Toutefois, le rythme de l\u2019adh\u00e9sion de nouveaux membres semble r\u00e9duit comparativement aux derni\u00e8res ann\u00e9es. L\u2019atteinte d\u2019un plateau semble se confirmer.<\/p>\n\n\n\n<p>Les appels lanc\u00e9s en d\u00e9cembre pour recruter de nouveaux b\u00e9n\u00e9voles ont encore port\u00e9 fruit.<\/p>\n\n\n\n<ul class=\"wp-block-list\">\n<li>Serge Fournier et Marc Tremblay ont manifest\u00e9 leur int\u00e9r\u00eat \u00e0 coanimer un atelier sur <a href=\"https:\/\/cimbcc.org\/test2\/scratch-un-langage-de-programmation-pour-les-enfants-et-les-non-informaticiens\" target=\"_blank\" rel=\"noreferrer noopener\">Scratch<\/a>, un langage de programmation pour les enfants et les non-informaticiens que Michel Gagn\u00e9 a <a href=\"https:\/\/acrobat.adobe.com\/id\/urn:aaid:sc:US:278afeca-0162-4304-9842-c2cc4c04e59f\" target=\"_blank\" rel=\"noreferrer noopener\">pr\u00e9sent\u00e9 le vendredi\u00a024\u00a0janvier<\/a>. Le contenu de ce nouvel atelier sera \u00e9labor\u00e9 avec Michel Gagn\u00e9 et Pierre Delisle. L\u2019objectif est de pouvoir proposer cet atelier aux membres du Club l\u2019automne prochain.<\/li>\n<\/ul>\n\n\n\n<ul class=\"wp-block-list\">\n<li>Marguerite Buisson assistera aux r\u00e9unions du conseil d\u2019administration et pourra participer aux travaux du secr\u00e9tariat.<\/li>\n<\/ul>\n\n\n\n<p>Toutefois, le Club a encore un urgent besoin de collaborateurs qui pourront pr\u00e9senter de nouveaux sujets dans la s\u00e9rie <a href=\"https:\/\/cimbcc.org\/test2\/wp-content\/uploads\/calendrier_serie_decouverte.pdf\" target=\"_blank\" rel=\"noreferrer noopener\"><em>D\u00e9couverte<\/em><\/a> d\u00e8s l\u2019an prochain. Pour offrir ses services, on peut remplir le formulaire qu\u2019on trouvera <a href=\"https:\/\/cimbcc.org\/test2\/nous-joindre\/nous-joindre-autres-questions\" target=\"_blank\" rel=\"noreferrer noopener\">en cliquant ici<\/a> ou en s\u2019adressant \u00e0 un b\u00e9n\u00e9vole.<\/p>\n\n\n\n<p>Pour plus d\u2019information, veuillez svp relire <a href=\"https:\/\/cimbcc.org\/test2\/profil-de-carriere-au-cimbcc-presentateur-et-presentatrice\" target=\"_blank\" rel=\"noreferrer noopener\">l\u2019article du CHIP<\/a> qui d\u00e9crit la fonction de pr\u00e9sentateur et pr\u00e9sentatrice au Club.<\/p>\n\n\n\n<hr class=\"wp-block-separator has-alpha-channel-opacity\"\/>\n\n\n\n<h4 class=\"wp-block-heading\"><strong>Assistance technique en salle<\/strong><\/h4>\n\n\n\n<p>L\u2019\u00e9quipe de <a href=\"https:\/\/cimbcc.org\/test2\/entraide\/lassistance-avant-les-seances\" target=\"_blank\" rel=\"noreferrer noopener\">l\u2019assistance technique en salle<\/a> a r\u00e9pondu \u00e0 221\u00a0demandes d\u2019aide depuis septembre dernier, alors que 339\u00a0demandes avaient \u00e9t\u00e9 re\u00e7ues pendant toute l\u2019ann\u00e9e\u00a02023-2024. Est-ce que le total de l\u2019ann\u00e9e\u00a02024-2025 sera sup\u00e9rieur au total de l\u2019ann\u00e9e pr\u00e9c\u00e9dente ? Ce service est certainement utile et appr\u00e9ci\u00e9 des membres qui ont besoin d\u2019aide et qui peuvent se d\u00e9placer.<\/p>\n\n\n\n<p>Normalement, ce service est offert le mercredi apr\u00e8s-midi \u00e0 la <a href=\"https:\/\/cimbcc.org\/test2\/partage-de-connaissances\/familiarisation-a-linternet\/bibliotheque-de-saint-bruno\" target=\"_blank\" rel=\"noreferrer noopener\">biblioth\u00e8que de Saint-Bruno<\/a> et le vendredi apr\u00e8s-midi avant le d\u00e9but des s\u00e9ances de pr\u00e9sentation. <strong>Exceptionnellement, les s\u00e9ances du vendredi se tiennent seulement en ligne en janvier et f\u00e9vrier?; il n\u2019y a donc pas non plus de service d\u2019assistance le vendredi<\/strong>, pendant cette p\u00e9riode. Toutefois, l\u2019\u00e9quipe sera pr\u00eate \u00e0 <strong>reprendre le service d\u00e8s le 14\u00a0mars<\/strong> tout en \u00e9tant pr\u00e9sente tous les mercredis apr\u00e8s-midi \u00e0 la biblioth\u00e8que.<\/p>\n\n\n\n<hr class=\"wp-block-separator has-alpha-channel-opacity\"\/>\n\n\n\n<h4 class=\"wp-block-heading\"><strong>Le site Web du Club (cimbcc.org)<\/strong><\/h4>\n\n\n\n<p>L\u2019ann\u00e9e\u00a02024 a \u00e9t\u00e9 relativement calme. Les webmestres ont r\u00e9alis\u00e9 les activit\u00e9s r\u00e9guli\u00e8res de maintenance, de mise \u00e0 jour et d\u2019am\u00e9lioration du <a href=\"https:\/\/cimbcc.org\/test2\/autres-services\/site-web\" target=\"_blank\" rel=\"noreferrer noopener\">site Web<\/a>.<\/p>\n\n\n\n<p>Les priorit\u00e9s de l\u2019\u00e9quipe sont&nbsp;:<\/p>\n\n\n\n<ul class=\"wp-block-list\">\n<li>Le maintien d\u2019un site fonctionnel et de qualit\u00e9.<\/li>\n\n\n\n<li>L\u2019adaptation du site aux exigences de la Loi\u00a025 sur la protection des renseignements personnels.<\/li>\n\n\n\n<li>L\u2019\u00e9volution du site pour r\u00e9pondre aux besoins du conseil d\u2019administration et des responsables d\u2019activit\u00e9.<\/li>\n\n\n\n<li>La poursuite de l\u2019objectif d\u2019augmenter la connaissance du site par les membres.<\/li>\n<\/ul>\n\n\n\n<hr class=\"wp-block-separator has-alpha-channel-opacity\"\/>\n\n\n\n<h4 class=\"wp-block-heading\"><strong>Neutralit\u00e9 commerciale du Club<\/strong><\/h4>\n\n\n\n<p>Il y a d\u00e9j\u00e0 quelques ann\u00e9es que le conseil d\u2019administration a dot\u00e9 le Club de lignes directrices quant \u00e0 sa neutralit\u00e9 commerciale. L\u2019objectif poursuivi est de pr\u00e9server son ind\u00e9pendance \u00e0 l\u2019\u00e9gard des fournisseurs de produits informatiques et de communication. Par cons\u00e9quent, il n\u2019acceptera aucun financement ou autre aide financi\u00e8re de ces fournisseurs.<\/p>\n\n\n\n<p>Cette neutralit\u00e9 commerciale n\u2019emp\u00eache pas le Club de se prononcer sur la qualit\u00e9 de certains produits informatiques et de communication. Il pourra aussi accepter la collaboration ou le partenariat d\u2019entreprises \u0153uvrant en informatique et en communication lorsque cela entra\u00eene des b\u00e9n\u00e9fices pour le Club et ses membres. Par exemple, il y a quelques ann\u00e9es, le Club a \u00e9tabli un partenariat avec Druide qui nous a fourni des licences d\u2019utilisation du logiciel Antidote ainsi qu\u2019un exemplaire qui a \u00e9t\u00e9 tir\u00e9 au sort parmi les membres. En \u00e9change, une visibilit\u00e9 a \u00e9t\u00e9 accord\u00e9e \u00e0 ce produit dans des activit\u00e9s du Club.<\/p>\n\n\n\n<p>La r\u00e9union du 6&nbsp;f\u00e9vrier fut l\u2019occasion de revoir ces principes et d\u2019ajouter qu\u2019aucun renseignement personnel sur les membres du Club ne sera fourni \u00e0 aucune entreprise, organisation ou autre entit\u00e9 externe au Club.<\/p>\n\n\n\n<hr class=\"wp-block-separator has-alpha-channel-opacity\"\/>\n\n\n\n<h4 class=\"wp-block-heading\"><strong>Outils de gestion<\/strong><\/h4>\n\n\n\n<p>La r\u00e9union s\u2019est termin\u00e9e apr\u00e8s avoir r\u00e9vis\u00e9 les lignes directrices qui doivent \u00eatre respect\u00e9es pour assurer la s\u00e9curit\u00e9 physique des membres lors des activit\u00e9s en salle, de m\u00eame que celles destin\u00e9es \u00e0 orienter la gestion des ordinateurs du Club, des logiciels payants et des adresses \u00e9lectroniques du Club.<\/p>\n\n\n\n<p>Le conseil d\u2019administration a approuv\u00e9 leur reconduction ou leur mise \u00e0 jour parce que, \u00e0 sa connaissance, les activit\u00e9s du Club respectent ces lignes directrices et il souhaite qu\u2019elles continuent \u00e0 s\u2019y conformer.<\/p>\n\n\n\n<p>Sylvie Mazur<br>Secr\u00e9taire du conseil d\u2019administration<\/p>\n","protected":false},"excerpt":{"rendered":"<p>En ce d\u00e9but de f\u00e9vrier, le conseil d\u2019administration a soulign\u00e9 l\u2019arriv\u00e9e de nouveaux b\u00e9n\u00e9voles apr\u00e8s avoir constat\u00e9 le nombre des adh\u00e9rents au Club. Le conseil a pris connaissance du rapport re\u00e7u de l\u2019\u00e9quipe de l\u2019assistance technique en salle ainsi que le rapport annuel de l\u2019\u00e9quipe des webmestres responsables du site Web du Club. Apr\u00e8s avoir &hellip; <a href=\"https:\/\/cimbcc.org\/test2\/echos-du-conseil-dadministration-6-fevrier-2025\/\" class=\"more-link\">Continuer la lecture de <span class=\"screen-reader-text\">\u00c9chos du conseil d&rsquo;administration &#8211; 6 f\u00e9vrier 2025<\/span>  <span class=\"meta-nav\">&rarr;<\/span><\/a><\/p>\n","protected":false},"author":43,"featured_media":0,"comment_status":"open","ping_status":"","sticky":false,"template":"","format":"standard","meta":{"footnotes":""},"categories":[386],"tags":[1892,126,594,426,909,125],"class_list":["post-52840","post","type-post","status-publish","format-standard","hentry","category-echos-du-conseil-dadministration","tag-assistance-technique-en-salle","tag-benevoles","tag-membres","tag-neutralite","tag-outils-de-gestion","tag-site-web"],"_links":{"self":[{"href":"https:\/\/cimbcc.org\/test2\/wp-json\/wp\/v2\/posts\/52840","targetHints":{"allow":["GET"]}}],"collection":[{"href":"https:\/\/cimbcc.org\/test2\/wp-json\/wp\/v2\/posts"}],"about":[{"href":"https:\/\/cimbcc.org\/test2\/wp-json\/wp\/v2\/types\/post"}],"author":[{"embeddable":true,"href":"https:\/\/cimbcc.org\/test2\/wp-json\/wp\/v2\/users\/43"}],"replies":[{"embeddable":true,"href":"https:\/\/cimbcc.org\/test2\/wp-json\/wp\/v2\/comments?post=52840"}],"version-history":[{"count":7,"href":"https:\/\/cimbcc.org\/test2\/wp-json\/wp\/v2\/posts\/52840\/revisions"}],"predecessor-version":[{"id":52849,"href":"https:\/\/cimbcc.org\/test2\/wp-json\/wp\/v2\/posts\/52840\/revisions\/52849"}],"wp:attachment":[{"href":"https:\/\/cimbcc.org\/test2\/wp-json\/wp\/v2\/media?parent=52840"}],"wp:term":[{"taxonomy":"category","embeddable":true,"href":"https:\/\/cimbcc.org\/test2\/wp-json\/wp\/v2\/categories?post=52840"},{"taxonomy":"post_tag","embeddable":true,"href":"https:\/\/cimbcc.org\/test2\/wp-json\/wp\/v2\/tags?post=52840"}],"curies":[{"name":"wp","href":"https:\/\/api.w.org\/{rel}","templated":true}]}}