{"id":52954,"date":"2025-03-10T22:00:00","date_gmt":"2025-03-11T02:00:00","guid":{"rendered":"https:\/\/cimbcc.org\/test2\/?p=52954"},"modified":"2025-03-07T20:44:21","modified_gmt":"2025-03-08T01:44:21","slug":"le-nouvel-outlook-sous-windows-10-et-11","status":"publish","type":"post","link":"https:\/\/cimbcc.org\/test2\/le-nouvel-outlook-sous-windows-10-et-11\/","title":{"rendered":"Le Nouvel Outlook sous Windows 10 et 11"},"content":{"rendered":"<div class=\"wp-block-image\">\n<figure class=\"aligncenter size-full\"><img loading=\"lazy\" decoding=\"async\" width=\"125\" height=\"132\" src=\"https:\/\/cimbcc.org\/test2\/wp-content\/uploads\/photo_vinet_daniel-e1667486419612.jpg\" alt=\"Daniel Vinet\" class=\"wp-image-42194\"\/><figcaption class=\"wp-element-caption\">Daniel Vinet<\/figcaption><\/figure>\n<\/div>\n\n\n<p>Dans <a href=\"https:\/\/cimbcc.org\/test2\/windows-11-24h2-quelles-sont-les-nouveautes\" target=\"_blank\" rel=\"noreferrer noopener\">cet article<\/a> datant de l\u2019\u00e9t\u00e9 dernier, j\u2019abordais la mise \u00e0 jour 24H2 de <a href=\"https:\/\/fr.wikipedia.org\/wiki\/Windows_11\" target=\"_blank\" rel=\"noreferrer noopener\"><em>Windows 11<\/em><\/a> et les principales modifications que celle-ci am\u00e8ne, incluant des changements importants au logiciel de messagerie <a href=\"https:\/\/fr.wikipedia.org\/wiki\/Mail_(Windows)\" target=\"_blank\" rel=\"noreferrer noopener\"><em>Courrier<\/em><\/a> devenu le <a href=\"https:\/\/en.wikipedia.org\/wiki\/Microsoft_Outlook#New_Outlook_for_Windows\" target=\"_blank\" rel=\"noreferrer noopener\"><em>Nouvel Outlook<\/em><\/a>.<\/p>\n\n\n\n<p>Nous apprenons, via <a href=\"https:\/\/support.microsoft.com\/fr-fr\/office\/outlook-pour-windows-l-avenir-du-courrier-du-calendrier-et-des-personnes-sur-windows-11-715fc27c-e0f4-4652-9174-47faa751b199\" target=\"_blank\" rel=\"noreferrer noopener\">cette page d\u2019information<\/a> du site de <em>Microsoft<\/em> que, depuis le 31 d\u00e9cembre dernier, l\u2019ancienne application n\u2019est plus fonctionnelle et l\u2019utilisateur est syst\u00e9matiquement invit\u00e9 \u00e0 mettre \u00e0 jour vers le <em>Nouvel Outlook<\/em>. Par ailleurs, les utilisateurs de <a href=\"https:\/\/fr.wikipedia.org\/wiki\/Windows_10\" target=\"_blank\" rel=\"noreferrer noopener\"><em>Windows 10<\/em><\/a> ont obtenu la mise \u00e0 jour quelques jours plus tard, soit le 4 janvier.<\/p>\n\n\n\n<!--more-->\n\n\n<div class=\"wp-block-image\">\n<figure class=\"aligncenter size-full\"><img loading=\"lazy\" decoding=\"async\" width=\"376\" height=\"127\" src=\"https:\/\/cimbcc.org\/test2\/wp-content\/uploads\/chip_2025_03_outlook_1.jpg\" alt=\"\" class=\"wp-image-52956\" srcset=\"https:\/\/cimbcc.org\/test2\/wp-content\/uploads\/chip_2025_03_outlook_1.jpg 376w, https:\/\/cimbcc.org\/test2\/wp-content\/uploads\/chip_2025_03_outlook_1-300x101.jpg 300w\" sizes=\"auto, (max-width: 376px) 100vw, 376px\" \/><\/figure>\n<\/div>\n\n\n<p>Comme pr\u00e9cis\u00e9 dans mon article, l\u2019application <a href=\"https:\/\/en.wikipedia.org\/wiki\/Calendar_(Windows)\" target=\"_blank\" rel=\"noreferrer noopener\"><em>Calendrier<\/em><\/a> a \u00e9t\u00e9 int\u00e9gr\u00e9e au <em>Nouvel Outlook<\/em> et n\u2019existe plus de fa\u00e7on ind\u00e9pendante. Par contre, l\u2019application <em>To Do<\/em> (T\u00e2ches) existe toujours et elle est \u00e9galement reli\u00e9e au volet <em>To Do<\/em> dans le <em>Nouvel Outlook<\/em>.<\/p>\n\n\n\n<p>Lorsque j\u2019ai cliqu\u00e9 sur le bouton <em>To Do<\/em>, une fen\u00eatre est apparue m\u2019informant des nouveaut\u00e9s.<\/p>\n\n\n<div class=\"wp-block-image\">\n<figure class=\"aligncenter size-full\"><img loading=\"lazy\" decoding=\"async\" width=\"320\" height=\"307\" src=\"https:\/\/cimbcc.org\/test2\/wp-content\/uploads\/chip_2025_03_outlook_2.jpg\" alt=\"\" class=\"wp-image-52957\" srcset=\"https:\/\/cimbcc.org\/test2\/wp-content\/uploads\/chip_2025_03_outlook_2.jpg 320w, https:\/\/cimbcc.org\/test2\/wp-content\/uploads\/chip_2025_03_outlook_2-300x288.jpg 300w\" sizes=\"auto, (max-width: 320px) 100vw, 320px\" \/><\/figure>\n<\/div>\n\n\n<p>Apr\u00e8s avoir cliqu\u00e9 sur <strong>Allons-y<\/strong>, j\u2019ai constat\u00e9 que <em>To Do<\/em> \u00e9tait pr\u00e9sente dans le <em>Nouvel Outlook<\/em>. L\u2019ic\u00f4ne \u00e0 cliquer se trouve dans la barre de la fen\u00eatre, en haut \u00e0 droite.<\/p>\n\n\n\n<p>Cette ic\u00f4ne vous donne acc\u00e8s \u00e9galement \u00e0 votre calendrier, le tout sous forme d\u2019une vue rapide qui se superpose \u00e0 votre fen\u00eatre principale. Par ailleurs, notez qu\u2019il est possible d\u2019avoir une nouvelle fen\u00eatre du <em>Nouvel Outlook<\/em> pr\u00e9sentant votre calendrier et agenda.<\/p>\n\n\n<div class=\"wp-block-image\">\n<figure class=\"aligncenter size-full\"><img loading=\"lazy\" decoding=\"async\" width=\"694\" height=\"456\" src=\"https:\/\/cimbcc.org\/test2\/wp-content\/uploads\/chip_2025_03_outlook_3.jpg\" alt=\"\" class=\"wp-image-52958\" srcset=\"https:\/\/cimbcc.org\/test2\/wp-content\/uploads\/chip_2025_03_outlook_3.jpg 694w, https:\/\/cimbcc.org\/test2\/wp-content\/uploads\/chip_2025_03_outlook_3-300x197.jpg 300w, https:\/\/cimbcc.org\/test2\/wp-content\/uploads\/chip_2025_03_outlook_3-120x80.jpg 120w\" sizes=\"auto, (max-width: 694px) 100vw, 694px\" \/><\/figure>\n<\/div>\n\n\n<p>A contrario, l\u2019application <em>To Do<\/em> existe toujours de fa\u00e7on ind\u00e9pendante. Donc, ce que vous voyez dans la vue rapide du <em>Nouvel Outlook<\/em> est \u00e9galement pr\u00e9sent dans l\u2019application <em>Microsoft To Do<\/em>.<\/p>\n\n\n<div class=\"wp-block-image\">\n<figure class=\"aligncenter size-full\"><img loading=\"lazy\" decoding=\"async\" width=\"693\" height=\"352\" src=\"https:\/\/cimbcc.org\/test2\/wp-content\/uploads\/chip_2025_03_outlook_4.jpg\" alt=\"\" class=\"wp-image-52959\" srcset=\"https:\/\/cimbcc.org\/test2\/wp-content\/uploads\/chip_2025_03_outlook_4.jpg 693w, https:\/\/cimbcc.org\/test2\/wp-content\/uploads\/chip_2025_03_outlook_4-300x152.jpg 300w\" sizes=\"auto, (max-width: 693px) 100vw, 693px\" \/><\/figure>\n<\/div>\n\n\n<h4 class=\"wp-block-heading\">Nouvelle apparence<\/h4>\n\n\n\n<p>Le <em>Nouvel Outlook<\/em> affiche une interface modernis\u00e9e et plus attrayante. Bien qu\u2019affichant une barre de menu simplifi\u00e9e, sachez qu\u2019il est toujours possible d\u2019afficher le ruban classique.<\/p>\n\n\n\n<p>Pour ce faire, cliquez sur la petite fl\u00e8che qui pointe vers le bas, situ\u00e9e tout au bout du ruban \u00e0 droite, puis choisissez <strong>Ruban classique<\/strong>.<\/p>\n\n\n<div class=\"wp-block-image\">\n<figure class=\"aligncenter size-full\"><img loading=\"lazy\" decoding=\"async\" width=\"693\" height=\"284\" src=\"https:\/\/cimbcc.org\/test2\/wp-content\/uploads\/chip_2025_03_outlook_5.jpg\" alt=\"\" class=\"wp-image-52960\" srcset=\"https:\/\/cimbcc.org\/test2\/wp-content\/uploads\/chip_2025_03_outlook_5.jpg 693w, https:\/\/cimbcc.org\/test2\/wp-content\/uploads\/chip_2025_03_outlook_5-300x123.jpg 300w\" sizes=\"auto, (max-width: 693px) 100vw, 693px\" \/><figcaption class=\"wp-element-caption\">Affichage du ruban classique (option s\u00e9lectionn\u00e9e)<\/figcaption><\/figure>\n<\/div>\n\n\n<p>Pour les habitu\u00e9s du large ruban, ce mode de pr\u00e9sentation vous facilitera l\u2019adoption du <em>Nouvel Outlook<\/em>.<\/p>\n\n\n\n<h4 class=\"wp-block-heading\">Des raccourcis pas toujours pratiques<\/h4>\n\n\n\n<p>Au lancement du <em>Nouvel Outlook<\/em>, vous observerez des ic\u00f4nes de lancement d\u2019applications de la suite <a href=\"https:\/\/fr.wikipedia.org\/wiki\/Microsoft_Office\" target=\"_blank\" rel=\"noreferrer noopener\"><em>Microsoft Office<\/em><\/a>, maintenant connue sous le nom de <a href=\"https:\/\/fr.wikipedia.org\/wiki\/Microsoft_365\" target=\"_blank\" rel=\"noreferrer noopener\"><em>Microsoft 365<\/em><\/a>. Or, l\u2019utilisation de ses boutons vous renvoie vers les versions en ligne des applications, telles que <a href=\"https:\/\/fr.wikipedia.org\/wiki\/Microsoft_Word\" target=\"_blank\" rel=\"noreferrer noopener\"><em>Word<\/em><\/a>, <a href=\"https:\/\/fr.wikipedia.org\/wiki\/Microsoft_Excel\" target=\"_blank\" rel=\"noreferrer noopener\"><em>Excel<\/em><\/a> ou <a href=\"https:\/\/fr.wikipedia.org\/wiki\/Microsoft_PowerPoint\" target=\"_blank\" rel=\"noreferrer noopener\"><em>PowerPoint<\/em><\/a>.<\/p>\n\n\n<div class=\"wp-block-image\">\n<figure class=\"aligncenter size-full\"><img loading=\"lazy\" decoding=\"async\" width=\"425\" height=\"524\" src=\"https:\/\/cimbcc.org\/test2\/wp-content\/uploads\/chip_2025_03_outlook_6.jpg\" alt=\"\" class=\"wp-image-52961\" srcset=\"https:\/\/cimbcc.org\/test2\/wp-content\/uploads\/chip_2025_03_outlook_6.jpg 425w, https:\/\/cimbcc.org\/test2\/wp-content\/uploads\/chip_2025_03_outlook_6-243x300.jpg 243w\" sizes=\"auto, (max-width: 425px) 100vw, 425px\" \/><\/figure>\n<\/div>\n\n\n<p>Si vous poss\u00e9dez un abonnement <em>Microsoft 365<\/em>, il vous est possible de changer ce comportement depuis la mise \u00e0 jour <strong>2307<\/strong> (<strong>Build 16603.20000<\/strong>) de la suite bureautique.<\/p>\n\n\n\n<p>Ainsi, vous pouvez choisir par d\u00e9faut d\u2019utiliser vos applications install\u00e9es sur votre ordinateur plut\u00f4t que les versions en ligne.<\/p>\n\n\n\n<p>Pour ce faire, ouvrez une application comme <em>Word<\/em>, allez dans <strong>Fichier<\/strong>, choisissez <strong>Options<\/strong> en bas de la fen\u00eatre \u00e0 gauche. Ensuite, choisissez <strong>Options avanc\u00e9es<\/strong>. Dans la portion de droite, choisissez <strong>Pr\u00e9f\u00e9rences d\u2019ouverture de fichier<\/strong>, puis s\u00e9lectionnez <strong>Bureau<\/strong> dans la liste d\u00e9roulante.<\/p>\n\n\n<div class=\"wp-block-image\">\n<figure class=\"aligncenter size-full\"><img loading=\"lazy\" decoding=\"async\" width=\"924\" height=\"320\" src=\"https:\/\/cimbcc.org\/test2\/wp-content\/uploads\/chip_2025_03_outlook_7.jpg\" alt=\"\" class=\"wp-image-52962\" srcset=\"https:\/\/cimbcc.org\/test2\/wp-content\/uploads\/chip_2025_03_outlook_7.jpg 924w, https:\/\/cimbcc.org\/test2\/wp-content\/uploads\/chip_2025_03_outlook_7-300x104.jpg 300w, https:\/\/cimbcc.org\/test2\/wp-content\/uploads\/chip_2025_03_outlook_7-768x266.jpg 768w\" sizes=\"auto, (max-width: 924px) 100vw, 924px\" \/><figcaption class=\"wp-element-caption\">Version anglaise des explications ci-haut<\/figcaption><\/figure>\n<\/div>\n\n\n<p>Comme je n\u2019ai pas un abonnement <em>Microsoft 365<\/em>, mais plut\u00f4t une licence acquise de <a href=\"https:\/\/fr.wikipedia.org\/wiki\/Microsoft_Office_2021\" target=\"_blank\" rel=\"noreferrer noopener\"><em>Microsoft Office 2021<\/em><\/a>, ces options d\u00e9crites ne me sont pas disponibles.<\/p>\n\n\n\n<p>Pour plus d\u2019informations \u00e0 ce sujet, je dois vous renvoyer \u00e0 <a href=\"https:\/\/support.microsoft.com\/fr-fr\/office\/ouvrir-des-liens-de-fichiers-directement-dans-les-applications-de-bureau-office-fe241745-9e05-4142-9ba8-1bb1dc044773\" target=\"_blank\" rel=\"noreferrer noopener\">cette page d\u2019information<\/a> sur le site de <em>Microsoft<\/em>.<\/p>\n\n\n\n<p>Notez par ailleurs que l\u2019ouverture d\u2019une pi\u00e8ce jointe pr\u00e9sente dans un courriel ouvrira l\u2019application associ\u00e9e sur votre ordinateur ce qui est logique puisque la pi\u00e8ce jointe en question est d\u00e9j\u00e0 pr\u00e9sente sur votre ordinateur.<\/p>\n\n\n\n<h4 class=\"wp-block-heading\">Deux philosophies de fonctionnement, mais un m\u00eame but<\/h4>\n\n\n\n<p>Dans le monde de la messagerie, il existe deux approches du traditionnel \u00ab&nbsp;courriel-agenda-t\u00e2ches&nbsp;\u00bb. La premi\u00e8re est d\u2018avoir des applications s\u00e9par\u00e9es qui peuvent communiquer entre elles. Par exemple, une date d\u00e9tect\u00e9e dans un courriel peut servir de base \u00e0 inscrire un rendez-vous dans votre calendrier\/agenda qui est une application s\u00e9par\u00e9e.<\/p>\n\n\n\n<p>L\u2019autre approche consiste \u00e0 int\u00e9grer ces trois fonctions en un seul produit. Le logiciel <em>Microsoft Outlook<\/em> classique fourni avec la suite <em>Microsoft Office<\/em> ou <em>Microsoft 365<\/em>, fonctionne de cette fa\u00e7on. On parle alors de <a href=\"https:\/\/fr.wikipedia.org\/wiki\/Gestionnaire_d%27informations_personnelles\" target=\"_blank\" rel=\"noreferrer noopener\">gestionnaire d\u2019informations personnelles<\/a>. Parfois, vous y trouverez m\u00eame une section de notes et\/ou <a href=\"https:\/\/fr.wikipedia.org\/wiki\/Post-it\" target=\"_blank\" rel=\"noreferrer noopener\"><em>Post-it<\/em><\/a> en plus.<\/p>\n\n\n\n<p>En milieu professionnel, j\u2019ai \u00e9t\u00e9 administrateur d\u2019une solution corporative nomm\u00e9e <a href=\"https:\/\/en.wikipedia.org\/wiki\/GroupWise\" target=\"_blank\" rel=\"noreferrer noopener\"><em>GroupWise<\/em><\/a>. Cette derni\u00e8re adopte la m\u00eame philosophie d\u2019int\u00e9gration.<\/p>\n\n\n\n<p><em>Microsoft<\/em> semble vouloir orienter le <em>Nouvel Outlook<\/em> dans la m\u00eame direction que son produit phare, <em>Microsoft Outlook<\/em> classique, en y int\u00e9grant les \u00e9l\u00e9ments s\u00e9par\u00e9s. Pour le reste, le <em>Nouvel Outlook<\/em> demeure une application de messagerie comme nous connaissons.<\/p>\n\n\n\n<h4 class=\"wp-block-heading\">Outlook, Outlook et Outlook ou\u2026 Outlook<\/h4>\n\n\n\n<p>Je dois avouer que la section \u00ab&nbsp;marketing&nbsp;\u00bb de <em>Microsoft<\/em> n\u2019a pas fait fort, ici. Lorsque nous utilisons le mot \u00ab&nbsp;<strong>Outlook<\/strong>&nbsp;\u00bb, celui-ci fait r\u00e9f\u00e9rence \u00e0 plusieurs choses. Donc, question de vous \u00e9clairer sur le sujet, voici un petit tableau des \u00ab&nbsp;<strong>Outlook<\/strong>&nbsp;\u00bb&nbsp;:<\/p>\n\n\n\n<figure class=\"wp-block-table\"><table class=\"has-fixed-layout\"><tbody><tr><td><strong>Nom<\/strong><\/td><td><strong>Produit<\/strong><\/td><\/tr><tr><td>Microsoft Outlook<\/td><td>Logiciel classique install\u00e9 sur votre ordinateur, disponible dans la suite <em>Microsoft Office<\/em> ou avec un abonnement <em>Microsoft 365<\/em>.<\/td><\/tr><tr><td>Nouvel Outlook<\/td><td>Logiciel de messagerie gratuit et fourni avec <em>Windows<\/em>. Il s\u2019agit de la version qui fait l\u2019objet du pr\u00e9sent article. &nbsp;<\/td><\/tr><tr><td>Microsoft Outlook en ligne (<a href=\"https:\/\/outlook.com\" target=\"_blank\" rel=\"noreferrer noopener\">https:\/\/outlook.com<\/a>)<\/td><td>M\u00eame produit que le pr\u00e9c\u00e9dent, mais disponible en ligne \u00e0 l\u2019aide de votre <a href=\"https:\/\/fr.wikipedia.org\/wiki\/Navigateur_web\" target=\"_blank\" rel=\"noreferrer noopener\">navigateur<\/a>, tel que <a href=\"https:\/\/fr.wikipedia.org\/wiki\/Google_Chrome\" target=\"_blank\" rel=\"noreferrer noopener\"><em>Chrome<\/em><\/a>, <a href=\"https:\/\/fr.wikipedia.org\/wiki\/Microsoft_Edge\" target=\"_blank\" rel=\"noreferrer noopener\"><em>Edge<\/em><\/a>, <a href=\"https:\/\/fr.wikipedia.org\/wiki\/Brave_(navigateur_web)\" target=\"_blank\" rel=\"noreferrer noopener\"><em>Brave<\/em><\/a>, etc. Celui-ci n\u2019est pas install\u00e9 sur votre ordinateur, il s\u2019utilise uniquement en ligne. &nbsp;<\/td><\/tr><tr><td>@outlook.com<\/td><td>Domaine de courriel de <em>Microsoft<\/em>. Par exemple &lt;<a href=\"mailto:adresse@outlook.com\" target=\"_blank\" rel=\"noreferrer noopener\">adresse@outlook.com<\/a>&gt;. &nbsp; Parmi les domaines, anciens et actuels, support\u00e9s par <em>Microsoft<\/em>, nous retrouvons&nbsp;: @live.com et autres pour pays comme @live.fr@homail.com et autres pour pays comme @hotmail.fr@microsoft.com et @microsoft.net@exchange.com &nbsp;<\/td><\/tr><\/tbody><\/table><\/figure>\n\n\n\n<p>En terminant, je vous recommande <a href=\"https:\/\/support.microsoft.com\/fr-fr\/office\/prise-en-main-de-la-nouvelle-version-d-outlook-pour-windows-656bb8d9-5a60-49b2-a98b-ba7822bc7627\" target=\"_blank\" rel=\"noreferrer noopener\">cette page sur le site de <em>Microsoft<\/em><\/a> o\u00f9 vous trouverez toute l\u2019information n\u00e9cessaire afin de vous familiariser avec le <em>Nouvel Outlook<\/em>.<\/p>\n\n\n\n<p>Informatiquement v\u00f4tre.<\/p>\n\n\n\n<p>Daniel Vinet<\/p>\n","protected":false},"excerpt":{"rendered":"<p>Dans cet article datant de l\u2019\u00e9t\u00e9 dernier, j\u2019abordais la mise \u00e0 jour 24H2 de Windows 11 et les principales modifications que celle-ci am\u00e8ne, incluant des changements importants au logiciel de messagerie Courrier devenu le Nouvel Outlook. Nous apprenons, via cette page d\u2019information du site de Microsoft que, depuis le 31 d\u00e9cembre dernier, l\u2019ancienne application n\u2019est &hellip; <a href=\"https:\/\/cimbcc.org\/test2\/le-nouvel-outlook-sous-windows-10-et-11\/\" class=\"more-link\">Continuer la lecture de <span class=\"screen-reader-text\">Le Nouvel Outlook sous Windows 10 et 11<\/span>  <span class=\"meta-nav\">&rarr;<\/span><\/a><\/p>\n","protected":false},"author":43,"featured_media":0,"comment_status":"open","ping_status":"","sticky":false,"template":"","format":"standard","meta":{"footnotes":""},"categories":[53],"tags":[785,1347,2250,98,548,2251,88,1499],"class_list":["post-52954","post","type-post","status-publish","format-standard","hentry","category-chronique-logiciel","tag-calendrier","tag-microsoft-365","tag-nouvel-outlook","tag-outlook","tag-outlook-com","tag-to-do","tag-windows-10","tag-windows-11"],"_links":{"self":[{"href":"https:\/\/cimbcc.org\/test2\/wp-json\/wp\/v2\/posts\/52954","targetHints":{"allow":["GET"]}}],"collection":[{"href":"https:\/\/cimbcc.org\/test2\/wp-json\/wp\/v2\/posts"}],"about":[{"href":"https:\/\/cimbcc.org\/test2\/wp-json\/wp\/v2\/types\/post"}],"author":[{"embeddable":true,"href":"https:\/\/cimbcc.org\/test2\/wp-json\/wp\/v2\/users\/43"}],"replies":[{"embeddable":true,"href":"https:\/\/cimbcc.org\/test2\/wp-json\/wp\/v2\/comments?post=52954"}],"version-history":[{"count":5,"href":"https:\/\/cimbcc.org\/test2\/wp-json\/wp\/v2\/posts\/52954\/revisions"}],"predecessor-version":[{"id":52967,"href":"https:\/\/cimbcc.org\/test2\/wp-json\/wp\/v2\/posts\/52954\/revisions\/52967"}],"wp:attachment":[{"href":"https:\/\/cimbcc.org\/test2\/wp-json\/wp\/v2\/media?parent=52954"}],"wp:term":[{"taxonomy":"category","embeddable":true,"href":"https:\/\/cimbcc.org\/test2\/wp-json\/wp\/v2\/categories?post=52954"},{"taxonomy":"post_tag","embeddable":true,"href":"https:\/\/cimbcc.org\/test2\/wp-json\/wp\/v2\/tags?post=52954"}],"curies":[{"name":"wp","href":"https:\/\/api.w.org\/{rel}","templated":true}]}}