{"id":52970,"date":"2025-03-15T19:00:00","date_gmt":"2025-03-15T23:00:00","guid":{"rendered":"https:\/\/cimbcc.org\/test2\/?p=52970"},"modified":"2025-03-16T19:09:25","modified_gmt":"2025-03-16T23:09:25","slug":"panne-des-google-chromecast-fin-de-clicsequr-et-transmission-des-declarations-dimpot-retardee-dans-certains-cas","status":"publish","type":"post","link":"https:\/\/cimbcc.org\/test2\/panne-des-google-chromecast-fin-de-clicsequr-et-transmission-des-declarations-dimpot-retardee-dans-certains-cas\/","title":{"rendered":"Panne des Google Chromecast, fin de clicS\u00c9QUR et transmission des d\u00e9clarations d&rsquo;imp\u00f4t retard\u00e9e dans certains cas"},"content":{"rendered":"<div class=\"wp-block-image\">\n<figure class=\"aligncenter size-full\"><img loading=\"lazy\" decoding=\"async\" width=\"125\" height=\"125\" src=\"https:\/\/cimbcc.org\/test2\/wp-content\/uploads\/photo_charron_denis.jpg\" alt=\"\" class=\"wp-image-24081\"\/><figcaption class=\"wp-element-caption\">Denis Charron<\/figcaption><\/figure>\n<\/div>\n\n\n<p>Les trois sujets mentionn\u00e9s dans cet article sont :<\/p>\n\n\n\n<ul class=\"wp-block-list\">\n<li>Google Chromecast 2 en panne depuis le 9 mars 2025 ;<\/li>\n\n\n\n<li>fin de clicS\u00c9QUR \u00e0 partir du 12 mars 2025 ;<\/li>\n\n\n\n<li>transmission des d\u00e9clarations d&rsquo;imp\u00f4t par voie \u00e9lectronique retard\u00e9e dans certains cas.<\/li>\n<\/ul>\n\n\n\n<!--more-->\n\n\n\n<hr class=\"wp-block-separator has-alpha-channel-opacity\"\/>\n\n\n\n<h4 class=\"wp-block-heading\"><strong>Google Chromecast 2 en panne depuis le 9 mars 2025<\/strong><\/h4>\n\n\n\n<p>Depuis dimanche 9 mars 2025, mon <a href=\"https:\/\/fr.wikipedia.org\/wiki\/Chromecast\" target=\"_blank\" rel=\"noreferrer noopener\">Chromecast<\/a> refusait de diffuser le contenu de mon t\u00e9l\u00e9phone ou de ma tablette sur mon t\u00e9l\u00e9viseur. Je sais maintenant pourquoi. <a href=\"https:\/\/francoischarron.com\/gadgets-techno\/informations\/panne-majeure-des-google-chromecast-2\/6hTVYJFjgU\/\" target=\"_blank\" rel=\"noreferrer noopener\">Cet article<\/a> du site&nbsp;de <em>Fran\u00e7ois Charron<\/em> explique que le <a href=\"https:\/\/fr.wikipedia.org\/wiki\/Certificat_%C3%A9lectronique\" target=\"_blank\" rel=\"noreferrer noopener\">certificat de s\u00e9curit\u00e9<\/a> de ces appareils est venu \u00e0 \u00e9ch\u00e9ance et qu&rsquo;il n&rsquo;a pas \u00e9t\u00e9 renouvel\u00e9&nbsp;par <a href=\"https:\/\/fr.wikipedia.org\/wiki\/Google\" target=\"_blank\" rel=\"noreferrer noopener\">Google<\/a>. Ceci explique l&rsquo;impossibilit\u00e9 pour les Chromecast de se connecter aux serveurs de Google pour s&rsquo;authentifier. <\/p>\n\n\n\n<p>Google a reconnu le probl\u00e8me et travaille \u00e0 une solution. Il est fortement conseill\u00e9 de laisser le Chromecast branch\u00e9 et de <strong><mark style=\"background-color:rgba(0, 0, 0, 0);color:#ff0000\" class=\"has-inline-color\">ne pas le r\u00e9initialiser<\/mark><\/strong>. C&rsquo;est trop tard pour moi. J&rsquo;ai suivi les proc\u00e9dures de d\u00e9pannage qu&rsquo;ils donnaient sur leur site. On verra bien.<\/p>\n\n\n\n<p><a href=\"https:\/\/www.journaldugeek.com\/2025\/03\/14\/chromecast-2-google-deploie-un-correctif-mais-des-problemes-persistent\/\" target=\"_blank\" rel=\"noreferrer noopener\">Cet article<\/a> du 14 mars 2025 du <em>Journal du Geek<\/em> mentionne l&rsquo;information suivante :<\/p>\n\n\n\n<blockquote class=\"wp-block-quote is-layout-flow wp-block-quote-is-layout-flow\">\n<p><\/p>\n<\/blockquote>\n\n\n\n<p>\u00ab <em>Google passe enfin \u00e0 l\u2019action pour r\u00e9soudre les probl\u00e8mes affectant les Chromecast 2 et Chromecast Audio. Dans une page de support, le g\u00e9ant am\u00e9ricain annonce qu\u2019il a&nbsp;<strong>\u00ab&nbsp;commenc\u00e9 \u00e0 d\u00e9ployer un correctif pour le probl\u00e8me avec les appareils Chromecast (2e g\u00e9n\u00e9ration) et Chromecast Audio&nbsp;\u00bb<\/strong>. L\u2019entreprise&nbsp;<a href=\"https:\/\/www.googlenestcommunity.com\/t5\/Streaming\/Regarding-an-issue-with-Chromecast-2nd-gen-and-Chromecast-Audio\/td-p\/686992\" target=\"_blank\" rel=\"noreferrer noopener\">pr\u00e9cise<\/a>&nbsp;que le d\u00e9ploiement&nbsp;<strong>\u00ab&nbsp;sera termin\u00e9 dans les prochains jours&nbsp;\u00bb<\/strong>&nbsp;et qu\u2019il est n\u00e9cessaire de garder son appareil connect\u00e9 pour recevoir la mise \u00e0 jour salvatrice.<\/em> \u00bb<\/p>\n\n\n\n<hr class=\"wp-block-separator has-alpha-channel-opacity\"\/>\n\n\n\n<h4 class=\"wp-block-heading\"><strong>Fin de clicS\u00c9QUR \u00e0 partir du 12 mars 2025<\/strong><\/h4>\n\n\n\n<p>La <a href=\"https:\/\/fr.wikipedia.org\/wiki\/R%C3%A9gie_de_l%27assurance_maladie_du_Qu%C3%A9bec\" target=\"_blank\" rel=\"noreferrer noopener\">R\u00e9gie de l&rsquo;assurance maladie du Qu\u00e9bec<\/a> (RAMQ) abandonne <a href=\"https:\/\/www.info.clicsequr.gouv.qc.ca\/citoyens\/\" target=\"_blank\" rel=\"noreferrer noopener\">clicS\u00c9QUR<\/a>&nbsp;comme outil de branchement \u00e0 son site Web pour le remplacer par<strong> <\/strong>le <a href=\"https:\/\/fr.wikipedia.org\/wiki\/Service_d%27authentification_gouvernementale\" target=\"_blank\" rel=\"noreferrer noopener\">Service d&rsquo;authentification gouvernementale<\/a> (SAG)<strong>&nbsp;<\/strong>\u00e0 compter de mercredi 12 mars 2025. <\/p>\n\n\n\n<p>Ce service d&rsquo;authentification remplacera compl\u00e8tement clicS\u00c9QUR d&rsquo;ici la fin de cette ann\u00e9e dans les connexions avec les services du Gouvernement du Qu\u00e9bec. <a href=\"https:\/\/www.lapresse.ca\/affaires\/techno\/2025-03-12\/vie-numerique\/clins-d-oeil.php\" target=\"_blank\" rel=\"noreferrer noopener\">Cet article<\/a> de <em>La Presse<\/em> annonce ce changement important. <\/p>\n\n\n\n<p>Pour cr\u00e9er ou acc\u00e9der \u00e0 votre compte du Service d&rsquo;authentification gouvernementale \u00e0 partir du Carnet Sant\u00e9 Qu\u00e9bec, veuillez <a href=\"https:\/\/carnetsante.gouv.qc.ca\/portail\" target=\"_blank\" rel=\"noreferrer noopener\">cliquer sur ce lien<\/a>.<\/p>\n\n\n\n<p>\u00ab <em>Pour s\u2019y cr\u00e9er un compte, il faut avoir en main certaines informations personnelles, comme son num\u00e9ro d\u2019assurance maladie, son num\u00e9ro d\u2019assurance sociale, son num\u00e9ro d\u2019avis de cotisation aupr\u00e8s de Revenu Qu\u00e9bec et le num\u00e9ro de r\u00e9f\u00e9rence inscrit sur son permis de conduire ou sa carte d\u2019assurance maladie.<\/em> \u00bb<\/p>\n\n\n\n<hr class=\"wp-block-separator has-alpha-channel-opacity\"\/>\n\n\n\n<h4 class=\"wp-block-heading\"><strong>Transmission des d\u00e9clarations d&rsquo;imp\u00f4t par voie \u00e9lectronique retard\u00e9e<\/strong> dans certains cas<\/h4>\n\n\n\n<p>Si comme moi vous utilisez un logiciel pour faire et envoyer vos d\u00e9clarations d&rsquo;imp\u00f4t, il se peut que vous ne puissiez pas les envoyer actuellement, si vous avez un gain ou une perte en capital \u00e0 d\u00e9clarer. <\/p>\n\n\n\n<p>Ce contretemps est caus\u00e9 par les tergiversations du gouvernement f\u00e9d\u00e9ral&nbsp;quant \u00e0 son projet de modifier les r\u00e8gles sur le gain en capital. Un formulaire des logiciels doit \u00eatre mis \u00e0 jour, mais il n&rsquo;est pas encore disponible. <a href=\"https:\/\/www.lapresse.ca\/affaires\/finances-personnelles\/2025-03-13\/declarations-de-gain-en-capital\/remboursements-d-impot-retardes-date-limite-prolongee.php\" target=\"_blank\" rel=\"noreferrer noopener\">Cet autre article<\/a> de&nbsp;<em>La Presse<\/em>&nbsp;vous donnera plus de d\u00e9tails.<\/p>\n\n\n\n<p>Denis Charron<\/p>\n\n\n\n<p><\/p>\n\n\n\n<p><\/p>\n\n\n\n<p><\/p>\n\n\n\n<p><\/p>\n","protected":false},"excerpt":{"rendered":"<p>Les trois sujets mentionn\u00e9s dans cet article sont :<\/p>\n","protected":false},"author":43,"featured_media":0,"comment_status":"open","ping_status":"","sticky":false,"template":"","format":"standard","meta":{"footnotes":""},"categories":[403],"tags":[696,2031,2258,35,28,803,2256,2257],"class_list":["post-52970","post","type-post","status-publish","format-standard","hentry","category-applications","tag-chromecast","tag-clicsequr","tag-gain-en-capital","tag-google","tag-impots","tag-ramq","tag-sag","tag-service-dauthentification-gouvernementale"],"_links":{"self":[{"href":"https:\/\/cimbcc.org\/test2\/wp-json\/wp\/v2\/posts\/52970","targetHints":{"allow":["GET"]}}],"collection":[{"href":"https:\/\/cimbcc.org\/test2\/wp-json\/wp\/v2\/posts"}],"about":[{"href":"https:\/\/cimbcc.org\/test2\/wp-json\/wp\/v2\/types\/post"}],"author":[{"embeddable":true,"href":"https:\/\/cimbcc.org\/test2\/wp-json\/wp\/v2\/users\/43"}],"replies":[{"embeddable":true,"href":"https:\/\/cimbcc.org\/test2\/wp-json\/wp\/v2\/comments?post=52970"}],"version-history":[{"count":19,"href":"https:\/\/cimbcc.org\/test2\/wp-json\/wp\/v2\/posts\/52970\/revisions"}],"predecessor-version":[{"id":53055,"href":"https:\/\/cimbcc.org\/test2\/wp-json\/wp\/v2\/posts\/52970\/revisions\/53055"}],"wp:attachment":[{"href":"https:\/\/cimbcc.org\/test2\/wp-json\/wp\/v2\/media?parent=52970"}],"wp:term":[{"taxonomy":"category","embeddable":true,"href":"https:\/\/cimbcc.org\/test2\/wp-json\/wp\/v2\/categories?post=52970"},{"taxonomy":"post_tag","embeddable":true,"href":"https:\/\/cimbcc.org\/test2\/wp-json\/wp\/v2\/tags?post=52970"}],"curies":[{"name":"wp","href":"https:\/\/api.w.org\/{rel}","templated":true}]}}