{"id":52977,"date":"2025-03-12T20:33:49","date_gmt":"2025-03-13T00:33:49","guid":{"rendered":"https:\/\/cimbcc.org\/test2\/?p=52977"},"modified":"2025-03-12T20:33:49","modified_gmt":"2025-03-13T00:33:49","slug":"comment-creer-ou-modifier-vos-videos-personnelles","status":"publish","type":"post","link":"https:\/\/cimbcc.org\/test2\/comment-creer-ou-modifier-vos-videos-personnelles\/","title":{"rendered":"Comment cr\u00e9er ou modifier vos vid\u00e9os personnelles"},"content":{"rendered":"<div class=\"wp-block-image\">\n<figure class=\"aligncenter size-full\"><img loading=\"lazy\" decoding=\"async\" width=\"122\" height=\"125\" src=\"https:\/\/cimbcc.org\/test2\/wp-content\/uploads\/photo_delisle_pierre-e1739416452310.jpg\" alt=\"\" class=\"wp-image-44167\"\/><figcaption class=\"wp-element-caption\">Pierre Delisle<\/figcaption><\/figure>\n<\/div>\n\n\n<p>Dans la page du journal qui suit, qu\u2019est-ce qui vous accroche le plus ? Le texte, l\u2019image de la sorci\u00e8re ou l\u2019image anim\u00e9e ?<\/p>\n\n\n<div class=\"wp-block-image\">\n<figure class=\"aligncenter size-full\"><img loading=\"lazy\" decoding=\"async\" width=\"600\" height=\"623\" src=\"https:\/\/cimbcc.org\/test2\/wp-content\/uploads\/chip_2025_03_visuel_1.gif\" alt=\"\" class=\"wp-image-52984\"\/><\/figure>\n<\/div>\n\n\n<p>Si vous avez r\u00e9pondu l\u2019image anim\u00e9e, eh bien, vous faites partie du 82% de personnes plus attir\u00e9es par le mouvement. <a href=\"https:\/\/digital.hec.ca\/blog\/contenu-video-une-strategie-marketing-efficace-a-utiliser\/\" target=\"_blank\" rel=\"noreferrer noopener\">Le contenu vid\u00e9o attire<\/a> et capte mieux l\u2019attention que les photos et textes statiques.<\/p>\n\n\n\n<p>C&rsquo;est ce que nous examinerons vendredi <strong><mark style=\"background-color:rgba(0, 0, 0, 0);color:#ff0000\" class=\"has-inline-color\">21 mars<\/mark><\/strong> \u00e0 <strong><mark style=\"background-color:rgba(0, 0, 0, 0);color:#ff0000\" class=\"has-inline-color\">13 h 15.<\/mark><\/strong><\/p>\n\n\n\n<!--more-->\n\n\n\n<p>Au risque de para\u00eetre \u00ab&nbsp;qu\u00e9taine&nbsp;\u00bb, j\u2019ai eu l\u2019id\u00e9e de cet article en revisitant une bon vieux DVD de la s\u00e9rie Harry Potter. Et, encore une fois, j\u2019ai \u00e9t\u00e9 impressionn\u00e9 par le journal qui a des s\u00e9quences vid\u00e9os. Au premier visionnement, il y a tr\u00e8s longtemps, en 2001, c\u2019\u00e9tait encore plus mythique. <\/p>\n\n\n\n<p>Maintenant, <em>La Presse+<\/em> utilise de plus en plus cette technique. Alors, je me suis demand\u00e9 quel est le cheminement qui a amen\u00e9 \u00e0 ces technologies \u2026<\/p>\n\n\n\n<h4 class=\"wp-block-heading\">Remontons dans le temps<\/h4>\n\n\n\n<p>Tout d&rsquo;abord, voici une d\u00e9finition.<\/p>\n\n\n\n<p><strong>Communication visuelle diff\u00e9r\u00e9e<\/strong><em>&nbsp;: le r\u00e9cepteur d\u00e9code visuellement un message que l\u2019\u00e9metteur a produit \u00e0 un autre moment.<\/em><\/p>\n\n\n\n<p>Depuis l\u2019\u00e9poque o\u00f9 les mutations g\u00e9n\u00e9tiques ont men\u00e9 \u00e0 la cr\u00e9ation de l\u2019<em>homo sapiens<\/em>, ce bizarre d\u2019animal communique avec ses semblables en temps r\u00e9el&nbsp;par ses gestes, ses cris et sa parole. Mais, comment pouvait-il le faire en mode diff\u00e9r\u00e9 ?<\/p>\n\n\n<div class=\"wp-block-image\">\n<figure class=\"aligncenter size-full\"><img loading=\"lazy\" decoding=\"async\" width=\"320\" height=\"320\" src=\"https:\/\/cimbcc.org\/test2\/wp-content\/uploads\/chip_2025_03_visuel_2-e1741737346833.jpg\" alt=\"\" class=\"wp-image-52985\"\/><figcaption class=\"wp-element-caption\">Image g\u00e9n\u00e9r\u00e9e par intelligence artificielle<\/figcaption><\/figure>\n<\/div>\n\n\n<p>D\u2019abord, il y a eu le dessin. C\u2019est sur un fragment de pierre que les chercheurs ont d\u00e9couvert ce qui semble \u00eatre le plus vieux dessin connu, provenant de l\u2019Afrique du Sud et <a href=\"https:\/\/www.nationalgeographic.fr\/histoire\/decouverte-du-plus-vieux-dessin-de-lhistoire\" target=\"_blank\" rel=\"noreferrer noopener\">datant de 73&nbsp;000 ans<\/a>.<\/p>\n\n\n\n<p>Ce n\u2019est que <a href=\"https:\/\/www.arte.tv\/fr\/videos\/114895-000-A\/la-plus-ancienne-ecriture-du-monde-et-l-intelligence-artificielle\/\">67&nbsp;000 ann\u00e9es<\/a> plus tard que les <a href=\"https:\/\/fr.wikipedia.org\/wiki\/Sumer\" target=\"_blank\" rel=\"noreferrer noopener\">sum\u00e9riens<\/a> ont invent\u00e9 les premi\u00e8res \u00e9critures, <a href=\"https:\/\/fr.wikipedia.org\/wiki\/Cun%C3%A9iforme\" target=\"_blank\" rel=\"noreferrer noopener\">cun\u00e9iformes<\/a>, constitu\u00e9es de signes en forme de clou et de coins. Et voil\u00e0 ! Ils pouvaient commencer \u00e0 \u00e9crire des messages. L\u2019<a href=\"https:\/\/fr.wikipedia.org\/wiki\/%C3%89criture\" target=\"_blank\" rel=\"noreferrer noopener\">\u00e9criture<\/a>, devenue indispensable comme moyen de communication, a rapidement \u00e9volu\u00e9, passant des premiers <a href=\"https:\/\/fr.wikipedia.org\/wiki\/%C3%89criture_hi%C3%A9roglyphique_%C3%A9gyptienne\" target=\"_blank\" rel=\"noreferrer noopener\">hi\u00e9roglyphes<\/a>, il y a <a href=\"https:\/\/www.hominides.com\/dossiers\/ecriture-origine-naissance-premieres-ecritures\/\" target=\"_blank\" rel=\"noreferrer noopener\">5&nbsp;000 ans<\/a>, vers les premiers <a href=\"https:\/\/fr.wikipedia.org\/wiki\/Alphabet\" target=\"_blank\" rel=\"noreferrer noopener\">alphabets<\/a>, il y a <a href=\"https:\/\/www.hominides.com\/dossiers\/ecriture-origine-naissance-premieres-ecritures\/\" target=\"_blank\" rel=\"noreferrer noopener\">3 400 ans<\/a>.<\/p>\n\n\n\n<p>Les dessins, dont les techniques ont naturellement beaucoup \u00e9volu\u00e9, et les textes sont demeur\u00e9s les outils privil\u00e9gi\u00e9s de la communication visuelle diff\u00e9r\u00e9e jusqu\u2019au 19<sup>e<\/sup> si\u00e8cle. C\u2019est en <a href=\"https:\/\/fr.wikipedia.org\/wiki\/Point_de_vue_du_Gras#:~:text=Le%20Point%20de%20vue%20du,en%20Sa%C3%B4ne%2Det%2DLoire\" target=\"_blank\" rel=\"noreferrer noopener\">1827<\/a> qu\u2019un nouveau proc\u00e9d\u00e9 de facrication d\u2019images cr\u00e9e un pr\u00e9c\u00e9dent presque diabolique en France&nbsp;: la <a href=\"https:\/\/fr.wikipedia.org\/wiki\/Photographie\" target=\"_blank\" rel=\"noreferrer noopener\">photographie<\/a>. Dans les ann\u00e9es qui suivirent, tous r\u00eavaient de photographies en couleurs, certains am\u00e9lioraient les couleurs \u00e0 la main, mais ce n\u2019est <a href=\"https:\/\/fr.wikipedia.org\/wiki\/Photographie_couleur\" target=\"_blank\" rel=\"noreferrer noopener\">qu\u2019en 1861<\/a> que les premi\u00e8res photographies avec des couleurs r\u00e9elles ont vu le jour, gr\u00e2ce \u00e0 la technique des <a href=\"https:\/\/fr.wikipedia.org\/wiki\/Couleur_primaire\" target=\"_blank\" rel=\"noreferrer noopener\">trois couleurs primaires<\/a>.<\/p>\n\n\n\n<p>Dans les ann\u00e9es 1890, on r\u00e9clame maintenant du mouvement. Bien que les premiers petits succ\u00e8s d\u2019<a href=\"https:\/\/fr.wikipedia.org\/wiki\/Thomas_Edison\" target=\"_blank\" rel=\"noreferrer noopener\">Edison<\/a> et <a href=\"https:\/\/fr.wikipedia.org\/wiki\/William_Kennedy_Laurie_Dickson\" data-type=\"link\" data-id=\"https:\/\/fr.wikipedia.org\/wiki\/William_Kennedy_Laurie_Dickson\" target=\"_blank\" rel=\"noreferrer noopener\">Dickson<\/a> remontent \u00e0 1891, les <a href=\"https:\/\/fr.wikipedia.org\/wiki\/Auguste_et_Louis_Lumi%C3%A8re\" target=\"_blank\" rel=\"noreferrer noopener\">fr\u00e8res Lumi\u00e8res<\/a> ont frapp\u00e9 un grand coup en <a href=\"https:\/\/web.cortland.edu\/ponterior\/cinema\/01lumiere.html\" target=\"_blank\" rel=\"noreferrer noopener\">1895<\/a> avec leur tout premier film grand public visible \u00e0 partir d\u2019un <a href=\"https:\/\/fr.wikipedia.org\/wiki\/Kin%C3%A9toscope\" target=\"_blank\" rel=\"noreferrer noopener\">Kin\u00e9toscope<\/a>, genre de machine ins\u00e9r\u00e9e dans une bo\u00eete qui permet \u00e0 une seule personne de payer pour voir un film. Puis, les premiers films en couleurs sont d\u2019abord coloris\u00e9s \u00e0 la main, vers <a href=\"https:\/\/fr.wikipedia.org\/wiki\/Colorisation_cin%C3%A9matographique#:~:text=Le%20premier%20long%20m%C3%A9trage%20coloris%C3%A9,(soci%C3%A9t%C3%A9%20de%20Georges%20M%C3%A9li%C3%A8s)\" target=\"_blank\" rel=\"noreferrer noopener\">1903<\/a>, mais le premier r\u00e9el long m\u00e9trage en couleurs date de <a href=\"https:\/\/www.allocine.fr\/article\/fichearticle_gen_carticle=18644695.html?page=3#:~:text=Le%20kinemacolor%20en%201911%2C%20puis%20le%20technicolor%20en%201915%E2%80%A6\" target=\"_blank\" rel=\"noreferrer noopener\">1922<\/a>.<\/p>\n\n\n<div class=\"wp-block-image\">\n<figure class=\"aligncenter size-full\"><img loading=\"lazy\" decoding=\"async\" width=\"704\" height=\"557\" src=\"https:\/\/cimbcc.org\/test2\/wp-content\/uploads\/chip_2025_03_visuel_3.jpg\" alt=\"\" class=\"wp-image-52986\" srcset=\"https:\/\/cimbcc.org\/test2\/wp-content\/uploads\/chip_2025_03_visuel_3.jpg 704w, https:\/\/cimbcc.org\/test2\/wp-content\/uploads\/chip_2025_03_visuel_3-300x237.jpg 300w\" sizes=\"auto, (max-width: 704px) 100vw, 704px\" \/><figcaption class=\"wp-element-caption\">Un salon de Kin\u00e9toscope \u00e0 San Francisco, en 1894 (<a href=\"https:\/\/fr.wikipedia.org\/wiki\/Histoire_du_cin%C3%A9ma\" target=\"_blank\" rel=\"noreferrer noopener\">Wikip\u00e9dia<\/a>)<\/figcaption><\/figure>\n<\/div>\n\n\n<p>Les ann\u00e9es 1960 am\u00e8nent un nouvel instrument tr\u00e8s int\u00e9ressant et prometteur&nbsp;: <em>l\u2019ordinateur<\/em>. Peut-on faire \u00e9voluer l\u2019image par des s\u00e9quences de 0 et de 1, des <a href=\"https:\/\/fr.wikipedia.org\/wiki\/Bit\" target=\"_blank\" rel=\"noreferrer noopener\">bits<\/a> quoi ? Eh bien oui ! <\/p>\n\n\n\n<p>La vid\u00e9o num\u00e9rique a \u00e9t\u00e9 introduite pour la premi\u00e8re fois avec l&rsquo;invention du tout premier enregistreur vid\u00e9o num\u00e9rique par <a href=\"https:\/\/fr.wikipedia.org\/wiki\/Ampex\" target=\"_blank\" rel=\"noreferrer noopener\">Ampex<\/a> en <a href=\"https:\/\/www.vodpod.com\/fr\/video-numerique-fonctionnement-histoire-et-formats\/#:~:text=La%20vid%C3%A9o%20num%C3%A9rique%20a%20%C3%A9t%C3%A9,le%20Sony%20D1%2C%20en%201986.\" target=\"_blank\" rel=\"noreferrer noopener\">1977<\/a>. Cependant, la forme num\u00e9rique n\u2019a \u00e9t\u00e9 largement adopt\u00e9e qu\u2019au d\u00e9but des ann\u00e9es 1990, apr\u00e8s la sortie de la premi\u00e8re machine enti\u00e8rement num\u00e9rique au monde, le <a href=\"https:\/\/fr.wikipedia.org\/wiki\/D1_(format_vid%C3%A9o)\" target=\"_blank\" rel=\"noreferrer noopener\">Sony D1<\/a>, en 1986.<\/p>\n\n\n\n<h4 class=\"wp-block-heading\">Et pour nous \u2026<\/h4>\n\n\n\n<p>En fait, la vid\u00e9o num\u00e9rique offre un certain nombre d\u2019avantages par rapport \u00e0 la vid\u00e9o analogique, notamment:<\/p>\n\n\n\n<ul class=\"wp-block-list\">\n<li>facilit\u00e9 de partage et de stockage ;<\/li>\n\n\n\n<li>aucune d\u00e9gradation de la qualit\u00e9 des donn\u00e9es lors de la copie ;<\/li>\n\n\n\n<li>copie facile et peu co\u00fbteuse ;<\/li>\n\n\n\n<li>facilit\u00e9 de produire des montages ;<\/li>\n\n\n\n<li>la capacit\u00e9 de <a href=\"https:\/\/fr.wikipedia.org\/wiki\/Multicast\" target=\"_blank\" rel=\"noreferrer noopener\">multidiffusion<\/a>.<\/li>\n<\/ul>\n\n\n\n<p>En 2024, ce sont des milliards de vid\u00e9o qui sont capt\u00e9s annuellement. Ne pensons qu\u2019\u00e0 la facilit\u00e9 que nous procure nos t\u00e9l\u00e9phones intelligents, responsable de pr\u00e8s de 80% des vid\u00e9os capt\u00e9s dans le monde, selon mon estimation personnelle. Seulement sur <a href=\"https:\/\/fr.wikipedia.org\/wiki\/YouTube\" target=\"_blank\" rel=\"noreferrer noopener\">YouTube<\/a>, on parle de 720 000 heures de vid\u00e9os publi\u00e9es quotidiennement et plus d\u2019un milliard d\u2019heures de vid\u00e9os sont visionn\u00e9es par les internautes \u00e0 travers le monde tous les jours.<\/p>\n\n\n\n<h4 class=\"wp-block-heading\">Rendre nos petites vid\u00e9os personnelles encore plus int\u00e9ressantes<\/h4>\n\n\n\n<p>Bon, n\u2019en d\u00e9plaise \u00e0 <a href=\"https:\/\/fr.wikipedia.org\/wiki\/J._K._Rowling\" target=\"_blank\" rel=\"noreferrer noopener\">J. K. Rowling<\/a>, nous ne sommes pas encore rendus \u00e0 pouvoir incruster ces images anim\u00e9es sur du bon vieux papier. Mais le fait demeure que nous nous trouvons de plus en plus en possession de s\u00e9quences anim\u00e9es.<\/p>\n\n\n\n<p>Que faire avec nos vid\u00e9os personnelles que l\u2019on capte \u00e7\u00e0 et l\u00e0 ? Et celles que notre entourage nous envoie r\u00e9guli\u00e8rement ? Comment les \u00e9diter, les rogner, les assembler pour en faire des petites perles agr\u00e9ables \u00e0 pr\u00e9senter ou \u00e0 partager ? Apr\u00e8s un voyage, comment combiner photos, vid\u00e9os dans une production visuelle ? Ajout de musique, de texte, wow, pouvons-nous ainsi devenir nous-m\u00eames de sobres producteurs ?<\/p>\n\n\n\n<p>C\u2019est ce que nous explorerons dans la pr\u00e9sentation de la <em><a href=\"https:\/\/cimbcc.org\/test2\/wp-content\/uploads\/calendrier_serie_decouverte.pdf\" target=\"_blank\" rel=\"noreferrer noopener\">s\u00e9rie D\u00e9couverte<\/a><\/em>, <strong><em>Comment cr\u00e9er ou modifier mes vid\u00e9os personnelles<\/em><\/strong>, le <strong><mark style=\"background-color:rgba(0, 0, 0, 0);color:#ff0000\" class=\"has-inline-color\">21 mars<\/mark> \u00e0 partir de <mark style=\"background-color:rgba(0, 0, 0, 0);color:#ff0000\" class=\"has-inline-color\">13 h 15<\/mark><\/strong>, au <a href=\"https:\/\/cimbcc.org\/test2\/partage-de-connaissances\/les-presentations-du-mercredi-et-du-vendredi\/chalet-marie-victorin-saint-bruno\" target=\"_blank\" rel=\"noreferrer noopener\">Chalet Marie-Victorin<\/a> et en vid\u00e9oconf\u00e9rence sur Zoom.<\/p>\n\n\n\n<p>Nous d\u00e9marrerons tout doucement en trouvant des sources de vid\u00e9o, puis comment supprimer le d\u00e9but et la fin avec des applications gratuites de type Photos d\u00e9j\u00e0 install\u00e9es sur nos appareils. Par la suite, nous verrons comment rendre le tout plus attrayant en combinant photos, vid\u00e9os, textes, sons et transitions pour produire un film avec un outil payant de la firme <a href=\"https:\/\/en.wikipedia.org\/wiki\/Roxio\" target=\"_blank\" rel=\"noreferrer noopener\">Roxio<\/a>, mais aussi avec deux outils gratuits, <a href=\"https:\/\/fr.wikipedia.org\/wiki\/Shotcut\" target=\"_blank\" rel=\"noreferrer noopener\">Shotcut<\/a> et <a href=\"https:\/\/fr.wikipedia.org\/wiki\/IMovie\" target=\"_blank\" rel=\"noreferrer noopener\">iMovie<\/a>.<\/p>\n\n\n\n<p>Y serez-vous ?<\/p>\n\n\n\n<p>Pierre Delisle<\/p>\n\n\n\n<p><\/p>\n","protected":false},"excerpt":{"rendered":"<p>Dans la page du journal qui suit, qu\u2019est-ce qui vous accroche le plus ? Le texte, l\u2019image de la sorci\u00e8re ou l\u2019image anim\u00e9e ? Si vous avez r\u00e9pondu l\u2019image anim\u00e9e, eh bien, vous faites partie du 82% de personnes plus attir\u00e9es par le mouvement. Le contenu vid\u00e9o attire et capte mieux l\u2019attention que les photos &hellip; <a href=\"https:\/\/cimbcc.org\/test2\/comment-creer-ou-modifier-vos-videos-personnelles\/\" class=\"more-link\">Continuer la lecture de <span class=\"screen-reader-text\">Comment cr\u00e9er ou modifier vos vid\u00e9os personnelles<\/span>  <span class=\"meta-nav\">&rarr;<\/span><\/a><\/p>\n","protected":false},"author":43,"featured_media":0,"comment_status":"open","ping_status":"","sticky":false,"template":"","format":"standard","meta":{"footnotes":""},"categories":[402],"tags":[341,371,2255,2252,271,2253,2254,115],"class_list":["post-52977","post","type-post","status-publish","format-standard","hentry","category-activites-du-club","tag-communications","tag-decouverte","tag-imovie","tag-montage-video","tag-presentations","tag-roxio-creator","tag-shotcut","tag-video"],"_links":{"self":[{"href":"https:\/\/cimbcc.org\/test2\/wp-json\/wp\/v2\/posts\/52977","targetHints":{"allow":["GET"]}}],"collection":[{"href":"https:\/\/cimbcc.org\/test2\/wp-json\/wp\/v2\/posts"}],"about":[{"href":"https:\/\/cimbcc.org\/test2\/wp-json\/wp\/v2\/types\/post"}],"author":[{"embeddable":true,"href":"https:\/\/cimbcc.org\/test2\/wp-json\/wp\/v2\/users\/43"}],"replies":[{"embeddable":true,"href":"https:\/\/cimbcc.org\/test2\/wp-json\/wp\/v2\/comments?post=52977"}],"version-history":[{"count":15,"href":"https:\/\/cimbcc.org\/test2\/wp-json\/wp\/v2\/posts\/52977\/revisions"}],"predecessor-version":[{"id":53003,"href":"https:\/\/cimbcc.org\/test2\/wp-json\/wp\/v2\/posts\/52977\/revisions\/53003"}],"wp:attachment":[{"href":"https:\/\/cimbcc.org\/test2\/wp-json\/wp\/v2\/media?parent=52977"}],"wp:term":[{"taxonomy":"category","embeddable":true,"href":"https:\/\/cimbcc.org\/test2\/wp-json\/wp\/v2\/categories?post=52977"},{"taxonomy":"post_tag","embeddable":true,"href":"https:\/\/cimbcc.org\/test2\/wp-json\/wp\/v2\/tags?post=52977"}],"curies":[{"name":"wp","href":"https:\/\/api.w.org\/{rel}","templated":true}]}}