{"id":53069,"date":"2025-03-18T18:00:00","date_gmt":"2025-03-18T22:00:00","guid":{"rendered":"https:\/\/cimbcc.org\/test2\/?p=53069"},"modified":"2025-03-18T18:41:40","modified_gmt":"2025-03-18T22:41:40","slug":"remplacer-son-ordinateur-partie-1-passer-de-windows-10-a-macos-pourquoi-pas","status":"publish","type":"post","link":"https:\/\/cimbcc.org\/test2\/remplacer-son-ordinateur-partie-1-passer-de-windows-10-a-macos-pourquoi-pas\/","title":{"rendered":"Remplacer son ordinateur &#8211; partie 1, passer de Windows 10 \u00e0\u2026 macOS ? Pourquoi pas !"},"content":{"rendered":"<div class=\"wp-block-image\">\n<figure class=\"aligncenter size-full\"><img loading=\"lazy\" decoding=\"async\" width=\"125\" height=\"132\" src=\"https:\/\/cimbcc.org\/test2\/wp-content\/uploads\/photo_vinet_daniel-e1667486419612.jpg\" alt=\"Daniel Vinet\" class=\"wp-image-42194\"\/><figcaption class=\"wp-element-caption\">Daniel Vinet<\/figcaption><\/figure>\n<\/div>\n\n\n<p>Depuis quelques mois, suivant l\u2019annonce par <a href=\"https:\/\/fr.wikipedia.org\/wiki\/Microsoft\" target=\"_blank\" rel=\"noreferrer noopener\"><em>Microsoft<\/em><\/a> de la fin de soutien pour son <a href=\"https:\/\/fr.wikipedia.org\/wiki\/Syst\u00e8me_d%27exploitation\" target=\"_blank\" rel=\"noreferrer noopener\">syst\u00e8me d\u2019exploitation<\/a> <a href=\"https:\/\/fr.wikipedia.org\/wiki\/Windows_10\" target=\"_blank\" rel=\"noreferrer noopener\"><em>Windows 10<\/em><\/a>, je lis des articles, je vois des vid\u00e9os sur <a href=\"https:\/\/fr.wikipedia.org\/wiki\/YouTube\" target=\"_blank\" rel=\"noreferrer noopener\"><em>YouTube<\/em><\/a> et, m\u00eame, j\u2019\u00e9coute des amis qui me consultent concernant l\u2019achat d\u2019un nouvel ordinateur \u00e0 la diff\u00e9rence, cette fois, qu\u2019ils regardent maintenant de l\u2019autre c\u00f4t\u00e9 de la cl\u00f4ture, soit le passage \u00e0 un ordinateur <a href=\"https:\/\/fr.wikipedia.org\/wiki\/Macintosh\" target=\"_blank\" rel=\"noreferrer noopener\"><em>Mac<\/em><\/a> d\u2019<a href=\"https:\/\/fr.wikipedia.org\/wiki\/Apple\" target=\"_blank\" rel=\"noreferrer noopener\"><em>Apple<\/em><\/a>. <\/p>\n\n\n\n<p>C\u2019est ce que nous explorerons dans ce pr\u00e9sent opus qui est la premi\u00e8re partie de deux articles.<\/p>\n\n\n\n<!--more-->\n\n\n\n<p>Souvent ces m\u00eames personnes utilisent d\u00e9j\u00e0 un <a href=\"https:\/\/fr.wikipedia.org\/wiki\/IPhone\" target=\"_blank\" rel=\"noreferrer noopener\"><em>iPhone<\/em><\/a> et\/ou un <a href=\"https:\/\/fr.wikipedia.org\/wiki\/IPad\" target=\"_blank\" rel=\"noreferrer noopener\"><em>iPad<\/em><\/a>. \u00c9tant donn\u00e9 que leur ordinateur est obsol\u00e8te, il devient tentant d\u2019envisager l\u2019achat d\u2019un ordinateur <em>Mac<\/em> pour l\u2019int\u00e9gration qu\u2019offre l\u2019\u00e9cosyst\u00e8me <em>Apple,<\/em> dont j\u2019avais fait une <a href=\"https:\/\/cimbcc.org\/test2\/wp-content\/uploads\/notes_2023_09_27_interactions_produits_apple.pdf\" target=\"_blank\" rel=\"noreferrer noopener\">pr\u00e9sentation au club en f\u00e9vrier 2024<\/a>.<\/p>\n\n\n<div class=\"wp-block-image\">\n<figure class=\"aligncenter size-full\"><img loading=\"lazy\" decoding=\"async\" width=\"404\" height=\"127\" src=\"https:\/\/cimbcc.org\/test2\/wp-content\/uploads\/chip_2025_03_ordi_1.jpg\" alt=\"\" class=\"wp-image-53074\" srcset=\"https:\/\/cimbcc.org\/test2\/wp-content\/uploads\/chip_2025_03_ordi_1.jpg 404w, https:\/\/cimbcc.org\/test2\/wp-content\/uploads\/chip_2025_03_ordi_1-300x94.jpg 300w\" sizes=\"auto, (max-width: 404px) 100vw, 404px\" \/><\/figure>\n<\/div>\n\n\n<h4 class=\"wp-block-heading\">Pourquoi envisager le passage \u00e0 macOS ?<\/h4>\n\n\n\n<p>Au fil des ann\u00e9es, j\u2019ai entendu les gens se plaindre des changements constants \u00e0 l\u2019<a href=\"https:\/\/fr.wikipedia.org\/wiki\/Interface_graphique\" target=\"_blank\" rel=\"noreferrer noopener\">interface graphique<\/a> de <em>Windows<\/em>. Pour avoir v\u00e9cu ces changements, on en vient \u00e0 se demander qui <em>Microsoft<\/em> a consult\u00e9 pour en arriver \u00e0 de telles modifications.<\/p>\n\n\n\n<p>Depuis <a href=\"https:\/\/fr.wikipedia.org\/wiki\/Windows_8\" target=\"_blank\" rel=\"noreferrer noopener\"><em>Windows 8<\/em><\/a> sorti en 2012, <em>Microsoft<\/em> n\u2019a cess\u00e9 de remanier son interface graphique amenant toujours plus de confusion. Sachant qu\u2019il y a encore des changements apport\u00e9s \u00e0 l\u2019interface de <a href=\"https:\/\/fr.wikipedia.org\/wiki\/Windows_11\" target=\"_blank\" rel=\"noreferrer noopener\"><em>Windows 11<\/em><\/a>, plusieurs de ces m\u00eames personnes me disent; \u00ab&nbsp;tant qu\u2019\u00e0 apprendre une nouvelle interface, aussi bien regarder autre chose !&nbsp;\u00bb \u00c0 cela, je leur r\u00e9ponds qu\u2019ils le feront une bonne fois pour toutes.<\/p>\n\n\n\n<p>En effet, de ce c\u00f4t\u00e9, <em>Apple<\/em> a toujours pris grand soin de son interface graphique n\u2019apportant que des changements incr\u00e9mentaux afin de minimiser l\u2019impact aupr\u00e8s de ses utilisateurs. Jusqu\u2019\u00e0 maintenant, je dois avouer qu\u2019elle a excell\u00e9 \u00e0 ce niveau.<\/p>\n\n\n\n<h4 class=\"wp-block-heading\">Est-ce bien compliqu\u00e9 d\u2019apprendre macOS ?<\/h4>\n\n\n\n<p>Comme tout nouvel appareil que nous d\u00e9cidons d\u2019acqu\u00e9rir, quel qu\u2019il soit, nous aurons toujours un petit apprentissage \u00e0 faire, ce qui est parfaitement normal.<\/p>\n\n\n\n<p>Certes il y a des diff\u00e9rences \u00e0 comprendre lors d\u2019un passage de <em>Windows<\/em> \u00e0 <em>macOS<\/em>. Cependant, sachez que, si vous poss\u00e9dez d\u00e9j\u00e0 un <em>iPhone<\/em> ou un <em>iPad<\/em>, vous avez une longueur d\u2019avance. Encore l\u00e0, j\u2019avais fait une <a href=\"https:\/\/cimbcc.org\/test2\/wp-content\/uploads\/notes_2023_09_27_macos.pdf\" target=\"_blank\" rel=\"noreferrer noopener\">pr\u00e9sentation de <em>macOS<\/em> pour les utilisateurs de <em>Windows<\/em><\/a> \u00e0 l\u2019hiver 2024. Je crois qu\u2019actuellement, celle-ci demeure d\u2019actualit\u00e9.<\/p>\n\n\n\n<p>Par ailleurs, comme d\u00e9j\u00e0 mentionn\u00e9, vous aurez \u00e9galement un apprentissage \u00e0 faire lors de votre passage de <em>Windows<\/em> <em>10<\/em> \u00e0 <em>11<\/em>. Donc, sur ce volet, il n\u2019y a pas vraiment d\u2019arguments majeurs qui tiennent.<\/p>\n\n\n\n<h4 class=\"wp-block-heading\">Pour en finir avec le mythe du prix d\u2019achat<\/h4>\n\n\n\n<p>Est-ce qu\u2019un <em>Mac<\/em> co\u00fbte cher? Oui, la gamme des produits <em>Apple<\/em> est dispendieuse. Toutefois, comme je le dis souvent, il faut comparer des pommes avec des pommes, sans mauvais jeu de mots.<\/p>\n\n\n\n<p><em>Apple<\/em> ne fait pas dans le bas de gamme, point. Prenez les portables, par exemple, ils sont tous en aluminium. Il n\u2019y a pas de plastique fragile ici, comme nous retrouvons sur certains portables <em>Windows<\/em> bas de gamme.<\/p>\n\n\n\n<p>Par ailleurs, pour des produits de qualit\u00e9 \u00e9gale, si vous comparez un ordinateur <em>Mac<\/em> \u00e0 un appareil haut de gamme chez la Chinoise <a href=\"https:\/\/fr.wikipedia.org\/wiki\/Lenovo\" target=\"_blank\" rel=\"noreferrer noopener\"><em>Lenovo<\/em><\/a>, l\u2019Am\u00e9ricaine <a href=\"https:\/\/fr.wikipedia.org\/wiki\/Hewlett-Packard\" target=\"_blank\" rel=\"noreferrer noopener\"><em>HP<\/em><\/a> (<em>Hewlett-Packard<\/em>) ou tout autre fabricant, vous r\u00e9aliserez rapidement que les prix sont similaires.<\/p>\n\n\n\n<p>Donc, \u00e0 ce titre, la question est; que voulez-vous vous offrir ? Une <a href=\"https:\/\/fr.wikipedia.org\/wiki\/BMW\" target=\"_blank\" rel=\"noreferrer noopener\"><em>BMW<\/em><\/a> ou une <a href=\"https:\/\/fr.wikipedia.org\/wiki\/Chevrolet_Chevette\" target=\"_blank\" rel=\"noreferrer noopener\"><em>Chevrolet Chevette<\/em><\/a> ou, m\u00eame parfois, une <a href=\"https:\/\/fr.wikipedia.org\/wiki\/AvtoVAZ\" target=\"_blank\" rel=\"noreferrer noopener\"><em>Lada<\/em><\/a> ? C\u2019est vous qui conduisez, c\u2019est votre choix, le tout dans le respect de votre budget, bien entendu.<\/p>\n\n\n<div class=\"wp-block-image\">\n<figure class=\"aligncenter size-full\"><img loading=\"lazy\" decoding=\"async\" width=\"432\" height=\"88\" src=\"https:\/\/cimbcc.org\/test2\/wp-content\/uploads\/chip_2025_03_ordi_2.jpg\" alt=\"\" class=\"wp-image-53075\" srcset=\"https:\/\/cimbcc.org\/test2\/wp-content\/uploads\/chip_2025_03_ordi_2.jpg 432w, https:\/\/cimbcc.org\/test2\/wp-content\/uploads\/chip_2025_03_ordi_2-300x61.jpg 300w\" sizes=\"auto, (max-width: 432px) 100vw, 432px\" \/><\/figure>\n<\/div>\n\n\n<p>Personnellement, j\u2019ai opt\u00e9 pour <em>Apple<\/em> pour toutes les raisons d\u00e9j\u00e0 \u00e9voqu\u00e9es, soit l\u2019\u00e9cosyst\u00e8me unique, la qualit\u00e9 et la robustesse des produits, mais aussi pour la fiabilit\u00e9 des appareils et un syst\u00e8me d\u2019exploitation qui, \u00e0 mon humble avis, est sup\u00e9rieur \u00e0 <em>Windows<\/em> sur bien des aspects incluant la finition et la performance.<\/p>\n\n\n\n<p>Certes, <em>Apple<\/em> n\u2019est pas parfait et expose certaines faiblesses, mais, somme toute, je persiste \u00e0 croire qu\u2019<em>Apple<\/em> offre une meilleure exp\u00e9rience \u00e0 l\u2019utilisateur. Ici, c\u2019est le professionnel en informatique de pr\u00e8s de 40 ans d\u2019exp\u00e9rience que je suis et qui a fait l\u2019enti\u00e8ret\u00e9 de sa carri\u00e8re avec des environnements <em>Windows<\/em> et <em>Linux<\/em> qui s\u2019adresse \u00e0 vous. Je me suis port\u00e9 acqu\u00e9reur de mon premier <em>Mac<\/em> voil\u00e0 14 ans sans jamais le regretter.<\/p>\n\n\n\n<h4 class=\"wp-block-heading\">Le mythe de la \u00ab&nbsp;prison&nbsp;\u00bb Apple<\/h4>\n\n\n\n<p>Contrairement \u00e0 un <em>iPhone<\/em> ou un <em>iPad<\/em>, les ordinateurs <em>Mac<\/em> ne sont pas restreints \u00e0 l\u2019<a href=\"https:\/\/fr.wikipedia.org\/wiki\/App_Store\" target=\"_blank\" rel=\"noreferrer noopener\"><em>App Store<\/em><\/a>, le magasin d\u2019applications d\u2019<em>Apple<\/em>. Il existe une version de l\u2019<em>App Store<\/em> pour <em>macOS<\/em> qui offre des applications con\u00e7ues pour le <em>Mac<\/em>. Toutefois, il n\u2019est pas obligatoire de l\u2019utiliser. Vous pouvez t\u00e9l\u00e9charger et installer des applications de sources diverses, comme vous le faites pr\u00e9sentement sous <em>Windows<\/em>. Ici, il n\u2019y a aucune diff\u00e9rence, sauf la quantit\u00e9 de logiciels disponibles qui, de toute \u00e9vidence, est plus \u00e9toff\u00e9e du c\u00f4t\u00e9 de <em>Windows,<\/em> surtout pour le volet jeux vid\u00e9o. Si ce dernier aspect est important pour vous, je vous recommande de rester dans le monde <em>Windows<\/em>.<\/p>\n\n\n\n<p>Pour en revenir \u00e0 l\u2019<em>App Store<\/em>, sachez que les limites se brisent depuis l\u2019an dernier en ce qui a trait \u00e0 l\u2019<em>iPhone<\/em>. L\u2019Union europ\u00e9enne a l\u00e9gif\u00e9r\u00e9 en faveur d\u2019une ouverture de march\u00e9. Elle a exig\u00e9 qu\u2019<em>Apple<\/em> permette \u00e0 d\u2019autres magasins d\u2019offrir des applications pour l\u2019<em>iPhone<\/em>, <a href=\"https:\/\/www.apple.com\/fr\/newsroom\/2024\/01\/apple-announces-changes-to-ios-safari-and-the-app-store-in-the-european-union\/\" target=\"_blank\" rel=\"noreferrer noopener\">ce qui a \u00e9t\u00e9 fait<\/a>. La tendance actuelle est \u00e0 l\u2019ouverture, il ne faudrait donc pas se surprendre de voir cette tendance venir jusque chez nous. Cela offre tout simplement plus de choix et de libert\u00e9 aux utilisateurs.<\/p>\n\n\n\n<p>D\u2019un autre c\u00f4t\u00e9, il faut demeurer prudent. La s\u00e9curit\u00e9 d\u2019un <em>App Store<\/em> n\u2019est pas \u00e0 n\u00e9gliger. En effet, <em>Apple<\/em> a des exigences \u00e9lev\u00e9es en mati\u00e8re de s\u00e9curit\u00e9 aupr\u00e8s des d\u00e9veloppeurs et elle effectue des v\u00e9rifications d\u2019int\u00e9grit\u00e9 et de s\u00e9curit\u00e9 pour tout logiciel offert dans son magasin d\u2019applications, assurant ainsi un environnement s\u00e9cure \u00e0 ses utilisateurs. Il en est de m\u00eame pour le <a href=\"https:\/\/fr.wikipedia.org\/wiki\/Google_Play\" target=\"_blank\" rel=\"noreferrer noopener\"><em>Google Play<\/em><\/a> du c\u00f4t\u00e9 <a href=\"https:\/\/fr.wikipedia.org\/wiki\/Android\" target=\"_blank\" rel=\"noreferrer noopener\"><em>Android<\/em><\/a>.<\/p>\n\n\n\n<p>Notez que l\u2019exposition \u00e0 des vuln\u00e9rabilit\u00e9s provient souvent de cette possibilit\u00e9 de t\u00e9l\u00e9charger et d\u2019installer des applications de sources autres que les magasins officiels.<\/p>\n\n\n\n<h4 class=\"wp-block-heading\">Avez-vous des applications disponibles uniquement pour l\u2019environnement Windows ?<\/h4>\n\n\n\n<p>Dans votre processus de r\u00e9flexion et d\u2019analyse, une question \u00e0 se poser est la suivante : est-ce que j\u2019utilise une ou des applications que je ne retrouverai pas sous <em>macOS<\/em> ? Je vous dirais que la majorit\u00e9 des produits que nous utilisons au quotidien sont disponibles pour les deux environnements, <em>macOS<\/em> et <em>Windows<\/em>.<\/p>\n\n\n\n<p>Par exemple, la populaire suite <a href=\"https:\/\/fr.wikipedia.org\/wiki\/Microsoft_365\" target=\"_blank\" rel=\"noreferrer noopener\"><em>Microsoft 365<\/em><\/a> est disponible sous <em>macOS<\/em> ainsi que la suite <a href=\"https:\/\/fr.wikipedia.org\/wiki\/Microsoft_Office\" target=\"_blank\" rel=\"noreferrer noopener\"><em>Microsoft Office<\/em><\/a>. Il en est de m\u00eame pour les navigateurs <a href=\"https:\/\/fr.wikipedia.org\/wiki\/Google_Chrome\" target=\"_blank\" rel=\"noreferrer noopener\"><em>Google Chrome<\/em><\/a>, <a href=\"https:\/\/fr.wikipedia.org\/wiki\/Microsoft_Edge\" target=\"_blank\" rel=\"noreferrer noopener\"><em>Microsoft Edge<\/em><\/a> et <a href=\"https:\/\/fr.wikipedia.org\/wiki\/Brave_(navigateur_web)\" target=\"_blank\" rel=\"noreferrer noopener\"><em>Brave<\/em><\/a>, le correcteur <a href=\"https:\/\/fr.wikipedia.org\/wiki\/Antidote_(logiciel)\" target=\"_blank\" rel=\"noreferrer noopener\"><em>Antidote<\/em><\/a> ainsi que les logiciels de communication <a href=\"https:\/\/fr.wikipedia.org\/wiki\/Microsoft_Teams\" target=\"_blank\" rel=\"noreferrer noopener\"><em>Microsoft Teams<\/em><\/a>, (rempla\u00e7ant de <a href=\"https:\/\/fr.wikipedia.org\/wiki\/Skype\" target=\"_blank\" rel=\"noreferrer noopener\"><em>Skype<\/em><\/a>) et <a href=\"https:\/\/en.wikipedia.org\/wiki\/Zoom_(software)\" target=\"_blank\" rel=\"noreferrer noopener\"><em>Zoom<\/em><\/a>, le logiciel d\u2019\u00e9dition d\u2019images <a href=\"https:\/\/fr.wikipedia.org\/wiki\/GIMP\" target=\"_blank\" rel=\"noreferrer noopener\"><em>GIMP<\/em><\/a>, le logiciel d\u2019\u00e9dition audio <a href=\"https:\/\/fr.wikipedia.org\/wiki\/Audacity\" target=\"_blank\" rel=\"noreferrer noopener\"><em>Audacity<\/em><\/a> etc. Bref, la plupart des produits que nous utilisons sont disponibles pour les deux environnements.<\/p>\n\n\n\n<p>Dans mon cas, il n\u2019y a que deux produits sp\u00e9cialis\u00e9s de <em>Microsoft<\/em> qui ne sont pas disponibles sous <em>macOS<\/em>. Il s\u2019agit de <a href=\"https:\/\/fr.wikipedia.org\/wiki\/Microsoft_Visio\" target=\"_blank\" rel=\"noreferrer noopener\"><em>Visio<\/em><\/a> et <a href=\"https:\/\/fr.wikipedia.org\/wiki\/Microsoft_Project\" target=\"_blank\" rel=\"noreferrer noopener\"><em>Project<\/em><\/a>. Qu\u2019\u00e0 cela ne tienne, il existe des alternatives \u00e0 ses produits pour <em>Mac<\/em>.<\/p>\n\n\n\n<h4 class=\"wp-block-heading\">Un ordinateur de bureau ou portable ?<\/h4>\n\n\n\n<p>Une autre question \u00e0 se poser concerne le format d\u2019ordinateur que nous d\u00e9sirons acqu\u00e9rir. D\u00e9sirez-vous un ordinateur de bureau de type <a href=\"https:\/\/fr.wikipedia.org\/wiki\/IMac\" target=\"_blank\" rel=\"noreferrer noopener\"><em>iMac<\/em><\/a> o\u00f9 tout est int\u00e9gr\u00e9 en un appareil ?<\/p>\n\n\n\n<p>Si vous avez d\u00e9j\u00e0 un \u00e9cran, un clavier et une <a href=\"https:\/\/fr.wikipedia.org\/wiki\/Souris_(informatique)\" target=\"_blank\" rel=\"noreferrer noopener\">souris<\/a> \u00e0 la maison, un <a href=\"https:\/\/fr.wikipedia.org\/wiki\/Mac_mini\" target=\"_blank\" rel=\"noreferrer noopener\"><em>Mac Mini<\/em><\/a> serait-il un choix plus appropri\u00e9 ? Ou bien avez-vous besoin de mobilit\u00e9 ? \u00c0 cet \u00e9gard un <a href=\"https:\/\/fr.wikipedia.org\/wiki\/MacBook_Air\" target=\"_blank\" rel=\"noreferrer noopener\"><em>MacBook Air<\/em><\/a> ou un <a href=\"https:\/\/fr.wikipedia.org\/wiki\/MacBook_Pro\" target=\"_blank\" rel=\"noreferrer noopener\"><em>MacBook Pro<\/em><\/a>, selon vos besoins, devient le choix par excellence.<\/p>\n\n\n<div class=\"wp-block-image\">\n<figure class=\"aligncenter size-full\"><img loading=\"lazy\" decoding=\"async\" width=\"432\" height=\"210\" src=\"https:\/\/cimbcc.org\/test2\/wp-content\/uploads\/chip_2025_03_ordi_3.jpg\" alt=\"\" class=\"wp-image-53076\" srcset=\"https:\/\/cimbcc.org\/test2\/wp-content\/uploads\/chip_2025_03_ordi_3.jpg 432w, https:\/\/cimbcc.org\/test2\/wp-content\/uploads\/chip_2025_03_ordi_3-300x146.jpg 300w\" sizes=\"auto, (max-width: 432px) 100vw, 432px\" \/><\/figure>\n<\/div>\n\n\n<p>En ce qui me concerne, j\u2019ai toujours opt\u00e9 pour la souplesse que m\u2019offre un ordinateur portable. Lorsque je suis \u00e0 la maison, je relie mon <em>MacBook Pro<\/em> \u00e0 un \u00e9cran, un clavier, un <a href=\"https:\/\/fr.wikipedia.org\/wiki\/Pav\u00e9_tactile\" target=\"_blank\" rel=\"noreferrer noopener\">pav\u00e9 tactile<\/a> et une souris pour l\u2019utiliser comme un ordinateur de bureau tout en gardant la mobilit\u00e9 accessible par exemple, lorsque je fais une pr\u00e9sentation, que je travaille \u00e0 la biblioth\u00e8que ou que j\u2019effectue du soutien aupr\u00e8s de vous les mercredis apr\u00e8s-midi.<\/p>\n\n\n\n<p>J\u2019aime la polyvalence qu\u2019offre un ordinateur portable. D\u2019ailleurs, voici une photo de mon environnement \u00e0 la maison au moment o\u00f9 je r\u00e9dige cet article.<\/p>\n\n\n<div class=\"wp-block-image\">\n<figure class=\"aligncenter size-full\"><img loading=\"lazy\" decoding=\"async\" width=\"432\" height=\"228\" src=\"https:\/\/cimbcc.org\/test2\/wp-content\/uploads\/chip_2025_03_ordi_4.jpg\" alt=\"\" class=\"wp-image-53077\" srcset=\"https:\/\/cimbcc.org\/test2\/wp-content\/uploads\/chip_2025_03_ordi_4.jpg 432w, https:\/\/cimbcc.org\/test2\/wp-content\/uploads\/chip_2025_03_ordi_4-300x158.jpg 300w\" sizes=\"auto, (max-width: 432px) 100vw, 432px\" \/><\/figure>\n<\/div>\n\n\n<h4 class=\"wp-block-heading\">Pourquoi pas un Mac usag\u00e9 ?<\/h4>\n\n\n\n<p>Il est possible de diminuer le co\u00fbt d\u2019achat d\u2019un ordinateur <em>Mac<\/em> en regardant du c\u00f4t\u00e9 des ordinateurs usag\u00e9s. Si tel est votre d\u00e9sir, voici les points importants \u00e0 v\u00e9rifier&nbsp;:<\/p>\n\n\n\n<ul class=\"wp-block-list\">\n<li>Assurez-vous que l\u2019ordinateur est dot\u00e9 d\u2019un processeur <em>Apple<\/em> (<a href=\"https:\/\/fr.wikipedia.org\/wiki\/Apple_M1\" target=\"_blank\" rel=\"noreferrer noopener\">M1<\/a>, <a href=\"https:\/\/fr.wikipedia.org\/wiki\/Apple_M2\" target=\"_blank\" rel=\"noreferrer noopener\">M2<\/a>, <a href=\"https:\/\/fr.wikipedia.org\/wiki\/Apple_M3\" target=\"_blank\" rel=\"noreferrer noopener\">M3<\/a> ou <a href=\"https:\/\/fr.wikipedia.org\/wiki\/Apple_M4\" target=\"_blank\" rel=\"noreferrer noopener\">M4<\/a>) et <strong>non<\/strong> d\u2019un processeur <a href=\"https:\/\/fr.wikipedia.org\/wiki\/Intel\" target=\"_blank\" rel=\"noreferrer noopener\"><em>Intel<\/em><\/a>. Les Mac utilisant un processeur <em>Intel<\/em> ont \u00e9t\u00e9 graduellement remplac\u00e9s par les processeurs de conception <em>Apple<\/em> depuis l\u2019ann\u00e9e 2020.<br><br>J\u2019utilise pr\u00e9sentement un <em>MacBook Pro<\/em> \u00e0 processeur <a href=\"https:\/\/fr.wikipedia.org\/wiki\/Apple_M1_Pro\" target=\"_blank\" rel=\"noreferrer noopener\"><em>M1 Pro<\/em><\/a> acquis en 2021 et je suis toujours \u00e9tonn\u00e9 de la performance et de la dur\u00e9e d\u2019utilisation sur pile de mon appareil. Donc, m\u00eame s\u2019il s\u2019agit d\u2019un ordinateur \u00e0 processeur de premi\u00e8re g\u00e9n\u00e9ration, celui-ci n\u2019est pas \u00e0 n\u00e9gliger dans votre choix pour un <em>Mac<\/em> usag\u00e9.<br><\/li>\n\n\n\n<li>Si cela est important pour vous, v\u00e9rifiez que le clavier est dispos\u00e9 en Canadien multilingue. <em>Apple<\/em> offre un standard pour nous, Canadiens fran\u00e7ais, qui est le m\u00eame, peu importe l\u2019appareil <em>Apple<\/em> que vous ach\u00e8terez, incluant un clavier externe d\u2019<em>Apple<\/em>.<br><br>Soit dit en passant, ceci est souvent un probl\u00e8me du c\u00f4t\u00e9 <em>Windows<\/em>, car il existe plus d\u2019une disposition de clavier h\u00e9rit\u00e9 au fil des ann\u00e9es. Il n\u2019est pas rare de voir un ordinateur portable avec une certaine disposition, puis, lors de l\u2019acquisition d\u2019un clavier externe, obtenir une autre disposition que celui sur notre ordinateur. C\u2019est alors que la frustration monte.<br><br>Ce probl\u00e8me n\u2019existe pas dans le monde <em>Apple<\/em>.<\/li>\n<\/ul>\n\n\n<div class=\"wp-block-image\">\n<figure class=\"aligncenter size-full\"><img loading=\"lazy\" decoding=\"async\" width=\"916\" height=\"378\" src=\"https:\/\/cimbcc.org\/test2\/wp-content\/uploads\/chip_2025_03_ordi_5.jpg\" alt=\"\" class=\"wp-image-53078\" srcset=\"https:\/\/cimbcc.org\/test2\/wp-content\/uploads\/chip_2025_03_ordi_5.jpg 916w, https:\/\/cimbcc.org\/test2\/wp-content\/uploads\/chip_2025_03_ordi_5-300x124.jpg 300w, https:\/\/cimbcc.org\/test2\/wp-content\/uploads\/chip_2025_03_ordi_5-768x317.jpg 768w\" sizes=\"auto, (max-width: 916px) 100vw, 916px\" \/><figcaption class=\"wp-element-caption\">Clavier Apple Canadien multilingue<\/figcaption><\/figure>\n<\/div>\n\n\n<ul class=\"wp-block-list\">\n<li>Autre aspect \u00e0 v\u00e9rifier, assurez-vous que la personne qui vous vend son ordinateur l\u2019a retir\u00e9 de son compte <em>Apple<\/em>. Ceci est important, sinon vous aurez de la difficult\u00e9 \u00e0 l\u2019enregistrer dans vos appareils.<br><br>L\u2019adresse de v\u00e9rification des appareils inscrits \u00e0 un compte est <a href=\"https:\/\/account.apple.com\/?localeChange=true\" target=\"_blank\" rel=\"noreferrer noopener\">la suivante<\/a>. La personne doit entrer dans son compte <em>Apple<\/em> pour g\u00e9rer ses appareils.<br><br>Dans la section <strong>Appareils<\/strong> \u00e0 gauche, la personne doit supprimer de son compte l\u2019appareil qu\u2019elle vous vend qui appara\u00eet dans la portion de droite du site.<br><br>Ceci est vrai pour tout appareil <em>Apple<\/em> usag\u00e9. Il s\u2019agit d\u2019une s\u00e9curit\u00e9 suppl\u00e9mentaire permettant de limiter le vol d\u2019<em>iPhone<\/em>, d\u2019<em>iPad<\/em> ou de portables <em>MacBook<\/em>.<\/li>\n<\/ul>\n\n\n\n<h4 class=\"wp-block-heading\">En conclusion, pourquoi pas un Mac ?<\/h4>\n\n\n\n<p>Effectivement, \u00e0 la lecture de cet article, la question peut se poser : pourquoi ne pas envisager un <em>Mac<\/em> comme prochain ordinateur ? Si votre budget vous le permet, que vous avez d\u00e9j\u00e0 un <em>iPhone<\/em> et\/ou un <em>iPad<\/em> et que la d\u00e9couverte d\u2019un nouvel environnement vous stimule, l\u2019id\u00e9e n\u2019est peut-\u00eatre pas si farfelue.<\/p>\n\n\n\n<p>Sinon, il existe actuellement sur le march\u00e9 d\u2019excellents ordinateurs fonctionnant sous <em>Windows<\/em> et qui sauront assur\u00e9ment r\u00e9pondre \u00e0 vos besoins pour plusieurs ann\u00e9es \u00e0 venir. Toutefois, il y a des aspects importants dont il faut tenir compte.<\/p>\n\n\n\n<p>Dans le second volet de cette courte s\u00e9rie, nous explorerons ses crit\u00e8res importants \u00e0 surveiller afin de vous guider dans l\u2019achat d\u2019un ordinateur fonctionnant sous <em>Windows 11<\/em>.<\/p>\n\n\n\n<p>Informatiquement v\u00f4tre.<\/p>\n\n\n\n<p>Daniel Vinet<\/p>\n","protected":false},"excerpt":{"rendered":"<p>Depuis quelques mois, suivant l\u2019annonce par Microsoft de la fin de soutien pour son syst\u00e8me d\u2019exploitation Windows 10, je lis des articles, je vois des vid\u00e9os sur YouTube et, m\u00eame, j\u2019\u00e9coute des amis qui me consultent concernant l\u2019achat d\u2019un nouvel ordinateur \u00e0 la diff\u00e9rence, cette fois, qu\u2019ils regardent maintenant de l\u2019autre c\u00f4t\u00e9 de la cl\u00f4ture, &hellip; <a href=\"https:\/\/cimbcc.org\/test2\/remplacer-son-ordinateur-partie-1-passer-de-windows-10-a-macos-pourquoi-pas\/\" class=\"more-link\">Continuer la lecture de <span class=\"screen-reader-text\">Remplacer son ordinateur &#8211; partie 1, passer de Windows 10 \u00e0\u2026 macOS ? Pourquoi pas !<\/span>  <span class=\"meta-nav\">&rarr;<\/span><\/a><\/p>\n","protected":false},"author":43,"featured_media":0,"comment_status":"open","ping_status":"","sticky":false,"template":"","format":"standard","meta":{"footnotes":""},"categories":[1594],"tags":[112,509,1530,1531,1532,1533,1721],"class_list":["post-53069","post","type-post","status-publish","format-standard","hentry","category-chronique-technique","tag-achat","tag-achat-doccasion","tag-imac","tag-mac-mini","tag-macbook-air","tag-macbook-pro","tag-macos"],"_links":{"self":[{"href":"https:\/\/cimbcc.org\/test2\/wp-json\/wp\/v2\/posts\/53069","targetHints":{"allow":["GET"]}}],"collection":[{"href":"https:\/\/cimbcc.org\/test2\/wp-json\/wp\/v2\/posts"}],"about":[{"href":"https:\/\/cimbcc.org\/test2\/wp-json\/wp\/v2\/types\/post"}],"author":[{"embeddable":true,"href":"https:\/\/cimbcc.org\/test2\/wp-json\/wp\/v2\/users\/43"}],"replies":[{"embeddable":true,"href":"https:\/\/cimbcc.org\/test2\/wp-json\/wp\/v2\/comments?post=53069"}],"version-history":[{"count":7,"href":"https:\/\/cimbcc.org\/test2\/wp-json\/wp\/v2\/posts\/53069\/revisions"}],"predecessor-version":[{"id":53086,"href":"https:\/\/cimbcc.org\/test2\/wp-json\/wp\/v2\/posts\/53069\/revisions\/53086"}],"wp:attachment":[{"href":"https:\/\/cimbcc.org\/test2\/wp-json\/wp\/v2\/media?parent=53069"}],"wp:term":[{"taxonomy":"category","embeddable":true,"href":"https:\/\/cimbcc.org\/test2\/wp-json\/wp\/v2\/categories?post=53069"},{"taxonomy":"post_tag","embeddable":true,"href":"https:\/\/cimbcc.org\/test2\/wp-json\/wp\/v2\/tags?post=53069"}],"curies":[{"name":"wp","href":"https:\/\/api.w.org\/{rel}","templated":true}]}}