{"id":53261,"date":"2025-04-09T19:14:35","date_gmt":"2025-04-09T23:14:35","guid":{"rendered":"https:\/\/cimbcc.org\/test2\/?p=53261"},"modified":"2025-04-09T23:42:04","modified_gmt":"2025-04-10T03:42:04","slug":"echos-du-conseil-dadministration-reunion-du-1er-avril-2025","status":"publish","type":"post","link":"https:\/\/cimbcc.org\/test2\/echos-du-conseil-dadministration-reunion-du-1er-avril-2025\/","title":{"rendered":"\u00c9chos du conseil d&rsquo;administration &#8211; 1er avril 2025"},"content":{"rendered":"<div class=\"wp-block-image\">\n<figure class=\"aligncenter size-full\"><img loading=\"lazy\" decoding=\"async\" width=\"612\" height=\"244\" src=\"https:\/\/cimbcc.org\/test2\/wp-content\/uploads\/photo_conseil_dadministration_2024_2025_r1.jpg\" alt=\"\" class=\"wp-image-51984\" srcset=\"https:\/\/cimbcc.org\/test2\/wp-content\/uploads\/photo_conseil_dadministration_2024_2025_r1.jpg 612w, https:\/\/cimbcc.org\/test2\/wp-content\/uploads\/photo_conseil_dadministration_2024_2025_r1-300x120.jpg 300w\" sizes=\"auto, (max-width: 612px) 100vw, 612px\" \/><figcaption class=\"wp-element-caption\">Dans l&rsquo;ordre habituel : Danielle Barab\u00e9, Nicole Comtois, R\u00e9jean C\u00f4t\u00e9, Bruno Fournier, Michel Gagn\u00e9, Sylvain Garneau, Richard Gervais, Pierre Jutras, Jean Malouin, Sylvie Mazur<\/figcaption><\/figure>\n<\/div>\n\n\n<p>\u00c0 chaque s\u00e9ance depuis l\u2019automne dernier, le conseil d\u2019administration consacre du temps \u00e0 suivre l\u2019\u00e9volution des travaux n\u00e9cessaires pour assurer la conformit\u00e9 du Club aux exigences de la Loi 25 sur la confidentialit\u00e9 des renseignements personnels. Ces travaux devraient \u00eatre termin\u00e9s au plus tard en ao\u00fbt prochain. Il n\u2019en sera pas question ici ni du rapport financier mensuel ni des quelques outils de gestion qui ont \u00e9t\u00e9 r\u00e9vis\u00e9s le 1<sup>er<\/sup> avril.<\/p>\n\n\n\n<p>Ces <em>\u00c9CHOS<\/em> r\u00e9sumeront les r\u00e9sultats des observations et discussions du conseil \u00e0 l\u2019\u00e9gard du nombre des adh\u00e9rents au Club, des nouvelles des b\u00e9n\u00e9voles et des b\u00e9n\u00e9voles recherch\u00e9s.<\/p>\n\n\n\n<p>Il sera aussi question&nbsp;:<\/p>\n\n\n\n<ul class=\"wp-block-list\">\n<li>des services d\u2019assistance technique offerts aux membres,<\/li>\n\n\n\n<li>de l\u2019atelier de recyclage de mat\u00e9riel informatique,<\/li>\n\n\n\n<li>du service d\u2019adh\u00e9sion t\u00e9l\u00e9phonique et d&rsquo;accompagnement,<\/li>\n\n\n\n<li>des activit\u00e9s sociales.<\/li>\n<\/ul>\n\n\n\n<!--more-->\n\n\n\n<hr class=\"wp-block-separator has-alpha-channel-opacity\"\/>\n\n\n\n<h4 class=\"wp-block-heading\"><strong>Membres<\/strong><\/h4>\n\n\n\n<p>Le Club a atteint 1100&nbsp;membres au d\u00e9but d\u2019avril ; 150&nbsp;nouveaux membres (dont 42&nbsp;anciens membres de retour au Club) ont adh\u00e9r\u00e9 au Club au cours des 12&nbsp;derniers mois. Le ralentissement du recrutement de nouveaux membres semble se confirmer.<\/p>\n\n\n\n<hr class=\"wp-block-separator has-alpha-channel-opacity\"\/>\n\n\n\n<h4 class=\"wp-block-heading\"><strong>Nouvelles des b\u00e9n\u00e9voles<\/strong><\/h4>\n\n\n\n<p>Le conseil d\u2019administration accepte avec regret la d\u00e9mission de Serge Dupuis pour des raisons personnelles. Il assurait la mise en place et l\u2019aspect technique des s\u00e9ances du vendredi au Chalet Marie-Victorin. Johanne Boisvert a les comp\u00e9tences pour prendre cette responsabilit\u00e9 alors qu\u2019elle agit d\u00e9j\u00e0 comme mod\u00e9ratrice le vendredi. Toutefois, elle ne pourra \u00eatre pr\u00e9sente tous les vendredis. Il faudra donc trouver une autre personne pour prendre la rel\u00e8ve quand ce sera n\u00e9cessaire.<\/p>\n\n\n\n<p>Guillaume Par\u00e9 a manifest\u00e9 son int\u00e9r\u00eat \u00e0 participer aux pr\u00e9sentations et \u00e0 r\u00e9diger des articles pour le CHIP.<\/p>\n\n\n\n<p>Marc Tremblay a offert d\u2019animer un atelier sur la conception 3D avec <a href=\"https:\/\/fr.wikipedia.org\/wiki\/FreeCAD\" target=\"_blank\" rel=\"noreferrer noopener\">FreeCAD<\/a> et sur l\u2019<a href=\"https:\/\/fr.wikipedia.org\/wiki\/Impression_3D\" target=\"_blank\" rel=\"noreferrer noopener\">impression 3D<\/a>. Cet atelier se tiendra probablement l\u2019automne prochain.<\/p>\n\n\n\n<p>L\u2019atelier que Marc Tremblay et Serge Fournier ont propos\u00e9 de tenir sur <a href=\"https:\/\/fr.wikipedia.org\/wiki\/Scratch_(langage)\" target=\"_blank\" rel=\"noreferrer noopener\">Scratch<\/a> l\u2019automne prochain est confirm\u00e9. De plus, les membres qui s\u2019y inscriront pourront \u00eatre accompagn\u00e9s d\u2019un jeune de 10 \u00e0 16 ans.<\/p>\n\n\n\n<hr class=\"wp-block-separator has-alpha-channel-opacity\"\/>\n\n\n\n<h4 class=\"wp-block-heading\"><strong>B\u00e9n\u00e9voles recherch\u00e9s<\/strong><\/h4>\n\n\n\n<p>Le Club est toujours \u00e0 la recherche de r\u00e9dacteurs pour le CHIP et d\u2019animateurs de nouveaux ateliers.<\/p>\n\n\n\n<p>Cependant, il est urgent de trouver des collaborateurs qui pourront pr\u00e9senter de nouveaux sujets dans la s\u00e9rie <a href=\"https:\/\/cimbcc.org\/test2\/partage-de-connaissances\/les-presentations-du-mercredi-et-du-vendredi\" target=\"_blank\" rel=\"noreferrer noopener\"><em>D\u00e9couverte<\/em><\/a> d\u00e8s l\u2019an prochain. Pour plus d\u2019information, relire <a href=\"https:\/\/cimbcc.org\/test2\/profil-de-carriere-au-cimbcc-presentateur-et-presentatrice\" target=\"_blank\" rel=\"noreferrer noopener\">l\u2019article du CHIP<\/a> qui d\u00e9crit la fonction de pr\u00e9sentateur et pr\u00e9sentatrice au Club.<\/p>\n\n\n\n<p>Pour offrir ses services, on peut remplir le formulaire qu\u2019on trouvera <a href=\"https:\/\/cimbcc.org\/test2\/nous-joindre\/nous-joindre-autres-questions\" target=\"_blank\" rel=\"noreferrer noopener\">en cliquant ici<\/a> ou en s\u2019adressant \u00e0 un b\u00e9n\u00e9vole.<\/p>\n\n\n\n<hr class=\"wp-block-separator has-alpha-channel-opacity\"\/>\n\n\n\n<h4 class=\"wp-block-heading\"><strong>Assistance technique offerte aux membres<\/strong><\/h4>\n\n\n\n<p>Lorsque les membres ont une question ou un probl\u00e8me relativement \u00e0 leur mat\u00e9riel \u00e9lectronique (ordinateur, tablette, t\u00e9l\u00e9phone intelligent), leur syst\u00e8me d\u2019exploitation ou un logiciel, par exemple, ils peuvent s\u2019adresser \u00e0 l\u2019un ou l\u2019autre <a href=\"https:\/\/cimbcc.org\/test2\/entraide\" target=\"_blank\" rel=\"noreferrer noopener\">des services d\u2019entraide<\/a> offerts par des b\u00e9n\u00e9voles du Club&nbsp;: l\u2019assistance technique en salle et l\u2019assistance technique par courriel.<\/p>\n\n\n\n<p>L\u2019<a href=\"https:\/\/cimbcc.org\/test2\/entraide\/lassistance-avant-les-seances\" target=\"_blank\" rel=\"noreferrer noopener\">assistance technique en salle<\/a> est offerte de septembre \u00e0 mai. Des b\u00e9n\u00e9voles du Club proposent leur aide aux membres le mercredi apr\u00e8s-midi \u00e0 la biblioth\u00e8que de Saint-Bruno et le vendredi apr\u00e8s-midi avant les s\u00e9ances de pr\u00e9sentations au Chalet Marie-Victorin.<\/p>\n\n\n\n<p>Le service d\u2019<a href=\"https:\/\/cimbcc.org\/test2\/entraide\/lassistance-par-courriel\" target=\"_blank\" rel=\"noreferrer noopener\">assistance technique par courriel<\/a> peut recevoir les demandes des membres 12 mois par ann\u00e9e \u2013 il n\u2019y a pas d\u2019arr\u00eat de service. Les membres doivent communiquer leur demande d\u2019aide par courriel \u00e0 l\u2019adresse <a href=\"mailto:aidecimbcc@gmail.com\" target=\"_blank\" rel=\"noreferrer noopener\">aidecimbcc@gmail.com<\/a>. Un b\u00e9n\u00e9vole de l\u2019\u00e9quipe communiquera avec eux dans les plus brefs d\u00e9lais.<\/p>\n\n\n\n<p>Les pages consacr\u00e9es \u00e0 ces services sur le site Web du Club fournissent tous les d\u00e9tails n\u00e9cessaires&nbsp;: description du service, conseils pour d\u00e9crire son probl\u00e8me, horaires, adresses, b\u00e9n\u00e9voles.<\/p>\n\n\n\n<p><strong>Service d\u2019aide non disponible au Club<\/strong>&nbsp;: le conseil d\u2019administration confirme qu\u2019aucun b\u00e9n\u00e9vole n\u2019est disponible pour offrir de l\u2019assistance ou du d\u00e9pannage par t\u00e9l\u00e9phone. Le Club n\u2019offre donc pas un service d\u2019aide par t\u00e9l\u00e9phone.<\/p>\n\n\n\n<p><strong>Pour toute autre demande<\/strong> (adh\u00e9sion au Club, information sur une activit\u00e9, ou changement d\u2019une coordonn\u00e9e personnelle, par exemple), tous sont invit\u00e9s \u00e0 utiliser le formulaire propos\u00e9 par l\u2019une des pages \u00e9num\u00e9r\u00e9es sous l\u2019onglet <a href=\"https:\/\/cimbcc.org\/test2\/nous-joindre\" target=\"_blank\" rel=\"noreferrer noopener\">NOUS JOINDRE<\/a> du site Web du Club. Ces demandes peuvent aussi \u00eatre communiqu\u00e9es \u00e0 une b\u00e9n\u00e9vole qui accueille les membres \u00e0 une s\u00e9ance du vendredi apr\u00e8s-midi au Chalet Marie-Victorin.<\/p>\n\n\n\n<hr class=\"wp-block-separator has-alpha-channel-opacity\"\/>\n\n\n\n<h4 class=\"wp-block-heading\"><strong>Atelier de recyclage de mat\u00e9riel informatique<\/strong><\/h4>\n\n\n\n<p>L\u2019atelier n\u2019est pas encore reconnu comme <a href=\"https:\/\/recyclermeselectroniques.ca\/qc\/programme-de-qualification-des-recycleurs-pqr\" target=\"_blank\" rel=\"noreferrer noopener\">recycleur agr\u00e9\u00e9<\/a> par le BQR (Bureau de la qualification des recycleurs). Le processus engag\u00e9 pour obtenir cette accr\u00e9ditation se poursuit depuis l\u2019hiver 2023, avec le soutien tr\u00e8s appr\u00e9ci\u00e9 de la Ville de Saint-Bruno.<\/p>\n\n\n\n<p>Depuis l\u2019automne 2022, l\u2019atelier n\u2019a plus acc\u00e8s au mat\u00e9riel \u00e9lectronique usag\u00e9 d\u00e9pos\u00e9 \u00e0 l\u2019\u00c9cocentre de Saint-Bruno. Seul le mat\u00e9riel d\u00e9pos\u00e9 \u00e0 l\u2019atelier du CIMBCC a pu \u00eatre recycl\u00e9. Cette situation explique que les revenus g\u00e9n\u00e9r\u00e9s par l\u2019atelier ont \u00e9t\u00e9 r\u00e9duits de 50 % en 2024 par rapport aux ann\u00e9es ant\u00e9rieures et, par cons\u00e9quent, les dons ont \u00e9t\u00e9 r\u00e9duits d\u2019autant.<\/p>\n\n\n\n<p>Les b\u00e9n\u00e9voles de l\u2019atelier et le conseil d\u2019administration croient que la reconnaissance officielle de l\u2019atelier par le BQR devrait \u00eatre obtenue d\u2019ici la fin de 2025. D\u2019ici l\u00e0, tous sont invit\u00e9s \u00e0 d\u00e9poser directement \u00e0 <a href=\"https:\/\/cimbcc.org\/test2\/autres-services\/le-soutien-a-la-recuperation-de-materiel-informatique\" target=\"_blank\" rel=\"noreferrer noopener\">l\u2019atelier de recyclage du CIMBCC<\/a> tout mat\u00e9riel \u00e9lectronique r\u00e9parable ou dont les pi\u00e8ces peuvent \u00eatre r\u00e9utilis\u00e9es.<\/p>\n\n\n\n<hr class=\"wp-block-separator has-alpha-channel-opacity\"\/>\n\n\n\n<h4 class=\"wp-block-heading\"><strong>Adh\u00e9sion t\u00e9l\u00e9phonique et accompagnement<\/strong><\/h4>\n\n\n\n<p>L\u2019\u00e9quipe du service d\u2019<a href=\"https:\/\/cimbcc.org\/test2\/autres-services\/adhesion-telephonique-et-accompagnement\" target=\"_blank\" rel=\"noreferrer noopener\">adh\u00e9sion t\u00e9l\u00e9phonique et d&rsquo;accompagnement<\/a> a pour mandat d\u2019enregistrer par t\u00e9l\u00e9phone l\u2019adh\u00e9sion de nouveaux membres tout en leur fournissant toute l\u2019information pertinente sur les activit\u00e9s du Club. Cette \u00e9quipe assure \u00e9galement l\u2019accompagnement de tous les nouveaux membres par courriel et par t\u00e9l\u00e9phone.<\/p>\n\n\n\n<p>Depuis septembre, seulement 6&nbsp;adh\u00e9sions ont \u00e9t\u00e9 effectu\u00e9es par t\u00e9l\u00e9phone. Par contre, 64&nbsp;nouveaux membres ont profit\u00e9 de l\u2019accompagnement offert par l\u2019\u00e9quipe, ce qui fut tr\u00e8s appr\u00e9ci\u00e9. Tous ont aussi re\u00e7u les deux courriels leur pr\u00e9sentant des informations sur le Club et sur Zoom.<\/p>\n\n\n\n<p>Pour diverses raisons hors du contr\u00f4le de cette \u00e9quipe, une vingtaine d\u2019anciens membres qui ont de nouveau adh\u00e9r\u00e9 au Club n\u2019ont pas profit\u00e9 du service d\u2019accompagnement. Dor\u00e9navant, le service d\u2019accompagnement leur sera propos\u00e9 et ils recevront les deux courriels destin\u00e9s aux nouveaux membres.<\/p>\n\n\n\n<p>L\u2019\u00e9quipe des b\u00e9n\u00e9voles de ce service recommande de maintenir leur activit\u00e9, ce qu\u2019approuve le conseil d\u2019administration.<\/p>\n\n\n\n<hr class=\"wp-block-separator has-alpha-channel-opacity\"\/>\n\n\n\n<h4 class=\"wp-block-heading\"><strong>Activit\u00e9s sociales<\/strong><\/h4>\n\n\n\n<p>Pierre Jutras a accept\u00e9 d\u2019assumer la responsabilit\u00e9 des <a href=\"https:\/\/cimbcc.org\/test2\/autres-services\/activites-sociales\" target=\"_blank\" rel=\"noreferrer noopener\">activit\u00e9s sociales<\/a> avec cinq b\u00e9n\u00e9voles motiv\u00e9s. Ces activit\u00e9s sont constitu\u00e9es de quelques activit\u00e9s ayant pour but d\u2019offrir aux membres et aux b\u00e9n\u00e9voles l\u2019occasion de rencontres amicales o\u00f9 des liens peuvent se tisser.<\/p>\n\n\n\n<p>Le conseil d\u2019administration a d\u00e9j\u00e0 approuv\u00e9 la tenue des activit\u00e9s suivantes&nbsp;:<\/p>\n\n\n\n<ul class=\"wp-block-list\">\n<li>La <em>Soir\u00e9e des membres<\/em> annuelle o\u00f9 tous seront les bienvenus le 8 mai prochain au Centre communautaire. Les membres recevront une invitation par courriel d\u2019ici la fin d\u2019avril.<\/li>\n<\/ul>\n\n\n\n<ul class=\"wp-block-list\">\n<li>Le <em>Souper des b\u00e9n\u00e9voles<\/em> est destin\u00e9 \u00e0 manifester notre reconnaissance aux b\u00e9n\u00e9voles dont la contribution est essentielle \u00e0 la r\u00e9alisation des activit\u00e9s du Club. Ce souper aura lieu le 28 mai, le lieu sera pr\u00e9cis\u00e9 dans l\u2019invitation \u00e0 venir.<\/li>\n<\/ul>\n\n\n\n<ul class=\"wp-block-list\">\n<li>Le <em>Souper de No\u00ebl<\/em> aura lieu \u00e0 une date et dans un lieu \u00e0 d\u00e9terminer.<\/li>\n<\/ul>\n\n\n\n<p>De plus, le <em>Brunch des b\u00e9n\u00e9voles<\/em> se tiendra sans doute en octobre prochain.<\/p>\n\n\n\n<p>Sylvie Mazur<br>Secr\u00e9taire du conseil d\u2019administration<\/p>\n\n\n\n<p><\/p>\n","protected":false},"excerpt":{"rendered":"<p>\u00c0 chaque s\u00e9ance depuis l\u2019automne dernier, le conseil d\u2019administration consacre du temps \u00e0 suivre l\u2019\u00e9volution des travaux n\u00e9cessaires pour assurer la conformit\u00e9 du Club aux exigences de la Loi 25 sur la confidentialit\u00e9 des renseignements personnels. Ces travaux devraient \u00eatre termin\u00e9s au plus tard en ao\u00fbt prochain. Il n\u2019en sera pas question ici ni du &hellip; <a href=\"https:\/\/cimbcc.org\/test2\/echos-du-conseil-dadministration-reunion-du-1er-avril-2025\/\" class=\"more-link\">Continuer la lecture de <span class=\"screen-reader-text\">\u00c9chos du conseil d&rsquo;administration &#8211; 1er avril 2025<\/span>  <span class=\"meta-nav\">&rarr;<\/span><\/a><\/p>\n","protected":false},"author":43,"featured_media":0,"comment_status":"open","ping_status":"","sticky":false,"template":"","format":"standard","meta":{"footnotes":""},"categories":[386],"tags":[737,959,231,232,126,594,1647],"class_list":["post-53261","post","type-post","status-publish","format-standard","hentry","category-echos-du-conseil-dadministration","tag-activites-sociales","tag-adhesion","tag-assistance-avant-les-seances","tag-assistance-par-courriel","tag-benevoles","tag-membres","tag-recuperation-de-materiel-informatique"],"_links":{"self":[{"href":"https:\/\/cimbcc.org\/test2\/wp-json\/wp\/v2\/posts\/53261","targetHints":{"allow":["GET"]}}],"collection":[{"href":"https:\/\/cimbcc.org\/test2\/wp-json\/wp\/v2\/posts"}],"about":[{"href":"https:\/\/cimbcc.org\/test2\/wp-json\/wp\/v2\/types\/post"}],"author":[{"embeddable":true,"href":"https:\/\/cimbcc.org\/test2\/wp-json\/wp\/v2\/users\/43"}],"replies":[{"embeddable":true,"href":"https:\/\/cimbcc.org\/test2\/wp-json\/wp\/v2\/comments?post=53261"}],"version-history":[{"count":4,"href":"https:\/\/cimbcc.org\/test2\/wp-json\/wp\/v2\/posts\/53261\/revisions"}],"predecessor-version":[{"id":53269,"href":"https:\/\/cimbcc.org\/test2\/wp-json\/wp\/v2\/posts\/53261\/revisions\/53269"}],"wp:attachment":[{"href":"https:\/\/cimbcc.org\/test2\/wp-json\/wp\/v2\/media?parent=53261"}],"wp:term":[{"taxonomy":"category","embeddable":true,"href":"https:\/\/cimbcc.org\/test2\/wp-json\/wp\/v2\/categories?post=53261"},{"taxonomy":"post_tag","embeddable":true,"href":"https:\/\/cimbcc.org\/test2\/wp-json\/wp\/v2\/tags?post=53261"}],"curies":[{"name":"wp","href":"https:\/\/api.w.org\/{rel}","templated":true}]}}