{"id":5335,"date":"2013-03-11T10:00:19","date_gmt":"2013-03-11T15:00:19","guid":{"rendered":"https:\/\/cimbcc.org\/test2\/?p=5335"},"modified":"2023-10-16T22:16:52","modified_gmt":"2023-10-17T02:16:52","slug":"albert-le-curieux-a-trouve-des-sites-web-pour-vous-mars-2013","status":"publish","type":"post","link":"https:\/\/cimbcc.org\/test2\/albert-le-curieux-a-trouve-des-sites-web-pour-vous-mars-2013\/","title":{"rendered":"Albert le Curieux a trouv\u00e9 des sites Web pour vous \u2013 mars 2013"},"content":{"rendered":"<figure id=\"attachment_24119\" aria-describedby=\"caption-attachment-24119\" style=\"width: 125px\" class=\"wp-caption aligncenter\"><img loading=\"lazy\" decoding=\"async\" class=\"size-full wp-image-24119\" src=\"https:\/\/cimbcc.org\/test2\/wp-content\/uploads\/photo_richard_albert.jpg\" alt=\"\" width=\"125\" height=\"125\" \/><figcaption id=\"caption-attachment-24119\" class=\"wp-caption-text\"><span style=\"color: #ffffff;\">mmm<\/span>Albert Richard<\/figcaption><\/figure>\n<p style=\"text-align: justify;\">J\u2019aimerais vous proposer quelques sites \u00e0 d\u00e9couvrir, soit pour des f\u00eates et des activit\u00e9s et des \u00e9v\u00e9nements dans les parcs naturels de Qu\u00e9bec.<\/p>\n<ul>\n<li>Saint-Patrick<\/li>\n<li>P\u00e2ques<\/li>\n<li>Association foresti\u00e8re des deux rives<\/li>\n<\/ul>\n<p style=\"text-align: justify;\"><!--more--><\/p>\n<h4 style=\"text-align: justify;\">Saint-Patrick<\/h4>\n<p style=\"text-align: justify;\">Le 17\u00a0mars, c&rsquo;est la Saint-Patrick, la f\u00eate des Irlandais. Pour cette occasion, des parades sont organis\u00e9es dans de nombreuses villes qu\u00e9b\u00e9coises. \u00c0 Montr\u00e9al, le d\u00e9fil\u00e9 se d\u00e9roule chaque ann\u00e9e depuis 1824 sans interruption. En visitant le site suivant, vous en apprendrez plus sur cette importante communaut\u00e9 irlandaise du Qu\u00e9bec\u00a0:<br \/>\n<a href=\"http:\/\/grandquebec.com\/multiculturalisme\/irlandais-quebec\/\">http:\/\/grandquebec.com\/multiculturalisme\/irlandais-quebec\/<\/a><\/p>\n<h4>P\u00e2ques<\/h4>\n<p style=\"text-align: justify;\">Le jour de P\u00e2ques a lieu le premier dimanche apr\u00e8s la pleine lune qui suit le 21\u00a0mars. Visitez les pages et les liens de Lexilogos et voyez les dates o\u00f9 seront c\u00e9l\u00e9br\u00e9s P\u00e2ques, le Mardi gras, l\u2019Ascension, la Pentec\u00f4te et bien d\u2019autres\u00a0:<br \/>\n<a href=\"http:\/\/www.lexilogos.com\/fetes_date.htm\">http:\/\/www.lexilogos.com\/fetes_date.htm<\/a><\/p>\n<h4>Association foresti\u00e8re des deux rives<\/h4>\n<p style=\"text-align: justify;\">Le printemps au Qu\u00e9bec, c&rsquo;est pour bient\u00f4t! Profitez des activit\u00e9s et des \u00e9v\u00e9nements offerts dans les parcs naturels de Qu\u00e9bec en visitant les sites de l\u2019Association foresti\u00e8re des deux rives \u2013 AF2R\u00a0\u00a0:<br \/>\n<a href=\"http:\/\/www.parcsnaturelsquebec.org\/\">http:\/\/www.parcsnaturelsquebec.org\/<br \/>\n<\/a><a href=\"http:\/\/www.af2r.org\/\">http:\/\/www.af2r.org\/<\/a><\/p>\n<p>Et bonne navigation!<\/p>\n<p>Albert Richard<br \/>\nMon site\u00a0:\u00a0<a href=\"http:\/\/pages.infinit.net\/alber\" target=\"_blank\" rel=\"noopener\">http:\/\/pages.infinit.net\/alber<\/a><\/p>\n","protected":false},"excerpt":{"rendered":"<p>J\u2019aimerais vous proposer quelques sites \u00e0 d\u00e9couvrir, soit pour des f\u00eates et des activit\u00e9s et des \u00e9v\u00e9nements dans les parcs naturels de Qu\u00e9bec. Saint-Patrick P\u00e2ques Association foresti\u00e8re des deux rives<\/p>\n","protected":false},"author":43,"featured_media":0,"comment_status":"open","ping_status":"closed","sticky":false,"template":"","format":"standard","meta":{"footnotes":""},"categories":[13],"tags":[189,167,190,191],"class_list":["post-5335","post","type-post","status-publish","format-standard","hentry","category-suggestions-dalbert-richard","tag-association-forestiere-des-deux-rives","tag-lexilogos","tag-paques","tag-st-patrick"],"_links":{"self":[{"href":"https:\/\/cimbcc.org\/test2\/wp-json\/wp\/v2\/posts\/5335","targetHints":{"allow":["GET"]}}],"collection":[{"href":"https:\/\/cimbcc.org\/test2\/wp-json\/wp\/v2\/posts"}],"about":[{"href":"https:\/\/cimbcc.org\/test2\/wp-json\/wp\/v2\/types\/post"}],"author":[{"embeddable":true,"href":"https:\/\/cimbcc.org\/test2\/wp-json\/wp\/v2\/users\/43"}],"replies":[{"embeddable":true,"href":"https:\/\/cimbcc.org\/test2\/wp-json\/wp\/v2\/comments?post=5335"}],"version-history":[{"count":32,"href":"https:\/\/cimbcc.org\/test2\/wp-json\/wp\/v2\/posts\/5335\/revisions"}],"predecessor-version":[{"id":25690,"href":"https:\/\/cimbcc.org\/test2\/wp-json\/wp\/v2\/posts\/5335\/revisions\/25690"}],"wp:attachment":[{"href":"https:\/\/cimbcc.org\/test2\/wp-json\/wp\/v2\/media?parent=5335"}],"wp:term":[{"taxonomy":"category","embeddable":true,"href":"https:\/\/cimbcc.org\/test2\/wp-json\/wp\/v2\/categories?post=5335"},{"taxonomy":"post_tag","embeddable":true,"href":"https:\/\/cimbcc.org\/test2\/wp-json\/wp\/v2\/tags?post=5335"}],"curies":[{"name":"wp","href":"https:\/\/api.w.org\/{rel}","templated":true}]}}