{"id":5886,"date":"2013-03-25T10:00:45","date_gmt":"2013-03-25T15:00:45","guid":{"rendered":"https:\/\/cimbcc.org\/test2\/?p=5886"},"modified":"2023-10-16T22:16:52","modified_gmt":"2023-10-17T02:16:52","slug":"echos-du-conseil-dadministration-mars-2013","status":"publish","type":"post","link":"https:\/\/cimbcc.org\/test2\/echos-du-conseil-dadministration-mars-2013\/","title":{"rendered":"\u00c9chos du conseil d\u2019administration &#8211; 11 mars 2013"},"content":{"rendered":"<figure id=\"attachment_5549\" aria-describedby=\"caption-attachment-5549\" style=\"width: 450px\" class=\"wp-caption aligncenter\"><img loading=\"lazy\" decoding=\"async\" class=\"size-full wp-image-5549\" src=\"https:\/\/cimbcc.org\/test2\/wp-content\/uploads\/Photo-Du-CA-2012-2013.jpg\" alt=\"\" width=\"450\" height=\"134\" srcset=\"https:\/\/cimbcc.org\/test2\/wp-content\/uploads\/Photo-Du-CA-2012-2013.jpg 450w, https:\/\/cimbcc.org\/test2\/wp-content\/uploads\/Photo-Du-CA-2012-2013-300x89.jpg 300w\" sizes=\"auto, (max-width: 450px) 100vw, 450px\" \/><figcaption id=\"caption-attachment-5549\" class=\"wp-caption-text\">De gauche \u00e0 droite\u00a0: Walter\u00a0Pearce, Francine\u00a0Fortier, R\u00e9jean\u00a0C\u00f4t\u00e9, Danielle\u00a0Bourque, Michel\u00a0Gagn\u00e9, Yvon\u00a0Gaudreau, Raymonde\u00a0Lemay, R\u00e9jean\u00a0Daigle, Sylvie\u00a0Mazur et Andr\u00e9\u00a0Charest. Denis\u00a0Dulude \u00e9tait absent au moment de la prise de la photo.<\/figcaption><\/figure>\n<p style=\"text-align: justify;\">Le conseil d\u2019administration a constat\u00e9 \u00e0 sa derni\u00e8re r\u00e9union, le 11\u00a0mars, que le club comptait d\u00e9sormais 522\u00a0membres, mais qu\u2019il avait perdu son webmestre. Le club esp\u00e8re lui trouver un rempla\u00e7ant bient\u00f4t.<\/p>\n<p style=\"text-align: justify;\"><!--more--><\/p>\n<p style=\"text-align: justify;\">La prochaine assembl\u00e9e g\u00e9n\u00e9rale annuelle du club est en voie d\u2019organisation. Le projet d\u2019ordre du jour a \u00e9t\u00e9 adopt\u00e9 et il a \u00e9t\u00e9 d\u00e9cid\u00e9 de consacrer un point aux activit\u00e9s et aux am\u00e9liorations sugg\u00e9r\u00e9es par les membres. L\u2019avis de convocation de l\u2019assembl\u00e9e g\u00e9n\u00e9rale sera diffus\u00e9 avant la fin de mars et, entre autres, il invitera les membres \u00e0 transmettre leurs suggestions par courriel \u00e0 Sylvie\u00a0Mazur.<\/p>\n<p style=\"text-align: justify;\">Un des volets importants de la mission du club est le partage de connaissances. La diffusion d\u2019une information de qualit\u00e9, sans engager la responsabilit\u00e9 des b\u00e9n\u00e9voles ou des administrateurs, est au c\u0153ur des activit\u00e9s offertes aux membres. Le conseil a donc pass\u00e9 en revue ses diff\u00e9rentes activit\u00e9s pour conclure que l\u2019information diffus\u00e9e est vari\u00e9e. Il a aussi constat\u00e9 un r\u00e9el effort pour renouveler les sujets abord\u00e9s et pour r\u00e9pondre aux demandes des membres. Ainsi, on a recens\u00e9 28\u00a0nouveaux sujets trait\u00e9s dans les pr\u00e9sentations du mercredi et du vendredi et six (6)\u00a0ateliers qui r\u00e9pondent \u00e0 des demandes sp\u00e9cifiques de membres. La question de la s\u00e9curit\u00e9 informatique a aussi \u00e9t\u00e9 bien couverte\u00a0: il en a \u00e9t\u00e9 question dans 12\u00a0pr\u00e9sentations, trois (3)\u00a0ateliers et six (6)\u00a0articles du <i>CHIP<\/i>. Enfin, m\u00eame si la page <i>Avertissement<\/i> du site Web rappelle que le club d\u00e9cline toute responsabilit\u00e9 sur les cons\u00e9quences possibles de l\u2019utilisation des informations diffus\u00e9es, il a \u00e9t\u00e9 d\u00e9cid\u00e9 de rendre accessibles les <i>R\u00e8glements g\u00e9n\u00e9raux<\/i> du club sur le site Web et de revenir sur cette question dans un article du <i>CHIP<\/i>.<\/p>\n<p style=\"text-align: justify;\">Michel\u00a0Gagn\u00e9 et Yvon\u00a0Gaudreau ont pr\u00e9sent\u00e9 un document de r\u00e9f\u00e9rence sur la gestion des \u00e9quipements du club. Ce document d\u00e9crit les pratiques \u00e0 privil\u00e9gier par le responsable et les utilisateurs des \u00e9quipements du club pour en assurer une bonne gestion. Ce document fait suite \u00e0 celui traitant de la gestion des ordinateurs et \u00e0 celui traitant des logiciels payants. Adopt\u00e9 par le conseil d\u2019administration, ce document est accompagn\u00e9 d\u2019un inventaire qui sera mis \u00e0 jour. Gr\u00e2ce \u00e0 ces documents de r\u00e9f\u00e9rence sur la gestion des avoirs du club, le conseil veut s\u2019assurer du bon \u00e9tat et de la disponibilit\u00e9 des ressources n\u00e9cessaires \u00e0 ses activit\u00e9s.<\/p>\n<p style=\"text-align: justify;\">En accord avec la mission sociale du club, le conseil a d\u00e9cid\u00e9 d\u2019appuyer un projet de service d\u2019aide aux devoirs \u00e0 l\u2019intention des \u00e9l\u00e8ves qui \u00e9prouvent des difficult\u00e9s d\u2019apprentissage dans les mati\u00e8res de base. Ce projet de la Maison des jeunes a \u00e9t\u00e9 pr\u00e9sent\u00e9 \u00e0 la Conf\u00e9rence r\u00e9gionale des \u00e9lus de l\u2019agglom\u00e9ration de Longueuil. Le club s\u2019est engag\u00e9 \u00e0 fournir des ordinateurs recycl\u00e9s (six maximum) \u00e0 des \u00e9l\u00e8ves inscrits \u00e0 ce service et provenant de milieux d\u00e9favoris\u00e9s. Gr\u00e2ce au service de soutien \u00e0 la r\u00e9cup\u00e9ration de mat\u00e9riel \u00e9lectronique, le club assurera aussi l\u2019entretien des ordinateurs des deux\u00a0personnes-ressources affect\u00e9es au projet. Walter\u00a0Pearce repr\u00e9sentera le club dans le suivi \u00e0 ce projet.<\/p>\n<p style=\"text-align: justify;\">Dans le cadre de la r\u00e9vision des activit\u00e9s du club, le conseil a pris connaissance du bilan des services d\u2019assistance \u00e0 domicile pr\u00e9sent\u00e9 par R\u00e9jean\u00a0C\u00f4t\u00e9. Bien que le service soit moins sollicit\u00e9 que par le pass\u00e9 et que les personnes-ressources soient moins nombreuses, le conseil a d\u00e9cid\u00e9 de maintenir ce service qui a encore toute son utilit\u00e9.<\/p>\n<p style=\"text-align: justify;\">Enfin, Michel\u00a0Gagn\u00e9 annonce que les personnes qui enregistreront un commentaire sur le blogue du club ne seront plus oblig\u00e9es de fournir leur nom et leur adresse \u00e9lectronique. Cela est possible maintenant parce qu\u2019on a enfin trouv\u00e9 comment \u00e9viter cette obligation.<\/p>\n<p>\u00a0Sylvie Mazur<br \/>\nSecr\u00e9taire du CIMBCC<\/p>\n","protected":false},"excerpt":{"rendered":"<p>Le conseil d\u2019administration a constat\u00e9 \u00e0 sa derni\u00e8re r\u00e9union, le 11\u00a0mars, que le club comptait d\u00e9sormais 522\u00a0membres, mais qu\u2019il avait perdu son webmestre. Le club esp\u00e8re lui trouver un rempla\u00e7ant bient\u00f4t.<\/p>\n","protected":false},"author":43,"featured_media":0,"comment_status":"open","ping_status":"closed","sticky":false,"template":"","format":"standard","meta":{"footnotes":""},"categories":[386],"tags":[569,233,246,239,972,973,271,110,568,971],"class_list":["post-5886","post","type-post","status-publish","format-standard","hentry","category-echos-du-conseil-dadministration","tag-assemblee-generale-annuelle","tag-assistance-a-domicile","tag-chip","tag-commentaires","tag-gestion-des-ordinateurs","tag-inventaire-des-logiciels","tag-presentations","tag-recuperation","tag-reglements-generaux","tag-webmestres"],"_links":{"self":[{"href":"https:\/\/cimbcc.org\/test2\/wp-json\/wp\/v2\/posts\/5886","targetHints":{"allow":["GET"]}}],"collection":[{"href":"https:\/\/cimbcc.org\/test2\/wp-json\/wp\/v2\/posts"}],"about":[{"href":"https:\/\/cimbcc.org\/test2\/wp-json\/wp\/v2\/types\/post"}],"author":[{"embeddable":true,"href":"https:\/\/cimbcc.org\/test2\/wp-json\/wp\/v2\/users\/43"}],"replies":[{"embeddable":true,"href":"https:\/\/cimbcc.org\/test2\/wp-json\/wp\/v2\/comments?post=5886"}],"version-history":[{"count":14,"href":"https:\/\/cimbcc.org\/test2\/wp-json\/wp\/v2\/posts\/5886\/revisions"}],"predecessor-version":[{"id":25650,"href":"https:\/\/cimbcc.org\/test2\/wp-json\/wp\/v2\/posts\/5886\/revisions\/25650"}],"wp:attachment":[{"href":"https:\/\/cimbcc.org\/test2\/wp-json\/wp\/v2\/media?parent=5886"}],"wp:term":[{"taxonomy":"category","embeddable":true,"href":"https:\/\/cimbcc.org\/test2\/wp-json\/wp\/v2\/categories?post=5886"},{"taxonomy":"post_tag","embeddable":true,"href":"https:\/\/cimbcc.org\/test2\/wp-json\/wp\/v2\/tags?post=5886"}],"curies":[{"name":"wp","href":"https:\/\/api.w.org\/{rel}","templated":true}]}}