{"id":5963,"date":"2013-04-05T10:00:26","date_gmt":"2013-04-05T15:00:26","guid":{"rendered":"https:\/\/cimbcc.org\/test2\/?p=5963"},"modified":"2023-10-16T22:16:52","modified_gmt":"2023-10-17T02:16:52","slug":"editorial-avril-2013","status":"publish","type":"post","link":"https:\/\/cimbcc.org\/test2\/editorial-avril-2013\/","title":{"rendered":"\u00c9ditorial &#8211; avril 2013"},"content":{"rendered":"<p><a href=\"https:\/\/cimbcc.org\/test2\/wp-content\/uploads\/Photo-Andre-Charest-Editorial1.jpg\"><img loading=\"lazy\" decoding=\"async\" class=\"size-full wp-image-5376 aligncenter\" src=\"https:\/\/cimbcc.org\/test2\/wp-content\/uploads\/Photo-Andre-Charest-Editorial1.jpg\" alt=\"Photo-Andre-Charest-Editorial\" width=\"300\" height=\"82\" \/><\/a><\/p>\n<p style=\"text-align: justify;\">En avril\u00a02012, j\u2019ai \u00e9crit sur la d\u00e9mocratie en g\u00e9n\u00e9ral et au Club informatique Mont-Bruno. Je disais combien la d\u00e9mocratie est fragile pour plusieurs raisons. L\u2019apathie en est une.<\/p>\n<p style=\"text-align: justify;\">Une soci\u00e9t\u00e9 d\u00e9mocratique ne l\u2019est vraiment que si ses institutions respectent la d\u00e9mocratie. Notre club est une institution parmi des milliers \u00e0 organisation d\u00e9mocratique de la soci\u00e9t\u00e9 dans laquelle nous vivons. Cette d\u00e9mocratie doit \u00eatre respect\u00e9e, entretenue et m\u00eame faire l\u2019objet de promotion.<\/p>\n<p style=\"text-align: justify;\"><!--more--><\/p>\n<p style=\"text-align: justify;\">Votre conseil d\u2019administration a d\u00e9cid\u00e9 \u00e0 sa r\u00e9union de mars d\u2019accro\u00eetre l\u2019esprit d\u00e9mocratique au club en donnant \u00e0 chaque membre la possibilit\u00e9 d\u2019intervenir de fa\u00e7on ordonn\u00e9e durant l\u2019assembl\u00e9e g\u00e9n\u00e9rale annuelle du 17\u00a0avril prochain. Je cite l\u2019avis de convocation\u00a0:<\/p>\n<p><span style=\"color: #008000;\"><b><i><span style=\"text-decoration: underline;\">Questions diverses<\/span><\/i><\/b><\/span><\/p>\n<p style=\"text-align: justify;\"><span style=\"color: #008000;\"><b><i><\/i><\/b><i>Le point\u00a012 de l\u2019ordre du jour qui porte le titre ci-dessus sera consacr\u00e9 aux <b>suggestions d\u2019activit\u00e9s et d\u2019am\u00e9liorations<\/b> que les membres souhaitent proposer au club et \u00e0 leurs <b>questions<\/b>. Chacun est donc invit\u00e9 \u00e0 transmettre ses suggestions et ses questions <span style=\"text-decoration: underline;\">avant le mercredi 10\u00a0avril<\/span> par un courriel adress\u00e9 \u00e0 la secr\u00e9taire du club.<\/i><\/span><\/p>\n<p style=\"text-align: justify;\">Cette possibilit\u00e9 de faire parvenir \u00e0 la secr\u00e9taire du club \u00e0 l\u2019avance vos suggestions d\u2019activit\u00e9s et d\u2019am\u00e9liorations et vos questions n\u2019existait pas l\u2019an dernier, ni avant. Elle est un effort pour faire comprendre \u00e0 chaque membre que le club lui appartient et qu\u2019il peut en influencer la marche. N\u2019h\u00e9sitez donc pas \u00e0 participer si vous avez des points importants \u00e0 communiquer.<\/p>\n<p style=\"text-align: justify;\">Cette nouveaut\u00e9 sera aussi un d\u00e9fi pour le pr\u00e9sident qui devra prendre en consid\u00e9ration chaque point ainsi apport\u00e9 et lui donner toute l\u2019attention qu\u2019il m\u00e9rite. Le pr\u00e9sident devra \u00eatre vraiment \u00e0 l\u2019\u00e9coute des membres. Il n\u2019aura sans doute pas des r\u00e9ponses compl\u00e8tes \u00e0 tous les points au moment de l\u2019assembl\u00e9e. Il sera oblig\u00e9 dans certains cas de prendre la chose en d\u00e9lib\u00e9r\u00e9.<\/p>\n<p style=\"text-align: justify;\">Dans cet exercice, le d\u00e9fi ne sera pas le seul fait du pr\u00e9sident. Chacun devra contribuer. Les membres qui feront des suggestions d\u2019activit\u00e9s et d\u2019am\u00e9liorations devront r\u00e9fl\u00e9chir au r\u00e9alisme de leurs suggestions avant de les faire. Ceux qui poseront des questions devront r\u00e9fl\u00e9chir \u00e0 leur bien-fond\u00e9.<\/p>\n<p style=\"text-align: justify;\">On ne peut dire d\u2019avance si cette initiative aura du succ\u00e8s. Je suis parmi ceux qui le souhaitent ardemment. Il est tellement important que les membres participent en venant d\u2019abord \u00e0 l\u2019assembl\u00e9e g\u00e9n\u00e9rale, ensuite, en \u00e9lisant les nouveaux membres du conseil d\u2019administration, s\u2019il y a lieu, et le cas \u00e9ch\u00e9ant, en intervenant comme il est propos\u00e9 ci-dessus.<\/p>\n<p style=\"text-align: justify;\">Parce que le club appartient \u00e0 tous ses membres, il ne doit pas devenir l\u2019affaire d\u2019une personne ou d\u2019une clique. La participation des membres est essentielle pour \u00e9viter ce genre de d\u00e9rapage. Les d\u00e9rapages sont chose courante dans les institutions dont les membres, par apathie, laissent le champ libre \u00e0 quelques personnes. Exer\u00e7ons donc nos droits d\u00e9mocratiques et restons vigilants. Venons \u00e0 l\u2019assembl\u00e9e g\u00e9n\u00e9rale nous occuper de nos affaires.<\/p>\n<p>\u00a0Andr\u00e9 Charest<\/p>\n","protected":false},"excerpt":{"rendered":"<p>En avril\u00a02012, j\u2019ai \u00e9crit sur la d\u00e9mocratie en g\u00e9n\u00e9ral et au Club informatique Mont-Bruno. Je disais combien la d\u00e9mocratie est fragile pour plusieurs raisons. L\u2019apathie en est une. Une soci\u00e9t\u00e9 d\u00e9mocratique ne l\u2019est vraiment que si ses institutions respectent la d\u00e9mocratie. Notre club est une institution parmi des milliers \u00e0 organisation d\u00e9mocratique de la soci\u00e9t\u00e9 &hellip; <a href=\"https:\/\/cimbcc.org\/test2\/editorial-avril-2013\/\" class=\"more-link\">Continuer la lecture de <span class=\"screen-reader-text\">\u00c9ditorial &#8211; avril 2013<\/span>  <span class=\"meta-nav\">&rarr;<\/span><\/a><\/p>\n","protected":false},"author":43,"featured_media":0,"comment_status":"open","ping_status":"closed","sticky":false,"template":"","format":"standard","meta":{"footnotes":""},"categories":[8],"tags":[569,301,588],"class_list":["post-5963","post","type-post","status-publish","format-standard","hentry","category-editoriaux","tag-assemblee-generale-annuelle","tag-democratie","tag-suggestions"],"_links":{"self":[{"href":"https:\/\/cimbcc.org\/test2\/wp-json\/wp\/v2\/posts\/5963","targetHints":{"allow":["GET"]}}],"collection":[{"href":"https:\/\/cimbcc.org\/test2\/wp-json\/wp\/v2\/posts"}],"about":[{"href":"https:\/\/cimbcc.org\/test2\/wp-json\/wp\/v2\/types\/post"}],"author":[{"embeddable":true,"href":"https:\/\/cimbcc.org\/test2\/wp-json\/wp\/v2\/users\/43"}],"replies":[{"embeddable":true,"href":"https:\/\/cimbcc.org\/test2\/wp-json\/wp\/v2\/comments?post=5963"}],"version-history":[{"count":18,"href":"https:\/\/cimbcc.org\/test2\/wp-json\/wp\/v2\/posts\/5963\/revisions"}],"predecessor-version":[{"id":12352,"href":"https:\/\/cimbcc.org\/test2\/wp-json\/wp\/v2\/posts\/5963\/revisions\/12352"}],"wp:attachment":[{"href":"https:\/\/cimbcc.org\/test2\/wp-json\/wp\/v2\/media?parent=5963"}],"wp:term":[{"taxonomy":"category","embeddable":true,"href":"https:\/\/cimbcc.org\/test2\/wp-json\/wp\/v2\/categories?post=5963"},{"taxonomy":"post_tag","embeddable":true,"href":"https:\/\/cimbcc.org\/test2\/wp-json\/wp\/v2\/tags?post=5963"}],"curies":[{"name":"wp","href":"https:\/\/api.w.org\/{rel}","templated":true}]}}