{"id":6248,"date":"2013-04-22T10:00:35","date_gmt":"2013-04-22T15:00:35","guid":{"rendered":"https:\/\/cimbcc.org\/test2\/?p=6248"},"modified":"2023-10-16T22:16:52","modified_gmt":"2023-10-17T02:16:52","slug":"echos-du-conseil-dadministration-avril-2013","status":"publish","type":"post","link":"https:\/\/cimbcc.org\/test2\/echos-du-conseil-dadministration-avril-2013\/","title":{"rendered":"\u00c9chos du conseil d&rsquo;administration &#8211; 2 avril 2013"},"content":{"rendered":"<figure id=\"attachment_5549\" aria-describedby=\"caption-attachment-5549\" style=\"width: 450px\" class=\"wp-caption aligncenter\"><img loading=\"lazy\" decoding=\"async\" class=\"size-full wp-image-5549\" src=\"https:\/\/cimbcc.org\/test2\/wp-content\/uploads\/Photo-Du-CA-2012-2013.jpg\" alt=\"\" width=\"450\" height=\"134\" srcset=\"https:\/\/cimbcc.org\/test2\/wp-content\/uploads\/Photo-Du-CA-2012-2013.jpg 450w, https:\/\/cimbcc.org\/test2\/wp-content\/uploads\/Photo-Du-CA-2012-2013-300x89.jpg 300w\" sizes=\"auto, (max-width: 450px) 100vw, 450px\" \/><figcaption id=\"caption-attachment-5549\" class=\"wp-caption-text\">De gauche \u00e0 droite\u00a0: Walter\u00a0Pearce, Francine\u00a0Fortier, R\u00e9jean\u00a0C\u00f4t\u00e9, Danielle\u00a0Bourque, Michel\u00a0Gagn\u00e9, Yvon\u00a0Gaudreau, Raymonde\u00a0Lemay, R\u00e9jean\u00a0Daigle, Sylvie\u00a0Mazur et Andr\u00e9\u00a0Charest. Denis\u00a0Dulude \u00e9tait absent au moment de la prise de la photo.<\/figcaption><\/figure>\n<p style=\"text-align: justify;\">\u00c0 sa derni\u00e8re r\u00e9union, le 2\u00a0avril, le conseil d\u2019administration a constat\u00e9 qu\u2019il y avait 525\u00a0membres inscrits. Si ce nombre est comparable \u00e0 celui de l\u2019an dernier, force est de constater que c\u2019est le r\u00e9sultat d\u2019efforts importants pour recruter de nouveaux membres, comme l\u2019ajout de cours \u00e0 la biblioth\u00e8que de Sainte-Julie et l\u2019invitation de membres des Caisses Desjardins \u00e0 des pr\u00e9sentations sur la s\u00e9curit\u00e9 dans les transactions \u00e9lectroniques. Si des efforts comparables ne sont pas fournis l\u2019an prochain, on peut s\u2019attendre \u00e0 une diminution du nombre des membres.<\/p>\n<p style=\"text-align: justify;\"><!--more--><\/p>\n<p style=\"text-align: justify;\">Pour faire suite \u00e0 la derni\u00e8re r\u00e9union, Michel Gagn\u00e9 a confirm\u00e9 que les commentaires du <i>CHIP<\/i> ne devront plus \u00eatre accompagn\u00e9s du nom et de l\u2019adresse de courriel de leur auteur. Par ailleurs, il a annonc\u00e9 que les <i><span style=\"text-decoration: underline;\">R\u00e8glements g\u00e9n\u00e9raux<\/span><\/i> du club sont d\u00e9sormais accessibles sur le site Web du club dans la section <i>Le club<\/i>.<\/p>\n<p style=\"text-align: justify;\">L\u2019organisation de l\u2019assembl\u00e9e g\u00e9n\u00e9rale annuelle du 17\u00a0avril \u00e9tait bien avanc\u00e9e. L\u2019avis de convocation transmis aux membres par courriel le 27\u00a0mars \u00e9tait accompagn\u00e9 du projet d\u2019ordre du jour et du projet de proc\u00e8s-verbal de l\u2019assembl\u00e9e du 11\u00a0avril\u00a02012. Le rapport annuel du pr\u00e9sident \u00e9tait presque termin\u00e9 gr\u00e2ce \u00e0 la collaboration des responsables d\u2019activit\u00e9s et de services. Quatre\u00a0candidats s\u2019\u00e9taient d\u00e9j\u00e0 manifest\u00e9s pour les six\u00a0postes \u00e0 pourvoir au conseil d\u2019administration.<\/p>\n<p style=\"text-align: justify;\">Le conseil a adopt\u00e9 une proposition afin d\u2019accorder aux b\u00e9n\u00e9voles la priorit\u00e9 d\u2019inscription \u00e0 un atelier, lorsque le nombre des inscrits exc\u00e8de la capacit\u00e9 d\u2019accueil de celui-ci. Cette proposition sera soumise \u00e0 l\u2019assembl\u00e9e g\u00e9n\u00e9rale afin que les membres prennent position sur cette ligne de conduite qui pourrait \u00eatre appliqu\u00e9e d\u00e8s 2013-2014.<\/p>\n<p style=\"text-align: justify;\">Le tr\u00e9sorier du club, Walter Pearce, a pr\u00e9sent\u00e9 les \u00e9tats financiers de 2012-2013 et les pr\u00e9visions budg\u00e9taires pour 2013-2014. Ces deux\u00a0rapports seront pr\u00e9sent\u00e9s aux membres le 17\u00a0avril. Compte tenu de ces r\u00e9sultats financiers, le conseil a d\u00e9cid\u00e9 de maintenir les frais d\u2019abonnement au club \u00e0 leur niveau actuel et de d\u00e9poser une partie des liquidit\u00e9s disponibles dans un compte d\u2019\u00e9pargne g\u00e9n\u00e9rant des int\u00e9r\u00eats.<\/p>\n<p style=\"text-align: justify;\">Walter Pearce a aussi soumis au conseil une demande du Centre d\u2019action b\u00e9n\u00e9vole <i>Les petits bonheurs<\/i> de Saint-Bruno. Il s\u2019agit d\u2019un projet de r\u00e9cup\u00e9ration de meubles usag\u00e9s et d\u2019insertion sociale pour les jeunes et les travailleurs qui \u00e9prouvent des difficult\u00e9s \u00e0 r\u00e9int\u00e9grer le march\u00e9 du travail. Le conseil a donn\u00e9 son appui \u00e0 la demande de subvention et il s\u2019est engag\u00e9 \u00e0 fournir deux\u00a0ordinateurs recycl\u00e9s pour soutenir ce projet.<\/p>\n<p style=\"text-align: justify;\">Les attentes du conseil \u00e0 l\u2019\u00e9gard des responsables des adresses \u00e9lectroniques du club ont \u00e9t\u00e9 d\u00e9finies dans un document qui a \u00e9t\u00e9 approuv\u00e9 par le conseil. Ce document s\u2019ajoute aux documents de r\u00e9f\u00e9rence sur le fonctionnement du club qui ont pour but d\u2019assurer la bonne gestion du club ainsi que sa continuit\u00e9.<\/p>\n<p style=\"text-align: justify;\">Enfin, les membres du conseil d\u2019administration ont remerci\u00e9 Francine Fortier et Raymonde Lemay pour leur participation au conseil. Leur mandat se termine et elles n\u2019en solliciteront pas le renouvellement. Leur contribution a \u00e9t\u00e9 fort appr\u00e9ci\u00e9e.<\/p>\n<p style=\"text-align: justify;\">Sylvie Mazur<br \/>\nSecr\u00e9taire du CIMBCC<\/p>\n","protected":false},"excerpt":{"rendered":"<p>\u00c0 sa derni\u00e8re r\u00e9union, le 2\u00a0avril, le conseil d\u2019administration a constat\u00e9 qu\u2019il y avait 525\u00a0membres inscrits. Si ce nombre est comparable \u00e0 celui de l\u2019an dernier, force est de constater que c\u2019est le r\u00e9sultat d\u2019efforts importants pour recruter de nouveaux membres, comme l\u2019ajout de cours \u00e0 la biblioth\u00e8que de Sainte-Julie et l\u2019invitation de membres des &hellip; <a href=\"https:\/\/cimbcc.org\/test2\/echos-du-conseil-dadministration-avril-2013\/\" class=\"more-link\">Continuer la lecture de <span class=\"screen-reader-text\">\u00c9chos du conseil d&rsquo;administration &#8211; 2 avril 2013<\/span>  <span class=\"meta-nav\">&rarr;<\/span><\/a><\/p>\n","protected":false},"author":43,"featured_media":0,"comment_status":"open","ping_status":"closed","sticky":false,"template":"","format":"standard","meta":{"footnotes":""},"categories":[386],"tags":[956,569,269,472,246,974,568],"class_list":["post-6248","post","type-post","status-publish","format-standard","hentry","category-echos-du-conseil-dadministration","tag-adresse-electronique","tag-assemblee-generale-annuelle","tag-ateliers","tag-budget","tag-chip","tag-les-petits-bonheurs","tag-reglements-generaux"],"_links":{"self":[{"href":"https:\/\/cimbcc.org\/test2\/wp-json\/wp\/v2\/posts\/6248","targetHints":{"allow":["GET"]}}],"collection":[{"href":"https:\/\/cimbcc.org\/test2\/wp-json\/wp\/v2\/posts"}],"about":[{"href":"https:\/\/cimbcc.org\/test2\/wp-json\/wp\/v2\/types\/post"}],"author":[{"embeddable":true,"href":"https:\/\/cimbcc.org\/test2\/wp-json\/wp\/v2\/users\/43"}],"replies":[{"embeddable":true,"href":"https:\/\/cimbcc.org\/test2\/wp-json\/wp\/v2\/comments?post=6248"}],"version-history":[{"count":37,"href":"https:\/\/cimbcc.org\/test2\/wp-json\/wp\/v2\/posts\/6248\/revisions"}],"predecessor-version":[{"id":25643,"href":"https:\/\/cimbcc.org\/test2\/wp-json\/wp\/v2\/posts\/6248\/revisions\/25643"}],"wp:attachment":[{"href":"https:\/\/cimbcc.org\/test2\/wp-json\/wp\/v2\/media?parent=6248"}],"wp:term":[{"taxonomy":"category","embeddable":true,"href":"https:\/\/cimbcc.org\/test2\/wp-json\/wp\/v2\/categories?post=6248"},{"taxonomy":"post_tag","embeddable":true,"href":"https:\/\/cimbcc.org\/test2\/wp-json\/wp\/v2\/tags?post=6248"}],"curies":[{"name":"wp","href":"https:\/\/api.w.org\/{rel}","templated":true}]}}