{"id":6269,"date":"2013-04-24T10:00:52","date_gmt":"2013-04-24T15:00:52","guid":{"rendered":"https:\/\/cimbcc.org\/test2\/?p=6269"},"modified":"2023-10-16T22:16:52","modified_gmt":"2023-10-17T02:16:52","slug":"election-de-nouveaux-membres-au-conseil-dadministration-avril-2013","status":"publish","type":"post","link":"https:\/\/cimbcc.org\/test2\/election-de-nouveaux-membres-au-conseil-dadministration-avril-2013\/","title":{"rendered":"\u00c9lection de nouveaux membres au conseil d\u2019administration \u2013 17 avril 2013"},"content":{"rendered":"<p style=\"text-align: justify;\">L\u2019assembl\u00e9e g\u00e9n\u00e9rale annuelle du Club informatique Mont-Bruno a eu lieu le 17\u00a0avril, au d\u00e9but de la s\u00e9ance de pr\u00e9sentations r\u00e9guli\u00e8re de mercredi dernier. Elle a r\u00e9uni 74\u00a0membres attentifs et int\u00e9ress\u00e9s.<\/p>\n<p><!--more--><\/p>\n<p style=\"text-align: justify;\">Ce fut l\u2019occasion pour les membres du club d\u2019\u00e9lire leurs repr\u00e9sentants au conseil d\u2019administration. Mesdames Marie-Jos\u00e9 B\u00e2cle et Sylvie\u00a0Mazur, ainsi que messieurs Charles\u00a0E.\u00a0Blier, Denis\u00a0Dulude, Yvon\u00a0Gaudreau et Jacques\u00a0Lalibert\u00e9 ont \u00e9t\u00e9 \u00e9lus par acclamation pour un mandat de deux\u00a0ans. Le conseil d\u2019administration peut \u00e9galement compter sur les administrateurs \u00e9lus l\u2019an dernier qui poursuivent leur mandat pendant encore un\u00a0an. Il s\u2019agit de madame Danielle\u00a0Charest-Bourque et de messieurs Andr\u00e9\u00a0Charest, R\u00e9jean\u00a0C\u00f4t\u00e9, R\u00e9jean\u00a0Daigle, Michel\u00a0Gagn\u00e9 et Walter\u00a0Pearce.<\/p>\n<p style=\"text-align: justify;\">Au nom de tous les membres, le pr\u00e9sident, R\u00e9jean\u00a0C\u00f4t\u00e9, a remerci\u00e9 mesdames Francine\u00a0Fortier et Raymonde\u00a0Lemay pour leur contribution pendant la derni\u00e8re\u00a0ann\u00e9e. Elles quittent le conseil, mais elles continueront \u00e0 assumer la responsabilit\u00e9 du <i>CHIP<\/i>, d\u2019une part, et des communications internes et externes, d\u2019autre part.<\/p>\n<p style=\"text-align: justify;\">Le conseil d\u2019administration se r\u00e9unit normalement le premier\u00a0mardi de chaque mois, sauf en juillet. Vous pouvez suivre ses travaux gr\u00e2ce au <i>CHIP<\/i> qui publie chaque mois les <i>\u00c9chos du conseil d\u2019administration<\/i>. Vos commentaires et suggestions sont toujours les bienvenus!<\/p>\n<p>Sylvie Mazur<br \/>\nSecr\u00e9taire du CIMBCC<\/p>\n","protected":false},"excerpt":{"rendered":"<p>L\u2019assembl\u00e9e g\u00e9n\u00e9rale annuelle du Club informatique Mont-Bruno a eu lieu le 17\u00a0avril, au d\u00e9but de la s\u00e9ance de pr\u00e9sentations r\u00e9guli\u00e8re de mercredi dernier. Elle a r\u00e9uni 74\u00a0membres attentifs et int\u00e9ress\u00e9s.<\/p>\n","protected":false},"author":43,"featured_media":0,"comment_status":"open","ping_status":"closed","sticky":false,"template":"","format":"standard","meta":{"footnotes":""},"categories":[386],"tags":[569,841],"class_list":["post-6269","post","type-post","status-publish","format-standard","hentry","category-echos-du-conseil-dadministration","tag-assemblee-generale-annuelle","tag-elections"],"_links":{"self":[{"href":"https:\/\/cimbcc.org\/test2\/wp-json\/wp\/v2\/posts\/6269","targetHints":{"allow":["GET"]}}],"collection":[{"href":"https:\/\/cimbcc.org\/test2\/wp-json\/wp\/v2\/posts"}],"about":[{"href":"https:\/\/cimbcc.org\/test2\/wp-json\/wp\/v2\/types\/post"}],"author":[{"embeddable":true,"href":"https:\/\/cimbcc.org\/test2\/wp-json\/wp\/v2\/users\/43"}],"replies":[{"embeddable":true,"href":"https:\/\/cimbcc.org\/test2\/wp-json\/wp\/v2\/comments?post=6269"}],"version-history":[{"count":16,"href":"https:\/\/cimbcc.org\/test2\/wp-json\/wp\/v2\/posts\/6269\/revisions"}],"predecessor-version":[{"id":25636,"href":"https:\/\/cimbcc.org\/test2\/wp-json\/wp\/v2\/posts\/6269\/revisions\/25636"}],"wp:attachment":[{"href":"https:\/\/cimbcc.org\/test2\/wp-json\/wp\/v2\/media?parent=6269"}],"wp:term":[{"taxonomy":"category","embeddable":true,"href":"https:\/\/cimbcc.org\/test2\/wp-json\/wp\/v2\/categories?post=6269"},{"taxonomy":"post_tag","embeddable":true,"href":"https:\/\/cimbcc.org\/test2\/wp-json\/wp\/v2\/tags?post=6269"}],"curies":[{"name":"wp","href":"https:\/\/api.w.org\/{rel}","templated":true}]}}