{"id":6357,"date":"2013-05-07T10:00:56","date_gmt":"2013-05-07T15:00:56","guid":{"rendered":"https:\/\/cimbcc.org\/test2\/?p=6357"},"modified":"2023-10-16T22:16:52","modified_gmt":"2023-10-17T02:16:52","slug":"le-mot-du-president-mai-2013","status":"publish","type":"post","link":"https:\/\/cimbcc.org\/test2\/le-mot-du-president-mai-2013\/","title":{"rendered":"Le mot du pr\u00e9sident \u2013 mai 2013"},"content":{"rendered":"<p>&nbsp;<\/p>\n<figure id=\"attachment_6374\" aria-describedby=\"caption-attachment-6374\" style=\"width: 450px\" class=\"wp-caption aligncenter\"><img loading=\"lazy\" decoding=\"async\" class=\"size-full wp-image-6374\" src=\"https:\/\/cimbcc.org\/test2\/wp-content\/uploads\/Photo-CA-2013-2014.jpg\" alt=\"\" width=\"450\" height=\"140\" srcset=\"https:\/\/cimbcc.org\/test2\/wp-content\/uploads\/Photo-CA-2013-2014.jpg 450w, https:\/\/cimbcc.org\/test2\/wp-content\/uploads\/Photo-CA-2013-2014-300x93.jpg 300w\" sizes=\"auto, (max-width: 450px) 100vw, 450px\" \/><figcaption id=\"caption-attachment-6374\" class=\"wp-caption-text\">Le conseil d\u2019administration est compos\u00e9 de Walter Pearce, R\u00e9jean C\u00f4t\u00e9, Sylvie Mazur, R\u00e9jean Daigle, Denis Dulude, Jacques Lalibert\u00e9, Danielle Charest Bourque, Michel Gagn\u00e9, Charles E. Blier, Andr\u00e9 Charest et Marie-Jos\u00e9 B\u00e2cle. Absent lors de la prise de photo : Yvon Gaudreau (en vignette).<\/figcaption><\/figure>\n<p style=\"text-align: justify;\">Cette ann\u00e9e, 74\u00a0membres ont assist\u00e9 \u00e0 l\u2019assembl\u00e9e g\u00e9n\u00e9rale annuelle du 17\u00a0avril. Vos administrateurs les remercient.<\/p>\n<p style=\"text-align: justify;\">Je f\u00e9licite les trois\u00a0administrateurs r\u00e9\u00e9lus, soit Sylvie\u00a0Mazur, Yvon\u00a0Gaudreau et Denis\u00a0Dulude, et les trois\u00a0nouveaux, soit Marie-Jos\u00e9e\u00a0B\u00e2cle, Charles E. Blier et Jacques\u00a0Lalibert\u00e9. Je remercie aussi, pour leur bon travail au conseil, Raymonde\u00a0Lemay et Francine\u00a0Fortier qui n\u2019ont pas sollicit\u00e9 un nouveau mandat.<\/p>\n<p style=\"text-align: justify;\"><!--more--><\/p>\n<p style=\"text-align: justify;\">\u00c0 la r\u00e9union du conseil du 7\u00a0mai, c\u2019est avec plaisir que j\u2019ai accept\u00e9 de nouveau de pr\u00e9sider aux destin\u00e9es du Club informatique Mont-Bruno pour une autre ann\u00e9e. Michel\u00a0Gagn\u00e9, Sylvie\u00a0Mazur et Walter\u00a0Pearce ont \u00e9t\u00e9 \u00e9lus respectivement vice-pr\u00e9sident, secr\u00e9taire et tr\u00e9sorier. Je les f\u00e9licite. Je suis certain qu\u2019ensemble nous formerons encore une fois une bonne \u00e9quipe qui travaillera \u00e0 la bonne gestion et \u00e0 l\u2019\u00e9volution du club.<\/p>\n<p style=\"text-align: justify;\">Le Club informatique Mont-Bruno continue de s\u2019adapter \u00e0 son environnement en constante mutation. Il recrute de nouveaux pr\u00e9sentateurs, fait de nouvelles pr\u00e9sentations et aussi offre de nouveaux services \u00e0 ses membres. Je suis convaincu qu\u2019encore une fois cette ann\u00e9e nous avons bien r\u00e9ussi. Voici quelques-unes des activit\u00e9s qui ont marqu\u00e9 l\u2019ann\u00e9e.<\/p>\n<h3 style=\"text-align: justify;\"><b><span style=\"text-decoration: underline;\">Les membres et les pr\u00e9sentations<\/span><\/b><\/h3>\n<p style=\"text-align: justify;\">Nous avons pr\u00e9sentement 528\u00a0membres qui proviennent de Saint-Bruno majoritairement et de plus de vingt\u00a0autres municipalit\u00e9s. Le club compte 65\u00a0b\u00e9n\u00e9voles.<\/p>\n<p style=\"text-align: justify;\">Pour l\u2019ann\u00e9e 2012-2013, nous avons offert 34\u00a0pr\u00e9sentations de s\u00e9rie <b><i>Facile<\/i><\/b> et 30\u00a0pr\u00e9sentations de s\u00e9rie <b><i>D\u00e9couverte.<\/i><\/b> Plusieurs pr\u00e9sentations \u00e9taient compl\u00e8tement nouvelles.<\/p>\n<h3 style=\"text-align: justify;\"><b><span style=\"text-decoration: underline;\">Les ateliers<br \/>\n<\/span><\/b><\/h3>\n<p style=\"text-align: justify;\">Les ateliers sont une bonne source de formation pour nos membres. Il y a eu 13\u00a0ateliers diff\u00e9rents cette ann\u00e9e, dont quelques nouveaux comme Windows\u00a08, Hotmail\/Outlook, D\u00e9claration de revenus, Facebook et Les transactions \u00e9lectroniques. Pour les ateliers, le d\u00e9fi est toujours le m\u00eame, trouver des animateurs. Nous avons assez bien relev\u00e9 ce d\u00e9fi. Mais nous savons que nous aurions pu faire encore mieux.<\/p>\n<h3 style=\"text-align: justify;\"><b><span style=\"text-decoration: underline;\">L\u2019assistance avant les pr\u00e9sentations et l\u2019assistance par courriel <\/span><\/b><\/h3>\n<p style=\"text-align: justify;\">En principe, deux\u00a0b\u00e9n\u00e9voles s\u2019installent avec leur ordinateur dans la cuisine du Chalet Marie-Victorin une demi-heure avant chaque s\u00e9ance de pr\u00e9sentations et r\u00e9pondent \u00e0 vos questions. Ils peuvent vous aider \u00e0 r\u00e9soudre vos probl\u00e8mes d\u2019ordinateur ou de logiciel. Ce service semble de plus en plus aim\u00e9 des membres. Vous avez aussi \u00e0 votre disposition l\u2019assistance par courriel qui, durant les 12\u00a0derniers mois, a r\u00e9pondu \u00e0 336\u00a0demandes d\u2019aide des membres.<\/p>\n<h3 style=\"text-align: justify;\"><b><span style=\"text-decoration: underline;\">Notre bulletin le <i>CHIP<br \/>\n<\/i><\/span><\/b><\/h3>\n<p style=\"text-align: justify;\">Le <b style=\"font-size: 16px;\"><i>CHIP\u00a0<\/i><\/b><span style=\"font-size: 16px;\">est pass\u00e9 de la forme papier \u00e0 la forme \u00e9lectronique dans un blogue l\u2019an pass\u00e9 et il est de plus en plus lu par les membres. Les articles du <b style=\"font-size: 16px;\"><i>CHIP<\/i><\/b><span style=\"font-size: 16px;\"> sont maintenant envoy\u00e9s par courriel \u00e0 tous les abonn\u00e9s. Le blogue est maintenant ouvert \u00e0 vos commentaires et il n\u2019est plus requis de vous identifier et d\u2019inclure votre adresse courriel. Vous pouvez m\u00eame r\u00e9agir \u00e0 des commentaires si vous le voulez. Une bonne fa\u00e7on de cr\u00e9er un dialogue entre les membres et la direction du club.<\/span><\/span><\/p>\n<h3 style=\"text-align: justify;\"><strong><span style=\"text-decoration: underline;\">Nos pr\u00e9cieux b\u00e9n\u00e9voles<\/span><\/strong><\/h3>\n<p style=\"text-align: justify;\">Je remercie tous les membres du conseil d\u2019administration pour leur g\u00e9n\u00e9reuse contribution. Je remercie aussi tous les b\u00e9n\u00e9voles. Je sais que je le dis souvent, mais il est important de reconna\u00eetre les b\u00e9n\u00e9voles et de leur dire combien ils sont importants et pr\u00e9cieux pour le bon fonctionnement du club et combien ils sont importants aussi pour vous les membres. Il ne faut jamais oublier que votre reconnaissance, c\u2019est un peu leur salaire.<\/p>\n<h3 style=\"text-align: justify;\"><strong><span style=\"text-decoration: underline;\">L\u2019avenir<\/span><\/strong><\/h3>\n<p style=\"text-align: justify;\">Le club continuera d\u2019avoir besoin de nouveaux b\u00e9n\u00e9voles. Si vous d\u00e9sirez contribuer \u00e0 quelque t\u00e2che que ce soit comme b\u00e9n\u00e9voles, vous serez toujours les bienvenus. Dans une organisation comme la n\u00f4tre, il y a toujours plus de travail que de bras ou de cerveaux pour tout faire. Plus il y aura de membres qui s\u2019engagent, plus nous pourrons enrichir nos activit\u00e9s au b\u00e9n\u00e9fice de tous. L\u2019avenir du club ne pourra \u00eatre assur\u00e9 autrement.<\/p>\n<p style=\"text-align: justify;\">Avez-vous d\u2019autres sujets de pr\u00e9sentation ou d\u2019atelier \u00e0 nous proposer? Faites-le en laissant des commentaires \u00e0 cet article.<\/p>\n<p style=\"text-align: justify;\">Il ne faut pas oublier qu\u2019au club, on s\u2019entraide, mais que le partage des connaissances se fait sans <b>aucune forme de garantie<\/b>, car ni le club, ni les b\u00e9n\u00e9voles ne peuvent garantir l\u2019exactitude de l\u2019information pr\u00e9sent\u00e9e et, ni le club, ni les b\u00e9n\u00e9voles ne peuvent aussi \u00eatre <b>responsables<\/b> des cons\u00e9quences de l\u2019utilisation de cette information par les membres ou par toute autre personne.<\/p>\n<p>R\u00e9jean C\u00f4t\u00e9, pr\u00e9sident<\/p>\n","protected":false},"excerpt":{"rendered":"<p>&nbsp; Cette ann\u00e9e, 74\u00a0membres ont assist\u00e9 \u00e0 l\u2019assembl\u00e9e g\u00e9n\u00e9rale annuelle du 17\u00a0avril. Vos administrateurs les remercient. Je f\u00e9licite les trois\u00a0administrateurs r\u00e9\u00e9lus, soit Sylvie\u00a0Mazur, Yvon\u00a0Gaudreau et Denis\u00a0Dulude, et les trois\u00a0nouveaux, soit Marie-Jos\u00e9e\u00a0B\u00e2cle, Charles E. Blier et Jacques\u00a0Lalibert\u00e9. Je remercie aussi, pour leur bon travail au conseil, Raymonde\u00a0Lemay et Francine\u00a0Fortier qui n\u2019ont pas sollicit\u00e9 un nouveau mandat.<\/p>\n","protected":false},"author":43,"featured_media":0,"comment_status":"open","ping_status":"closed","sticky":false,"template":"","format":"standard","meta":{"footnotes":""},"categories":[11],"tags":[231,232,126,246,371,370],"class_list":["post-6357","post","type-post","status-publish","format-standard","hentry","category-mots-du-president","tag-assistance-avant-les-seances","tag-assistance-par-courriel","tag-benevoles","tag-chip","tag-decouverte","tag-facile"],"_links":{"self":[{"href":"https:\/\/cimbcc.org\/test2\/wp-json\/wp\/v2\/posts\/6357","targetHints":{"allow":["GET"]}}],"collection":[{"href":"https:\/\/cimbcc.org\/test2\/wp-json\/wp\/v2\/posts"}],"about":[{"href":"https:\/\/cimbcc.org\/test2\/wp-json\/wp\/v2\/types\/post"}],"author":[{"embeddable":true,"href":"https:\/\/cimbcc.org\/test2\/wp-json\/wp\/v2\/users\/43"}],"replies":[{"embeddable":true,"href":"https:\/\/cimbcc.org\/test2\/wp-json\/wp\/v2\/comments?post=6357"}],"version-history":[{"count":66,"href":"https:\/\/cimbcc.org\/test2\/wp-json\/wp\/v2\/posts\/6357\/revisions"}],"predecessor-version":[{"id":25632,"href":"https:\/\/cimbcc.org\/test2\/wp-json\/wp\/v2\/posts\/6357\/revisions\/25632"}],"wp:attachment":[{"href":"https:\/\/cimbcc.org\/test2\/wp-json\/wp\/v2\/media?parent=6357"}],"wp:term":[{"taxonomy":"category","embeddable":true,"href":"https:\/\/cimbcc.org\/test2\/wp-json\/wp\/v2\/categories?post=6357"},{"taxonomy":"post_tag","embeddable":true,"href":"https:\/\/cimbcc.org\/test2\/wp-json\/wp\/v2\/tags?post=6357"}],"curies":[{"name":"wp","href":"https:\/\/api.w.org\/{rel}","templated":true}]}}