{"id":6445,"date":"2013-05-13T10:00:49","date_gmt":"2013-05-13T15:00:49","guid":{"rendered":"https:\/\/cimbcc.org\/test2\/?p=6445"},"modified":"2023-10-16T22:16:52","modified_gmt":"2023-10-17T02:16:52","slug":"les-tablettes-mai-2013","status":"publish","type":"post","link":"https:\/\/cimbcc.org\/test2\/les-tablettes-mai-2013\/","title":{"rendered":"Les tablettes &#8211; mai 2013"},"content":{"rendered":"<figure id=\"attachment_25229\" aria-describedby=\"caption-attachment-25229\" style=\"width: 125px\" class=\"wp-caption aligncenter\"><img loading=\"lazy\" decoding=\"async\" class=\"size-full wp-image-25229\" src=\"https:\/\/cimbcc.org\/test2\/wp-content\/uploads\/photo_jacquet_jean_philippe.jpg\" alt=\"\" width=\"125\" height=\"125\" \/><figcaption id=\"caption-attachment-25229\" class=\"wp-caption-text\"><span style=\"color: #ffffff;\">n<\/span>Jean-Philippe Jacquet<\/figcaption><\/figure>\n<p style=\"text-align: justify;\">O\u00f9 en sommes-nous?\u00a0 Il est surprenant de constater, \u00e0 l&rsquo;\u00e9chelle mondiale, l&rsquo;ampleur de la croissance des ventes de tablettes.<\/p>\n<p style=\"text-align: justify;\">L&rsquo;article du 2\u00a0mai dernier de Jean-Francois Ferland, du magazine <em>Direction informatique<\/em>, nous donne, \u00e0 ce sujet, une bonne id\u00e9e de l&rsquo;augmentation fulgurante des ventes de tablettes, avec chiffres \u00e0 l&rsquo;appui.<\/p>\n<p style=\"text-align: justify;\"><!--more--><\/p>\n<p>Pour consulter cet article, cliquez sur le lien\u00a0:<br \/>\n<a href=\"http:\/\/www.directioninformatique.com\/hausse-de-142-des-livraisons-de-tablettes-numeriques\/18835\">http:\/\/www.directioninformatique.com\/hausse-de-142-des-livraisons-de-tablettes-numeriques\/18835<\/a><\/p>\n<p>Bonne lecture!<\/p>\n<p>Jean-Philippe Jacquet<\/p>\n","protected":false},"excerpt":{"rendered":"<p>O\u00f9 en sommes-nous?\u00a0 Il est surprenant de constater, \u00e0 l&rsquo;\u00e9chelle mondiale, l&rsquo;ampleur de la croissance des ventes de tablettes. L&rsquo;article du 2\u00a0mai dernier de Jean-Francois Ferland, du magazine Direction informatique, nous donne, \u00e0 ce sujet, une bonne id\u00e9e de l&rsquo;augmentation fulgurante des ventes de tablettes, avec chiffres \u00e0 l&rsquo;appui.<\/p>\n","protected":false},"author":43,"featured_media":0,"comment_status":"open","ping_status":"closed","sticky":false,"template":"","format":"standard","meta":{"footnotes":""},"categories":[9],"tags":[105],"class_list":["post-6445","post","type-post","status-publish","format-standard","hentry","category-direction-informatique-toms-hardware","tag-tablette"],"_links":{"self":[{"href":"https:\/\/cimbcc.org\/test2\/wp-json\/wp\/v2\/posts\/6445","targetHints":{"allow":["GET"]}}],"collection":[{"href":"https:\/\/cimbcc.org\/test2\/wp-json\/wp\/v2\/posts"}],"about":[{"href":"https:\/\/cimbcc.org\/test2\/wp-json\/wp\/v2\/types\/post"}],"author":[{"embeddable":true,"href":"https:\/\/cimbcc.org\/test2\/wp-json\/wp\/v2\/users\/43"}],"replies":[{"embeddable":true,"href":"https:\/\/cimbcc.org\/test2\/wp-json\/wp\/v2\/comments?post=6445"}],"version-history":[{"count":15,"href":"https:\/\/cimbcc.org\/test2\/wp-json\/wp\/v2\/posts\/6445\/revisions"}],"predecessor-version":[{"id":25629,"href":"https:\/\/cimbcc.org\/test2\/wp-json\/wp\/v2\/posts\/6445\/revisions\/25629"}],"wp:attachment":[{"href":"https:\/\/cimbcc.org\/test2\/wp-json\/wp\/v2\/media?parent=6445"}],"wp:term":[{"taxonomy":"category","embeddable":true,"href":"https:\/\/cimbcc.org\/test2\/wp-json\/wp\/v2\/categories?post=6445"},{"taxonomy":"post_tag","embeddable":true,"href":"https:\/\/cimbcc.org\/test2\/wp-json\/wp\/v2\/tags?post=6445"}],"curies":[{"name":"wp","href":"https:\/\/api.w.org\/{rel}","templated":true}]}}