{"id":6484,"date":"2013-05-24T10:00:50","date_gmt":"2013-05-24T15:00:50","guid":{"rendered":"https:\/\/cimbcc.org\/test2\/?p=6484"},"modified":"2023-10-16T22:16:52","modified_gmt":"2023-10-17T02:16:52","slug":"echos-du-conseil-dadministration-mai-2013","status":"publish","type":"post","link":"https:\/\/cimbcc.org\/test2\/echos-du-conseil-dadministration-mai-2013\/","title":{"rendered":"\u00c9chos du conseil d\u2019administration &#8211; 7 mai 2013"},"content":{"rendered":"<figure id=\"attachment_6374\" aria-describedby=\"caption-attachment-6374\" style=\"width: 450px\" class=\"wp-caption aligncenter\"><img loading=\"lazy\" decoding=\"async\" class=\"size-full wp-image-6374\" src=\"https:\/\/cimbcc.org\/test2\/wp-content\/uploads\/Photo-CA-2013-2014.jpg\" alt=\"\" width=\"450\" height=\"140\" srcset=\"https:\/\/cimbcc.org\/test2\/wp-content\/uploads\/Photo-CA-2013-2014.jpg 450w, https:\/\/cimbcc.org\/test2\/wp-content\/uploads\/Photo-CA-2013-2014-300x93.jpg 300w\" sizes=\"auto, (max-width: 450px) 100vw, 450px\" \/><figcaption id=\"caption-attachment-6374\" class=\"wp-caption-text\">Le conseil d\u2019administration est compos\u00e9 de Walter Pearce, R\u00e9jean C\u00f4t\u00e9, Sylvie Mazur, R\u00e9jean Daigle, Denis Dulude, Jacques Lalibert\u00e9, Danielle Charest Bourque, Michel Gagn\u00e9, Charles E. Blier, Andr\u00e9 Charest et Marie-Jos\u00e9 B\u00e2cle. Absent lors de la prise de photo : Yvon Gaudreau (en vignette).<\/figcaption><\/figure>\n<p style=\"text-align: justify;\"><span style=\"text-align: justify;\">Le nouveau conseil d\u2019administration s\u2019est r\u00e9uni le 7\u00a0mai. Ce fut l\u2019occasion de prendre la photo du groupe heureux de revoir Denis\u00a0Dulude qui poursuit sa convalescence. Apr\u00e8s l\u2019\u00e9lection de R\u00e9jean\u00a0C\u00f4t\u00e9 comme pr\u00e9sident, de Michel\u00a0Gagn\u00e9 comme vice-pr\u00e9sident, de Walter\u00a0Pearce comme tr\u00e9sorier et de Sylvie\u00a0Mazur comme secr\u00e9taire, le conseil a arr\u00eat\u00e9 les dates de ses r\u00e9unions de 2013-2014 et celle de la prochaine assembl\u00e9e g\u00e9n\u00e9rale, le 16\u00a0avril\u00a02014.<\/span><\/p>\n<p style=\"text-align: justify;\"><!--more--><\/p>\n<p style=\"text-align: justify;\">Le projet de proc\u00e8s-verbal de l\u2019assembl\u00e9e g\u00e9n\u00e9rale du 17\u00a0avril dernier a \u00e9t\u00e9 jug\u00e9 conforme au d\u00e9roulement de celle-ci et il sera soumis \u00e0 la prochaine assembl\u00e9e g\u00e9n\u00e9rale. Ont suivi quelques r\u00e9flexions sur la derni\u00e8re assembl\u00e9e. Si du progr\u00e8s a \u00e9t\u00e9 constat\u00e9 par rapport aux assembl\u00e9es pr\u00e9c\u00e9dentes, le conseil cherchera les moyens d\u2019en am\u00e9liorer encore le d\u00e9roulement. Il a entre autres \u00e9t\u00e9 question de faire appel aux conseils de membres du club qui ont l\u2019exp\u00e9rience de tels \u00e9v\u00e9nements.<\/p>\n<p style=\"text-align: justify;\">Chaque activit\u00e9 du club est sous la responsabilit\u00e9 d\u2019un b\u00e9n\u00e9vole qui est parrain\u00e9 par un membre du conseil. Pour tenir compte des changements dans la composition du conseil, la liste des parrains a \u00e9t\u00e9 r\u00e9vis\u00e9e et les modifications n\u00e9cessaires ont \u00e9t\u00e9 apport\u00e9es \u00e0 cette r\u00e9partition des responsabilit\u00e9s. Parmi celles-ci, le parrain est invit\u00e9 \u00e0 accompagner le responsable d\u2019une activit\u00e9 lorsqu\u2019il r\u00e9unira son \u00e9quipe de b\u00e9n\u00e9voles afin de faire le bilan de l\u2019ann\u00e9e \u00e9coul\u00e9e et de commencer la planification de l\u2019ann\u00e9e prochaine. Chaque \u00e9quipe se r\u00e9unira ainsi d\u2019ici septembre prochain.<\/p>\n<p style=\"text-align: justify;\">Michel\u00a0Gagn\u00e9, qui est le parrain des s\u00e9ances de pr\u00e9sentations, a d\u00e9pos\u00e9 le projet de calendrier des s\u00e9ances de 2013-2014. Comme cela a \u00e9t\u00e9 annonc\u00e9 \u00e0 l\u2019assembl\u00e9e g\u00e9n\u00e9rale, aucune s\u00e9ance de pr\u00e9sentations ne sera offerte durant la rel\u00e2che scolaire, le Vendredi\u00a0saint (18\u00a0avril) et le vendredi qui suivra la <i>Soir\u00e9e des membres <\/i>(2\u00a0mai). Ce calendrier a \u00e9t\u00e9 approuv\u00e9 par le conseil ainsi que la date de la <i>Journ\u00e9e d\u2019information et d\u2019inscription<\/i> (4\u00a0septembre).<\/p>\n<p style=\"text-align: justify;\">L\u2019an dernier, le conseil s\u2019est dot\u00e9 de fiches sur le fonctionnement du club. Ces fiches d\u00e9crivent les orientations du club et les pratiques \u00e0 privil\u00e9gier dans ses diff\u00e9rents champs d\u2019activit\u00e9s. Il a \u00e9t\u00e9 d\u00e9cid\u00e9 de passer ces fiches en revue au cours des prochaines r\u00e9unions. Cette r\u00e9vision a principalement pour but de juger de la conformit\u00e9 de ce qui se fait au club avec ce qui devrait se faire. Le r\u00e9sultat de la r\u00e9vision de chaque fiche d\u00e9cidera de la conduite \u00e0 adopter\u00a0: modifier les pratiques, corriger la fiche ou conserver la fiche telle quelle.<\/p>\n<p style=\"text-align: justify;\">La Ville de Saint-Bruno a mis en ligne un site Internet renouvel\u00e9 o\u00f9 chaque organisme communautaire est d\u00e9crit dans une page qui lui est r\u00e9serv\u00e9e. Comme l\u2019information diffus\u00e9e sur le club est minimale, le conseil demande aux responsables des communications de proposer une description plus \u00e9toff\u00e9e des caract\u00e9ristiques et des activit\u00e9s du club. Cette description pourra \u00eatre inscrite dans le site de la Ville de Saint-Bruno, mais elle pourra aussi \u00eatre ins\u00e9r\u00e9e dans les sites comparables de Saint-Basile et de Sainte-Julie.<\/p>\n<p style=\"text-align: justify;\">Michel\u00a0Gagn\u00e9 a rencontr\u00e9 des dirigeants du Centre des g\u00e9n\u00e9rations de Boucherville. C\u2019est un organisme communautaire qui offre \u00e0 Boucherville des services informatiques semblables \u00e0 certains services propos\u00e9s par notre club. Des informations ont \u00e9t\u00e9 \u00e9chang\u00e9es au cours de cette rencontre et il a \u00e9t\u00e9 convenu d\u2019explorer des pistes de collaboration au cours de la prochaine ann\u00e9e, notamment l\u2019\u00e9change de pr\u00e9sentations. Le conseil a approuv\u00e9 l\u2019initiative de Michel\u00a0Gagn\u00e9 laquelle permettra de d\u00e9velopper \u00e9ventuellement une coop\u00e9ration plus \u00e9troite avec cet organisme de Boucherville.<\/p>\n<p style=\"text-align: justify;\">Enfin, R\u00e9jean\u00a0C\u00f4t\u00e9 et Walter\u00a0Pearce ont fait part d\u2019une rencontre avec des responsables de la Ville de Saint-Bruno. Cette rencontre avait pour but d\u2019\u00e9changer sur les besoins d\u2019espace du service de r\u00e9cup\u00e9ration du club, mais ce fut aussi l\u2019occasion de faire conna\u00eetre les autres activit\u00e9s du club. Les responsables de la Ville ont \u00e9t\u00e9 \u00e9tonn\u00e9s par la richesse des activit\u00e9s propos\u00e9es par le club.<\/p>\n<p>Sylvie\u00a0Mazur<br \/>\nSecr\u00e9taire du CIMBCC<\/p>\n","protected":false},"excerpt":{"rendered":"<p>Le nouveau conseil d\u2019administration s\u2019est r\u00e9uni le 7\u00a0mai. Ce fut l\u2019occasion de prendre la photo du groupe heureux de revoir Denis\u00a0Dulude qui poursuit sa convalescence. Apr\u00e8s l\u2019\u00e9lection de R\u00e9jean\u00a0C\u00f4t\u00e9 comme pr\u00e9sident, de Michel\u00a0Gagn\u00e9 comme vice-pr\u00e9sident, de Walter\u00a0Pearce comme tr\u00e9sorier et de Sylvie\u00a0Mazur comme secr\u00e9taire, le conseil a arr\u00eat\u00e9 les dates de ses r\u00e9unions de 2013-2014 &hellip; <a href=\"https:\/\/cimbcc.org\/test2\/echos-du-conseil-dadministration-mai-2013\/\" class=\"more-link\">Continuer la lecture de <span class=\"screen-reader-text\">\u00c9chos du conseil d\u2019administration &#8211; 7 mai 2013<\/span>  <span class=\"meta-nav\">&rarr;<\/span><\/a><\/p>\n","protected":false},"author":43,"featured_media":0,"comment_status":"open","ping_status":"closed","sticky":false,"template":"","format":"standard","meta":{"footnotes":""},"categories":[386],"tags":[569,975,955,271,110],"class_list":["post-6484","post","type-post","status-publish","format-standard","hentry","category-echos-du-conseil-dadministration","tag-assemblee-generale-annuelle","tag-fiches-sur-le-fonctionnement","tag-parrains","tag-presentations","tag-recuperation"],"_links":{"self":[{"href":"https:\/\/cimbcc.org\/test2\/wp-json\/wp\/v2\/posts\/6484","targetHints":{"allow":["GET"]}}],"collection":[{"href":"https:\/\/cimbcc.org\/test2\/wp-json\/wp\/v2\/posts"}],"about":[{"href":"https:\/\/cimbcc.org\/test2\/wp-json\/wp\/v2\/types\/post"}],"author":[{"embeddable":true,"href":"https:\/\/cimbcc.org\/test2\/wp-json\/wp\/v2\/users\/43"}],"replies":[{"embeddable":true,"href":"https:\/\/cimbcc.org\/test2\/wp-json\/wp\/v2\/comments?post=6484"}],"version-history":[{"count":47,"href":"https:\/\/cimbcc.org\/test2\/wp-json\/wp\/v2\/posts\/6484\/revisions"}],"predecessor-version":[{"id":26178,"href":"https:\/\/cimbcc.org\/test2\/wp-json\/wp\/v2\/posts\/6484\/revisions\/26178"}],"wp:attachment":[{"href":"https:\/\/cimbcc.org\/test2\/wp-json\/wp\/v2\/media?parent=6484"}],"wp:term":[{"taxonomy":"category","embeddable":true,"href":"https:\/\/cimbcc.org\/test2\/wp-json\/wp\/v2\/categories?post=6484"},{"taxonomy":"post_tag","embeddable":true,"href":"https:\/\/cimbcc.org\/test2\/wp-json\/wp\/v2\/tags?post=6484"}],"curies":[{"name":"wp","href":"https:\/\/api.w.org\/{rel}","templated":true}]}}