{"id":6581,"date":"2013-05-29T10:00:06","date_gmt":"2013-05-29T15:00:06","guid":{"rendered":"https:\/\/cimbcc.org\/test2\/?p=6581"},"modified":"2023-10-16T22:16:52","modified_gmt":"2023-10-17T02:16:52","slug":"les-vacances","status":"publish","type":"post","link":"https:\/\/cimbcc.org\/test2\/les-vacances\/","title":{"rendered":"Les vacances &#8211; mai 2013"},"content":{"rendered":"<figure id=\"attachment_23836\" aria-describedby=\"caption-attachment-23836\" style=\"width: 125px\" class=\"wp-caption aligncenter\"><img loading=\"lazy\" decoding=\"async\" class=\"size-full wp-image-23836\" src=\"https:\/\/cimbcc.org\/test2\/wp-content\/uploads\/photo_cote_rejean.jpg\" alt=\"\" width=\"125\" height=\"125\" \/><figcaption id=\"caption-attachment-23836\" class=\"wp-caption-text\"><span style=\"color: #ffffff;\">mmmm<\/span>R\u00e9jean C\u00f4t\u00e9<\/figcaption><\/figure>\n<p style=\"text-align: justify;\">Eh oui! C\u2019est d\u00e9j\u00e0 la fin du mois de mai! Tout le travail r\u00e9alis\u00e9 au cours des derniers mois et les projets amorc\u00e9s laissent place pour quelque temps aux activit\u00e9s ext\u00e9rieures comme le \u00a0<a href=\"https:\/\/cimbcc.org\/test2\/les-vacances\/image1_rc_2013-05-29\" rel=\"attachment wp-att-6611\"><img loading=\"lazy\" decoding=\"async\" class=\"alignnone size-full wp-image-6611\" src=\"https:\/\/cimbcc.org\/test2\/wp-content\/uploads\/Image1_RC_2013-05-29.gif\" alt=\"Image1_RC_2013-05-29\" width=\"62\" height=\"62\" \/><\/a>\u00a0et le <a href=\"https:\/\/cimbcc.org\/test2\/les-vacances\/image2_rc_2013-05-29\" rel=\"attachment wp-att-6601\"><img loading=\"lazy\" decoding=\"async\" class=\"alignnone wp-image-6601\" src=\"https:\/\/cimbcc.org\/test2\/wp-content\/uploads\/Image2_RC_2013-05-29.jpg\" alt=\"Image2_RC_2013-05-29\" width=\"51\" height=\"59\" \/><\/a>, aux sorties familiales et celles en <a href=\"https:\/\/cimbcc.org\/test2\/les-vacances\/image3_rc_2013-05-29\" rel=\"attachment wp-att-6602\"><img loading=\"lazy\" decoding=\"async\" class=\"alignnone size-full wp-image-6602\" src=\"https:\/\/cimbcc.org\/test2\/wp-content\/uploads\/Image3_RC_2013-05-29.gif\" alt=\"Image3_RC_2013-05-29\" width=\"58\" height=\"55\" \/><\/a>ainsi qu&rsquo;aux rencontres amicales, tout cela dans une atmosph\u00e8re festive et de d\u00e9tente.<\/p>\n<p style=\"text-align: justify;\"><!--more--><\/p>\n<p style=\"text-align: justify;\">Au Club informatique Mont-Bruno, c\u2019est aussi la rel\u00e2che, car les s\u00e9ances de pr\u00e9sentations et les ateliers reprendront en septembre prochain. Cependant, de nombreuses d\u00e9marches seront effectu\u00e9es entre-temps pour vous offrir en 2013-2014 des activit\u00e9s int\u00e9ressantes et stimulantes pour approfondir vos connaissances informatiques.<\/p>\n<p style=\"text-align: justify;\">Les membres du conseil d\u2019administration, les pr\u00e9sentateurs, les organisateurs, les animateurs et les b\u00e9n\u00e9voles se joignent \u00e0 moi pour vous souhaiter, chers membres du club et abonn\u00e9s, des activit\u00e9s relaxantes, des rencontres stimulantes et des moments inoubliables au cours des prochains mois et vous invitent \u00e0 profiter de la p\u00e9riode estivale et du <a href=\"https:\/\/cimbcc.org\/test2\/les-vacances\/image4_rc_2013-05-29\" rel=\"attachment wp-att-6603\"><img loading=\"lazy\" decoding=\"async\" class=\"alignnone size-full wp-image-6603\" src=\"https:\/\/cimbcc.org\/test2\/wp-content\/uploads\/Image4_RC_2013-05-29.gif\" alt=\"Image4_RC_2013-05-29\" width=\"47\" height=\"47\" \/><\/a>\u00a0pour refaire le plein d\u2019\u00e9nergie.<\/p>\n<p style=\"text-align: justify;\">Au plaisir de vous rencontrer de nouveau en septembre prochain!<\/p>\n<p style=\"text-align: justify;\">R\u00e9jean C\u00f4t\u00e9, pr\u00e9sident<\/p>\n","protected":false},"excerpt":{"rendered":"<p>Eh oui! C\u2019est d\u00e9j\u00e0 la fin du mois de mai! Tout le travail r\u00e9alis\u00e9 au cours des derniers mois et les projets amorc\u00e9s laissent place pour quelque temps aux activit\u00e9s ext\u00e9rieures comme le \u00a0\u00a0et le , aux sorties familiales et celles en ainsi qu&rsquo;aux rencontres amicales, tout cela dans une atmosph\u00e8re festive et de d\u00e9tente.<\/p>\n","protected":false},"author":43,"featured_media":0,"comment_status":"open","ping_status":"closed","sticky":false,"template":"","format":"standard","meta":{"footnotes":""},"categories":[402],"tags":[724],"class_list":["post-6581","post","type-post","status-publish","format-standard","hentry","category-activites-du-club","tag-vacances"],"_links":{"self":[{"href":"https:\/\/cimbcc.org\/test2\/wp-json\/wp\/v2\/posts\/6581","targetHints":{"allow":["GET"]}}],"collection":[{"href":"https:\/\/cimbcc.org\/test2\/wp-json\/wp\/v2\/posts"}],"about":[{"href":"https:\/\/cimbcc.org\/test2\/wp-json\/wp\/v2\/types\/post"}],"author":[{"embeddable":true,"href":"https:\/\/cimbcc.org\/test2\/wp-json\/wp\/v2\/users\/43"}],"replies":[{"embeddable":true,"href":"https:\/\/cimbcc.org\/test2\/wp-json\/wp\/v2\/comments?post=6581"}],"version-history":[{"count":41,"href":"https:\/\/cimbcc.org\/test2\/wp-json\/wp\/v2\/posts\/6581\/revisions"}],"predecessor-version":[{"id":26179,"href":"https:\/\/cimbcc.org\/test2\/wp-json\/wp\/v2\/posts\/6581\/revisions\/26179"}],"wp:attachment":[{"href":"https:\/\/cimbcc.org\/test2\/wp-json\/wp\/v2\/media?parent=6581"}],"wp:term":[{"taxonomy":"category","embeddable":true,"href":"https:\/\/cimbcc.org\/test2\/wp-json\/wp\/v2\/categories?post=6581"},{"taxonomy":"post_tag","embeddable":true,"href":"https:\/\/cimbcc.org\/test2\/wp-json\/wp\/v2\/tags?post=6581"}],"curies":[{"name":"wp","href":"https:\/\/api.w.org\/{rel}","templated":true}]}}