{"id":6846,"date":"2013-06-19T21:30:55","date_gmt":"2013-06-20T02:30:55","guid":{"rendered":"https:\/\/cimbcc.org\/test2\/?p=6846"},"modified":"2023-10-16T22:16:52","modified_gmt":"2023-10-17T02:16:52","slug":"echos-du-conseil-dadministration-juin-2013","status":"publish","type":"post","link":"https:\/\/cimbcc.org\/test2\/echos-du-conseil-dadministration-juin-2013\/","title":{"rendered":"\u00c9chos du conseil d&rsquo;administration &#8211; 4 juin 2013"},"content":{"rendered":"<p>&nbsp;<\/p>\n<figure id=\"attachment_6374\" aria-describedby=\"caption-attachment-6374\" style=\"width: 450px\" class=\"wp-caption aligncenter\"><img loading=\"lazy\" decoding=\"async\" class=\"size-full wp-image-6374\" src=\"https:\/\/cimbcc.org\/test2\/wp-content\/uploads\/Photo-CA-2013-2014.jpg\" alt=\"\" width=\"450\" height=\"140\" srcset=\"https:\/\/cimbcc.org\/test2\/wp-content\/uploads\/Photo-CA-2013-2014.jpg 450w, https:\/\/cimbcc.org\/test2\/wp-content\/uploads\/Photo-CA-2013-2014-300x93.jpg 300w\" sizes=\"auto, (max-width: 450px) 100vw, 450px\" \/><figcaption id=\"caption-attachment-6374\" class=\"wp-caption-text\">Le conseil d\u2019administration est compos\u00e9 de Walter Pearce, R\u00e9jean C\u00f4t\u00e9, Sylvie Mazur, R\u00e9jean Daigle, Denis Dulude, Jacques Lalibert\u00e9, Danielle Charest Bourque, Michel Gagn\u00e9, Charles E. Blier, Andr\u00e9 Charest et Marie-Jos\u00e9 B\u00e2cle. Absent lors de la prise de photo : Yvon Gaudreau (en vignette).<\/figcaption><\/figure>\n<p style=\"text-align: justify;\">Le 4\u00a0juin 2013, derni\u00e8re rencontre du conseil d\u2019administration avant la pause estivale.<\/p>\n<p style=\"text-align: justify;\">Pour donner suite \u00e0 la derni\u00e8re r\u00e9union, Charles\u00a0E.\u00a0Blier a fait part de ses d\u00e9marches exploratoires dans le but d\u2019am\u00e9liorer l\u2019information diffus\u00e9e sur le club dans les sites Internet de Saint-Bruno, de Saint-Basile et de Sainte-Julie. Et pourquoi pas \u00e0 Longueuil aussi puisque toutes les personnes de la r\u00e9gion peuvent devenir membres?<\/p>\n<p><!--more--><\/p>\n<p style=\"text-align: justify;\">Des suggestions lui ont \u00e9t\u00e9 faites pour faciliter l\u2019atteinte de ses objectifs. Tous sont d\u2019accord pour mettre en \u00e9vidence le caract\u00e8re r\u00e9gional du club et la qualit\u00e9 des services qu\u2019il fournit.<\/p>\n<p style=\"text-align: justify;\">D\u2019ailleurs, Danielle\u00a0Charest Bourque a fait remarquer que sur les 529\u00a0membres inscrits au 1<sup>er<\/sup>\u00a0juin, la majorit\u00e9 venait de Saint-Bruno\u00a0(290), de Saint-Basile\u00a0(62), de Sainte-Julie\u00a0(39) et de Longueuil\u00a0(24), mais que 114\u00a0personnes provenaient de la grande r\u00e9gion de la Mont\u00e9r\u00e9gie et de Montr\u00e9al.<\/p>\n<p style=\"text-align: justify;\">Le conseil a ensuite r\u00e9vis\u00e9 quelques fiches qui d\u00e9crivent le fonctionnement du club. Ainsi, il a r\u00e9vis\u00e9 et confirm\u00e9 les <i>R\u00e8glements g\u00e9n\u00e9raux.<\/i> Une l\u00e9g\u00e8re modification sera toutefois soumise \u00e0 une prochaine assembl\u00e9e des membres afin de faire en sorte que l\u2019assembl\u00e9e g\u00e9n\u00e9rale des membres puisse \u00eatre pr\u00e9sid\u00e9e par une personne propos\u00e9e par le conseil d\u2019administration, sans que ce soit obligatoirement le pr\u00e9sident du club.<\/p>\n<p style=\"text-align: justify;\">Ont aussi \u00e9t\u00e9 confirm\u00e9s le <i>Formulaire d\u2019entente sur les r\u00e8gles de conduite des membres du conseil d\u2019administration<\/i> et les fiches sur l\u2019<i>Initiation d\u2019un nouveau membre du conseil d\u2019administration<\/i>, sur les <i>R\u00e9unions du conseil d\u2019administration<\/i>, sur le <i>Parrainage des activit\u00e9s au sein du conseil d\u2019administration<\/i> et sur la <i>Neutralit\u00e9 commerciale du club<\/i>. Ces fiches refl\u00e8tent bien les pratiques qui ont cours au club et elles ont \u00e9t\u00e9 reconduites dans leur int\u00e9gralit\u00e9.<\/p>\n<p style=\"text-align: justify;\">Une nouvelle version de la brochure d\u2019information sur le club est en pr\u00e9paration gr\u00e2ce aux talents de Marie-Jos\u00e9 B\u00e2cle. Le conseil a pass\u00e9 en revue le projet de d\u00e9pliant destin\u00e9 aux nouveaux membres. Une affiche est aussi en pr\u00e9paration et servira \u00e0 annoncer la prochaine <i>Journ\u00e9e d\u2019information et d\u2019inscription<\/i> du 4\u00a0septembre. Le d\u00e9pliant et l\u2019affiche seront disponibles en septembre prochain et constitueront de tr\u00e8s beaux outils de promotion du club.<\/p>\n<p style=\"text-align: justify;\">Enfin, Andr\u00e9\u00a0Charest, responsable des ateliers, a fait le bilan des ateliers propos\u00e9s aux membres en 2012-2013. Les 13\u00a0ateliers ont donn\u00e9 lieu \u00e0 69\u00a0rencontres et ont r\u00e9uni en moyenne 12\u00a0personnes par rencontre. Cette moyenne des pr\u00e9sences est la plus \u00e9lev\u00e9e pour ces derni\u00e8res\u00a0ann\u00e9es. Les ateliers les plus populaires ont \u00e9t\u00e9 ceux sur Hotmail\/Outlook, sur Windows\u00a08, sur le montage de diaporama et sur Facebook. Ces ateliers ont r\u00e9uni en moyenne de 15 \u00e0 20\u00a0personnes par rencontre. Andr\u00e9\u00a0Charest a fait remarquer que dans presque tous les cas des personnes inscrites n\u2019ont pas assist\u00e9 \u00e0 toutes les rencontres ou n\u2019ont pas tir\u00e9 le maximum d\u2019un atelier en ne faisant pas les exercices sugg\u00e9r\u00e9s par l\u2019animateur. Ces comportements sont d\u00e9cevants mais, en g\u00e9n\u00e9ral, la participation des membres a \u00e9t\u00e9 tout \u00e0 fait satisfaisante. Pour l\u2019an\u00a0prochain, Andr\u00e9\u00a0Charest a not\u00e9 les demandes qui ont \u00e9t\u00e9 faites pour un atelier sur Internet Explorer pour d\u00e9butants et d\u2019autres sur les tablettes \u00e9lectroniques.<\/p>\n<p style=\"text-align: justify;\"><i>Bon \u00e9t\u00e9 \u00e0 tous et au plaisir de vous retrouver en septembre!<\/i><\/p>\n<p style=\"text-align: justify;\">Sylvie Mazur<br \/>\nSecr\u00e9taire du CIMBCC<\/p>\n","protected":false},"excerpt":{"rendered":"<p>&nbsp; Le 4\u00a0juin 2013, derni\u00e8re rencontre du conseil d\u2019administration avant la pause estivale. Pour donner suite \u00e0 la derni\u00e8re r\u00e9union, Charles\u00a0E.\u00a0Blier a fait part de ses d\u00e9marches exploratoires dans le but d\u2019am\u00e9liorer l\u2019information diffus\u00e9e sur le club dans les sites Internet de Saint-Bruno, de Saint-Basile et de Sainte-Julie. Et pourquoi pas \u00e0 Longueuil aussi puisque &hellip; <a href=\"https:\/\/cimbcc.org\/test2\/echos-du-conseil-dadministration-juin-2013\/\" class=\"more-link\">Continuer la lecture de <span class=\"screen-reader-text\">\u00c9chos du conseil d&rsquo;administration &#8211; 4 juin 2013<\/span>  <span class=\"meta-nav\">&rarr;<\/span><\/a><\/p>\n","protected":false},"author":43,"featured_media":0,"comment_status":"open","ping_status":"closed","sticky":false,"template":"","format":"standard","meta":{"footnotes":""},"categories":[386],"tags":[269,957,341,975,568],"class_list":["post-6846","post","type-post","status-publish","format-standard","hentry","category-echos-du-conseil-dadministration","tag-ateliers","tag-brochure","tag-communications","tag-fiches-sur-le-fonctionnement","tag-reglements-generaux"],"_links":{"self":[{"href":"https:\/\/cimbcc.org\/test2\/wp-json\/wp\/v2\/posts\/6846","targetHints":{"allow":["GET"]}}],"collection":[{"href":"https:\/\/cimbcc.org\/test2\/wp-json\/wp\/v2\/posts"}],"about":[{"href":"https:\/\/cimbcc.org\/test2\/wp-json\/wp\/v2\/types\/post"}],"author":[{"embeddable":true,"href":"https:\/\/cimbcc.org\/test2\/wp-json\/wp\/v2\/users\/43"}],"replies":[{"embeddable":true,"href":"https:\/\/cimbcc.org\/test2\/wp-json\/wp\/v2\/comments?post=6846"}],"version-history":[{"count":22,"href":"https:\/\/cimbcc.org\/test2\/wp-json\/wp\/v2\/posts\/6846\/revisions"}],"predecessor-version":[{"id":25621,"href":"https:\/\/cimbcc.org\/test2\/wp-json\/wp\/v2\/posts\/6846\/revisions\/25621"}],"wp:attachment":[{"href":"https:\/\/cimbcc.org\/test2\/wp-json\/wp\/v2\/media?parent=6846"}],"wp:term":[{"taxonomy":"category","embeddable":true,"href":"https:\/\/cimbcc.org\/test2\/wp-json\/wp\/v2\/categories?post=6846"},{"taxonomy":"post_tag","embeddable":true,"href":"https:\/\/cimbcc.org\/test2\/wp-json\/wp\/v2\/tags?post=6846"}],"curies":[{"name":"wp","href":"https:\/\/api.w.org\/{rel}","templated":true}]}}