{"id":7032,"date":"2013-08-12T10:00:47","date_gmt":"2013-08-12T15:00:47","guid":{"rendered":"https:\/\/cimbcc.org\/test2\/?p=7032"},"modified":"2023-10-16T22:16:52","modified_gmt":"2023-10-17T02:16:52","slug":"le-mot-du-president-aout-2013","status":"publish","type":"post","link":"https:\/\/cimbcc.org\/test2\/le-mot-du-president-aout-2013\/","title":{"rendered":"Le mot du pr\u00e9sident &#8211; ao\u00fbt 2013"},"content":{"rendered":"<figure id=\"attachment_23836\" aria-describedby=\"caption-attachment-23836\" style=\"width: 125px\" class=\"wp-caption aligncenter\"><img loading=\"lazy\" decoding=\"async\" class=\"size-full wp-image-23836\" src=\"https:\/\/cimbcc.org\/test2\/wp-content\/uploads\/photo_cote_rejean.jpg\" alt=\"\" width=\"125\" height=\"125\" \/><figcaption id=\"caption-attachment-23836\" class=\"wp-caption-text\"><span style=\"color: #ffffff;\">mmmm<\/span>R\u00e9jean C\u00f4t\u00e9<\/figcaption><\/figure>\n<h5 style=\"text-align: left;\" align=\"center\">Journ\u00e9e d\u2019information et d\u2019inscription du 4\u00a0septembre<\/h5>\n<p style=\"text-align: justify;\">Quand j\u2019\u00e9tais enfant, je commen\u00e7ais \u00e0 avoir h\u00e2te \u00e0 la rentr\u00e9e scolaire d\u00e8s le milieu d\u2019ao\u00fbt. Plusieurs\u00a0ann\u00e9es plus tard, ma conjointe, enseignante au primaire, se pr\u00e9parait avec ardeur \u00e0 la rentr\u00e9e scolaire. Elle avait h\u00e2te de rencontrer ses nouveaux \u00e9l\u00e8ves.<\/p>\n<p style=\"text-align: justify;\">Au CIMBCC, c\u2019est un peu la m\u00eame chose. Nous nous pr\u00e9parons d\u00e9j\u00e0 f\u00e9brilement \u00e0 la rentr\u00e9e.<\/p>\n<p><!--more--><\/p>\n<p style=\"text-align: justify;\">Pour nous, la rentr\u00e9e, c\u2019est la Journ\u00e9e d\u2019information et d\u2019inscription que nous tiendrons le 4\u00a0septembre au Centre communautaire de Saint-Bruno. On appelait cette journ\u00e9e, les ann\u00e9es pass\u00e9es, notre Journ\u00e9e portes ouvertes. Beaucoup de b\u00e9n\u00e9voles s\u2019affairent \u00e0 pr\u00e9parer cette journ\u00e9e. Ils seront l\u00e0 en grand nombre pour accueillir ceux qui viendront renouveler leur adh\u00e9sion ou s\u2019inscrire sur place\u00a0comme nouveaux membres. D&rsquo;autres b\u00e9n\u00e9voles s\u2019affairent depuis un bout de temps \u00e0 la pr\u00e9paration de nos activit\u00e9s de 2013-2014.<\/p>\n<p style=\"text-align: justify;\">En cette journ\u00e9e d\u2019information et d\u2019inscription, nous vous pr\u00e9senterons notre programme de la nouvelle ann\u00e9e. Ceux et celles qui souhaitent participer \u00e0 des ateliers doivent profiter de cette journ\u00e9e pour s\u2019inscrire aux ateliers de leur choix et il est \u00e0 noter que l\u2019inscription ne peut \u00eatre faite par la poste.<\/p>\n<p style=\"text-align: justify;\">Vous recevrez un premier message dominical bient\u00f4t pour vous inviter \u00e0 renouveler votre adh\u00e9sion par la poste ou \u00e0 venir le faire en personne le 4\u00a0septembre et \u00e0 en profiter pour nous rencontrer. Je vous encourage \u00e0 inviter un ou une ou des amis \u00e0 venir avec vous.<\/p>\n<p style=\"text-align: justify;\">Au plaisir de vous revoir bient\u00f4t!<\/p>\n<p style=\"text-align: justify;\">Votre pr\u00e9sident qui, encore une fois, a h\u00e2te \u00e0 la rentr\u00e9e et h\u00e2te de vous rencontrer.<\/p>\n<p>\u00a0R\u00e9jean C\u00f4t\u00e9<\/p>\n","protected":false},"excerpt":{"rendered":"<p>Journ\u00e9e d\u2019information et d\u2019inscription du 4\u00a0septembre Quand j\u2019\u00e9tais enfant, je commen\u00e7ais \u00e0 avoir h\u00e2te \u00e0 la rentr\u00e9e scolaire d\u00e8s le milieu d\u2019ao\u00fbt. Plusieurs\u00a0ann\u00e9es plus tard, ma conjointe, enseignante au primaire, se pr\u00e9parait avec ardeur \u00e0 la rentr\u00e9e scolaire. Elle avait h\u00e2te de rencontrer ses nouveaux \u00e9l\u00e8ves. Au CIMBCC, c\u2019est un peu la m\u00eame chose. Nous &hellip; <a href=\"https:\/\/cimbcc.org\/test2\/le-mot-du-president-aout-2013\/\" class=\"more-link\">Continuer la lecture de <span class=\"screen-reader-text\">Le mot du pr\u00e9sident &#8211; ao\u00fbt 2013<\/span>  <span class=\"meta-nav\">&rarr;<\/span><\/a><\/p>\n","protected":false},"author":43,"featured_media":0,"comment_status":"open","ping_status":"closed","sticky":false,"template":"","format":"standard","meta":{"footnotes":""},"categories":[11],"tags":[143],"class_list":["post-7032","post","type-post","status-publish","format-standard","hentry","category-mots-du-president","tag-journee-dinformation-et-dinscription"],"_links":{"self":[{"href":"https:\/\/cimbcc.org\/test2\/wp-json\/wp\/v2\/posts\/7032","targetHints":{"allow":["GET"]}}],"collection":[{"href":"https:\/\/cimbcc.org\/test2\/wp-json\/wp\/v2\/posts"}],"about":[{"href":"https:\/\/cimbcc.org\/test2\/wp-json\/wp\/v2\/types\/post"}],"author":[{"embeddable":true,"href":"https:\/\/cimbcc.org\/test2\/wp-json\/wp\/v2\/users\/43"}],"replies":[{"embeddable":true,"href":"https:\/\/cimbcc.org\/test2\/wp-json\/wp\/v2\/comments?post=7032"}],"version-history":[{"count":10,"href":"https:\/\/cimbcc.org\/test2\/wp-json\/wp\/v2\/posts\/7032\/revisions"}],"predecessor-version":[{"id":25619,"href":"https:\/\/cimbcc.org\/test2\/wp-json\/wp\/v2\/posts\/7032\/revisions\/25619"}],"wp:attachment":[{"href":"https:\/\/cimbcc.org\/test2\/wp-json\/wp\/v2\/media?parent=7032"}],"wp:term":[{"taxonomy":"category","embeddable":true,"href":"https:\/\/cimbcc.org\/test2\/wp-json\/wp\/v2\/categories?post=7032"},{"taxonomy":"post_tag","embeddable":true,"href":"https:\/\/cimbcc.org\/test2\/wp-json\/wp\/v2\/tags?post=7032"}],"curies":[{"name":"wp","href":"https:\/\/api.w.org\/{rel}","templated":true}]}}