{"id":7085,"date":"2013-08-21T10:00:44","date_gmt":"2013-08-21T15:00:44","guid":{"rendered":"https:\/\/cimbcc.org\/test2\/?p=7085"},"modified":"2023-10-16T22:16:52","modified_gmt":"2023-10-17T02:16:52","slug":"le-calendrier-des-seances-2013-2014-est-en-ligne-aout-2013","status":"publish","type":"post","link":"https:\/\/cimbcc.org\/test2\/le-calendrier-des-seances-2013-2014-est-en-ligne-aout-2013\/","title":{"rendered":"Le calendrier des s\u00e9ances 2013-2014 en ligne!"},"content":{"rendered":"<figure id=\"attachment_24078\" aria-describedby=\"caption-attachment-24078\" style=\"width: 125px\" class=\"wp-caption aligncenter\"><img loading=\"lazy\" decoding=\"async\" class=\"size-full wp-image-24078\" src=\"https:\/\/cimbcc.org\/test2\/wp-content\/uploads\/photo_belanger_guy.jpg\" alt=\"\" width=\"125\" height=\"125\" \/><figcaption id=\"caption-attachment-24078\" class=\"wp-caption-text\"><span style=\"color: #ffffff;\">mmm<\/span>Guy B\u00e9langer<\/figcaption><\/figure>\n<p style=\"text-align: justify;\">Nous vous invitons \u00e0 consulter le calendrier des s\u00e9ances de septembre\u00a02013 \u00e0 avril 2014 en ligne sur le site du Club informatique Mont-Bruno.<\/p>\n<p><!--more--><\/p>\n<p style=\"text-align: justify;\">Cette ann\u00e9e encore, nous vous pr\u00e9senterons des sujets tr\u00e8s int\u00e9ressants\u00a0: Facebook, Twitter, Windows\u00a08, le m\u00e9nage de l\u2019ordinateur, la messagerie Outlook et Windows Live Mail, le raccordement d\u2019un t\u00e9l\u00e9viseur \u00e0 un ordinateur, comment distinguer le vrai du faux dans les informations m\u00e9dicales sur Internet, les sauvegardes avec Dropbox, les cours sur Internet, la pr\u00e9sentation de divers sites traitant d\u2019astronomie, le syst\u00e8me d\u2019exploitation Linux, les secrets d\u2019Internet Explorer, l\u2019encyclop\u00e9die Wikip\u00e9dia, les liseuses \u00e9lectroniques, les tablettes, les virus, l\u2019hame\u00e7onnage, Picasa et bien d\u2019autres sujets.<\/p>\n<p style=\"text-align: justify;\"><b>Le mercredi 11\u00a0septembre ainsi que le vendredi 13\u00a0septembre prochain, le calendrier de 2013-2014 sera pr\u00e9sent\u00e9 en d\u00e9tail lors de ces premi\u00e8res s\u00e9ances de la saison.<\/b><\/p>\n<p style=\"text-align: justify;\"><b><\/b>Nous vous invitons en particulier \u00e0 inscrire \u00e0 votre agenda les s\u00e9ances du 20\u00a0septembre et du 9\u00a0octobre. R\u00e9jean C\u00f4t\u00e9 nous y montrera comment g\u00e9rer nos photos avec un ordinateur. Voici quelques-uns des sujets qu\u2019il abordera\u00a0:<\/p>\n<ul style=\"text-align: justify;\">\n<li>le transfert des photos d\u2019un appareil photo num\u00e9rique vers un ordinateur;<\/li>\n<li>la manipulation des dossiers et des fichiers de photos;<\/li>\n<li>le t\u00e9l\u00e9chargement du logiciel gratuit <i>Windows Live Photo Gallery<\/i>;<\/li>\n<li>la sauvegarde des photos (sur un disque dur externe, une cl\u00e9 USB, un CD ou un DVD);<\/li>\n<li>les diff\u00e9rentes fa\u00e7ons d\u2019envoyer des photos par messagerie \u00e9lectronique;<\/li>\n<li>le transfert de photos d\u2019un ordinateur \u00e0 un autre avec une cl\u00e9 USB;<\/li>\n<li>l\u2019utilisation d\u2019une photo comme image d\u2019arri\u00e8re-plan;<\/li>\n<li>l\u2019utilisation de l&rsquo;\u00e9cran de veille de photos pour afficher vos images sous forme de diaporama;<\/li>\n<li>l\u2019impression de photos et de livres photo \u00e0 un centre ou kiosque photo (pharmacie, supermarch\u00e9 ou magasin).<\/li>\n<\/ul>\n<p style=\"text-align: justify;\">Comme la gestion des photos int\u00e9resse tout le monde, invitez un ami qui n\u2019est pas membre du club \u00e0 assister \u00e0 la s\u00e9ance avec vous. Nous vous rappelons que des visiteurs peuvent assister \u00e0 une ou deux\u00a0s\u00e9ances au club sans \u00eatre membres. \u00c0 la suite de la pr\u00e9sentation, votre ami d\u00e9cidera peut-\u00eatre de devenir membre du club!<\/p>\n<p style=\"text-align: justify;\">En invitant un ami, vous ferez d\u2019une pierre deux\u00a0coups\u00a0: vous ferez d\u00e9couvrir le club \u00e0 votre ami et vous aiderez le club \u00e0 augmenter le nombre de ses membres, ce qui lui permettra de maintenir ses frais annuels les plus bas possibles.<\/p>\n<p style=\"text-align: justify;\">Nous esp\u00e9rons vous voir nombreux aux s\u00e9ances du 20\u00a0septembre et du 9\u00a0octobre ainsi qu\u2019aux autres s\u00e9ances du club.<\/p>\n<p style=\"text-align: justify;\">Guy B\u00e9langer et Michel Gagn\u00e9<\/p>\n","protected":false},"excerpt":{"rendered":"<p>Nous vous invitons \u00e0 consulter le calendrier des s\u00e9ances de septembre\u00a02013 \u00e0 avril 2014 en ligne sur le site du Club informatique Mont-Bruno.<\/p>\n","protected":false},"author":43,"featured_media":0,"comment_status":"open","ping_status":"closed","sticky":false,"template":"","format":"standard","meta":{"footnotes":""},"categories":[402],"tags":[271],"class_list":["post-7085","post","type-post","status-publish","format-standard","hentry","category-activites-du-club","tag-presentations"],"_links":{"self":[{"href":"https:\/\/cimbcc.org\/test2\/wp-json\/wp\/v2\/posts\/7085","targetHints":{"allow":["GET"]}}],"collection":[{"href":"https:\/\/cimbcc.org\/test2\/wp-json\/wp\/v2\/posts"}],"about":[{"href":"https:\/\/cimbcc.org\/test2\/wp-json\/wp\/v2\/types\/post"}],"author":[{"embeddable":true,"href":"https:\/\/cimbcc.org\/test2\/wp-json\/wp\/v2\/users\/43"}],"replies":[{"embeddable":true,"href":"https:\/\/cimbcc.org\/test2\/wp-json\/wp\/v2\/comments?post=7085"}],"version-history":[{"count":31,"href":"https:\/\/cimbcc.org\/test2\/wp-json\/wp\/v2\/posts\/7085\/revisions"}],"predecessor-version":[{"id":38512,"href":"https:\/\/cimbcc.org\/test2\/wp-json\/wp\/v2\/posts\/7085\/revisions\/38512"}],"wp:attachment":[{"href":"https:\/\/cimbcc.org\/test2\/wp-json\/wp\/v2\/media?parent=7085"}],"wp:term":[{"taxonomy":"category","embeddable":true,"href":"https:\/\/cimbcc.org\/test2\/wp-json\/wp\/v2\/categories?post=7085"},{"taxonomy":"post_tag","embeddable":true,"href":"https:\/\/cimbcc.org\/test2\/wp-json\/wp\/v2\/tags?post=7085"}],"curies":[{"name":"wp","href":"https:\/\/api.w.org\/{rel}","templated":true}]}}