{"id":7122,"date":"2013-08-28T10:00:56","date_gmt":"2013-08-28T15:00:56","guid":{"rendered":"https:\/\/cimbcc.org\/test2\/?p=7122"},"modified":"2023-10-16T22:16:52","modified_gmt":"2023-10-17T02:16:52","slug":"echos-du-conseil-dadministration-aout-2013","status":"publish","type":"post","link":"https:\/\/cimbcc.org\/test2\/echos-du-conseil-dadministration-aout-2013\/","title":{"rendered":"\u00c9chos du conseil d&rsquo;administration &#8211; 6 ao\u00fbt 2013"},"content":{"rendered":"<figure id=\"attachment_6374\" aria-describedby=\"caption-attachment-6374\" style=\"width: 450px\" class=\"wp-caption aligncenter\"><img loading=\"lazy\" decoding=\"async\" class=\"size-full wp-image-6374\" src=\"https:\/\/cimbcc.org\/test2\/wp-content\/uploads\/Photo-CA-2013-2014.jpg\" alt=\"\" width=\"450\" height=\"140\" srcset=\"https:\/\/cimbcc.org\/test2\/wp-content\/uploads\/Photo-CA-2013-2014.jpg 450w, https:\/\/cimbcc.org\/test2\/wp-content\/uploads\/Photo-CA-2013-2014-300x93.jpg 300w\" sizes=\"auto, (max-width: 450px) 100vw, 450px\" \/><figcaption id=\"caption-attachment-6374\" class=\"wp-caption-text\">Le conseil d\u2019administration est compos\u00e9 de Walter Pearce, R\u00e9jean C\u00f4t\u00e9, Sylvie Mazur, R\u00e9jean Daigle, Denis Dulude, Jacques Lalibert\u00e9, Danielle Charest Bourque, Michel Gagn\u00e9, Charles E. Blier, Andr\u00e9 Charest et Marie-Jos\u00e9 B\u00e2cle. Absent lors de la prise de photo : Yvon Gaudreau (en vignette).<\/figcaption><\/figure>\n<p style=\"text-align: justify;\">Le conseil d\u2019administration a tenu sa premi\u00e8re r\u00e9union de la saison\u00a02013-2014 le 6\u00a0ao\u00fbt dernier. Cette rencontre a servi \u00e0 passer en revue quelques points abord\u00e9s pr\u00e9c\u00e9demment et \u00e0 pr\u00e9parer le d\u00e9but de la saison.<\/p>\n<p style=\"text-align: justify;\"><!--more--><\/p>\n<p style=\"text-align: justify;\">Entre autres, le conseil a constat\u00e9 que la Ville de Saint-Bruno n\u2019avait toujours pas donn\u00e9 suite \u00e0 sa demande d\u2019espace pour le service de r\u00e9cup\u00e9ration. Une r\u00e9ponse a \u00e9t\u00e9 promise au retour des vacances du personnel de la Ville. Par ailleurs, Charles E.\u00a0Blier a r\u00e9ussi \u00e0 faire mettre \u00e0 jour l\u2019information sur le club sur les sites Internet de la Ville de Saint-Bruno et du <i>Centre de soutien entr\u2019Aidants<\/i> (<a href=\"http:\/\/www.aines-credelongueuil.org\/fr\/caal\/repertoire\/\">http:\/\/www.aines-credelongueuil.org\/fr\/caal\/repertoire\/<\/a>). Il lui reste \u00e0 communiquer avec les responsables de Sainte-Julie et de Saint-Basile, d\u2019o\u00f9 proviennent de nombreux membres, afin d\u2019inclure de l\u2019information sur leur site Internet respectif.<\/p>\n<p style=\"text-align: justify;\">Le 1<sup>er<\/sup> ao\u00fbt, le bilan des membres inscrits au club \u00e9tait de 532\u00a0membres. Ce bilan est comparable \u00e0 celui de l\u2019an dernier \u00e0 la m\u00eame date. Pour atteindre un r\u00e9sultat \u00e9quivalent ou sup\u00e9rieur en 2013-2014, il faudra redoubler d\u2019effort pour faire conna\u00eetre notre club et informer la population des activit\u00e9s int\u00e9ressantes qu\u2019il offre. Des propositions d\u2019action ont spontan\u00e9ment \u00e9t\u00e9 lanc\u00e9es et il a \u00e9t\u00e9 question de mettre sur pied un comit\u00e9 pour \u00e9laborer des strat\u00e9gies plus structur\u00e9es afin de recruter de nouveaux membres.<\/p>\n<p style=\"text-align: justify;\">Dans l\u2019imm\u00e9diat, c\u2019est la pr\u00e9paration de la <i>Journ\u00e9e d\u2019information et d\u2019inscription<\/i> qui a retenu l\u2019attention des membres du conseil. La responsable de son organisation, Danielle Bourque a fait le point sur les dispositions qui ont d\u00e9j\u00e0 \u00e9t\u00e9 prises ou qui sont pr\u00e9vues \u00e0 court terme\u00a0: la r\u00e9servation des salles, le recrutement et la pr\u00e9paration des b\u00e9n\u00e9voles qui seront mis \u00e0 contribution pour accueillir les participants et inscrire les membres, les messages qui seront publi\u00e9s sur le site du club ou envoy\u00e9s aux membres. De plus, une affiche destin\u00e9e \u00e0 annoncer cette journ\u00e9e a \u00e9t\u00e9 pr\u00e9par\u00e9e par Marie-Jos\u00e9\u00a0B\u00e2cle. Cette affiche sera placard\u00e9e \u00e0 des endroits strat\u00e9giques pour inviter la population \u00e0 profiter de cette rencontre du 4\u00a0septembre pour s\u2019informer sur le club et s\u2019y inscrire. Enfin, les nouveaux membres pourront recevoir un exemplaire du feuillet qui pr\u00e9sente le club, ses activit\u00e9s et ses services. Ce feuillet est aussi l\u2019\u0153uvre de Marie-Jos\u00e9\u00a0B\u00e2cle que le conseil a remerci\u00e9e de sa remarquable contribution.<\/p>\n<p style=\"text-align: justify;\">Le recrutement de b\u00e9n\u00e9voles a aussi \u00e9t\u00e9 abord\u00e9. Certains b\u00e9n\u00e9voles ne renouvelant pas leur engagement pour diverses raisons, il est indispensable de leur trouver des rempla\u00e7ants. La contribution des b\u00e9n\u00e9voles est en effet essentielle au fonctionnement du club. Les activit\u00e9s du club o\u00f9 un besoin plus pressant de b\u00e9n\u00e9voles a \u00e9t\u00e9 mentionn\u00e9 sont celles de l\u2019accueil pour les s\u00e9ances de pr\u00e9sentations, la participation \u00e0 la coordination des ateliers, l\u2019assistance par courriel, l\u2019assistance avant les s\u00e9ances de pr\u00e9sentations et les communications. Les diff\u00e9rents responsables ont \u00e9t\u00e9 invit\u00e9s \u00e0 faire conna\u00eetre leurs besoins au d\u00e9but des s\u00e9ances de pr\u00e9sentations de septembre et d\u2019octobre. Les membres seront ainsi sollicit\u00e9s pour participer \u00e0 des t\u00e2ches pr\u00e9cises, selon leurs comp\u00e9tences et leur disponibilit\u00e9.<\/p>\n<p style=\"text-align: justify;\">Sylvie Mazur<br \/>\nSecr\u00e9taire du CIMBCC<\/p>\n","protected":false},"excerpt":{"rendered":"<p>Le conseil d\u2019administration a tenu sa premi\u00e8re r\u00e9union de la saison\u00a02013-2014 le 6\u00a0ao\u00fbt dernier. Cette rencontre a servi \u00e0 passer en revue quelques points abord\u00e9s pr\u00e9c\u00e9demment et \u00e0 pr\u00e9parer le d\u00e9but de la saison.<\/p>\n","protected":false},"author":43,"featured_media":0,"comment_status":"open","ping_status":"closed","sticky":false,"template":"","format":"standard","meta":{"footnotes":""},"categories":[386],"tags":[947,126,341,143,110],"class_list":["post-7122","post","type-post","status-publish","format-standard","hentry","category-echos-du-conseil-dadministration","tag-affiche","tag-benevoles","tag-communications","tag-journee-dinformation-et-dinscription","tag-recuperation"],"_links":{"self":[{"href":"https:\/\/cimbcc.org\/test2\/wp-json\/wp\/v2\/posts\/7122","targetHints":{"allow":["GET"]}}],"collection":[{"href":"https:\/\/cimbcc.org\/test2\/wp-json\/wp\/v2\/posts"}],"about":[{"href":"https:\/\/cimbcc.org\/test2\/wp-json\/wp\/v2\/types\/post"}],"author":[{"embeddable":true,"href":"https:\/\/cimbcc.org\/test2\/wp-json\/wp\/v2\/users\/43"}],"replies":[{"embeddable":true,"href":"https:\/\/cimbcc.org\/test2\/wp-json\/wp\/v2\/comments?post=7122"}],"version-history":[{"count":13,"href":"https:\/\/cimbcc.org\/test2\/wp-json\/wp\/v2\/posts\/7122\/revisions"}],"predecessor-version":[{"id":25608,"href":"https:\/\/cimbcc.org\/test2\/wp-json\/wp\/v2\/posts\/7122\/revisions\/25608"}],"wp:attachment":[{"href":"https:\/\/cimbcc.org\/test2\/wp-json\/wp\/v2\/media?parent=7122"}],"wp:term":[{"taxonomy":"category","embeddable":true,"href":"https:\/\/cimbcc.org\/test2\/wp-json\/wp\/v2\/categories?post=7122"},{"taxonomy":"post_tag","embeddable":true,"href":"https:\/\/cimbcc.org\/test2\/wp-json\/wp\/v2\/tags?post=7122"}],"curies":[{"name":"wp","href":"https:\/\/api.w.org\/{rel}","templated":true}]}}