{"id":7126,"date":"2013-08-26T10:00:38","date_gmt":"2013-08-26T15:00:38","guid":{"rendered":"https:\/\/cimbcc.org\/test2\/?p=7126"},"modified":"2023-10-16T22:16:52","modified_gmt":"2023-10-17T02:16:52","slug":"sites-coup-de-coeur-aout-2013","status":"publish","type":"post","link":"https:\/\/cimbcc.org\/test2\/sites-coup-de-coeur-aout-2013\/","title":{"rendered":"ICI Radio-Canada &#8211; \u00c0 rebours"},"content":{"rendered":"<figure id=\"attachment_23836\" aria-describedby=\"caption-attachment-23836\" style=\"width: 125px\" class=\"wp-caption aligncenter\"><img loading=\"lazy\" decoding=\"async\" class=\"size-full wp-image-23836\" src=\"https:\/\/cimbcc.org\/test2\/wp-content\/uploads\/photo_cote_rejean.jpg\" alt=\"\" width=\"125\" height=\"125\" \/><figcaption id=\"caption-attachment-23836\" class=\"wp-caption-text\"><span style=\"color: #ffffff;\">mmmm<\/span>R\u00e9jean C\u00f4t\u00e9<\/figcaption><\/figure>\n<h4 style=\"text-align: justify;\" align=\"center\">Les chroniques historiques de l\u2019\u00e9mission <i>\u00c0 rebours<\/i><\/h4>\n<p style=\"text-align: justify;\">La <i>Premi\u00e8re cha\u00eene<\/i> de Radio-Canada pr\u00e9sente quotidiennement de petites chroniques historiques. Pour notre plus grand bonheur, ces chroniques sont disponibles <a href=\"http:\/\/www.radio-canada.ca\/emissions\/a_rebours\/2012-2013\/speciale.asp\" target=\"_blank\" rel=\"noopener\">en cliquant ici<\/a>.<\/p>\n<p><!--more--><\/p>\n<p style=\"text-align: justify;\">Sur cette page, chaque chronique contient un r\u00e9sum\u00e9 du fait historique pr\u00e9sent\u00e9, un lien vers un enregistrement audio donnant des informations suppl\u00e9mentaires sur le sujet et des liens permettant d\u2019obtenir plus d\u2019information si le sujet vous int\u00e9resse.<\/p>\n<p style=\"text-align: justify;\">Voici deux\u00a0exemples de chronique suivis de quelques suggestions de sujets.<\/p>\n<h4 style=\"text-align: left;\">L\u2019arriv\u00e9e des Filles du Roy<\/h4>\n<figure id=\"attachment_7131\" aria-describedby=\"caption-attachment-7131\" style=\"width: 304px\" class=\"wp-caption alignleft\"><a href=\"https:\/\/cimbcc.org\/test2\/wp-content\/uploads\/Image1_RC_2013-08-26-e1376856448105.png\"><img loading=\"lazy\" decoding=\"async\" class=\"size-full wp-image-7131\" src=\"https:\/\/cimbcc.org\/test2\/wp-content\/uploads\/Image1_RC_2013-08-26-e1376856448105.png\" alt=\"Tableau repr\u00e9sentant l\u2019arriv\u00e9e des filles du Roy \u00e0 Qu\u00e9bec. Les filles sont re\u00e7ues par l\u2019intendant Jean Talon et Mgr de Laval (Source Wikip\u00e9dia).\" width=\"304\" height=\"198\" \/><\/a><figcaption id=\"caption-attachment-7131\" class=\"wp-caption-text\">Tableau repr\u00e9sentant l\u2019arriv\u00e9e des Filles du Roy \u00e0 Qu\u00e9bec. Les filles sont re\u00e7ues par l\u2019intendant Jean Talon et Mgr de Laval (Source Wikip\u00e9dia).<\/figcaption><\/figure>\n<p style=\"text-align: justify;\"><span style=\"text-align: justify;\">Radio-Canada a voulu souligner le 350<\/span><sup style=\"text-align: justify;\">e<\/sup><span style=\"text-align: justify;\">\u00a0anniversaire de l\u2019arriv\u00e9e des Filles du Roy au Qu\u00e9bec en nous rappelant l\u2019arriv\u00e9e chez nous de ces courageuses jeunes filles.<\/span><\/p>\n<p style=\"text-align: justify;\">R\u00e9sum\u00e9 disponible sur le site de Radio-Canada\u00a0: <i>\u00ab\u00a0En juin 1663, dans le port de La Rochelle, un premier contingent de femmes est rassembl\u00e9 dans l&rsquo;attente d&rsquo;un d\u00e9part imminent vers le Qu\u00e9bec, o\u00f9 de futurs pr\u00e9tendants attendent impatiemment leur arriv\u00e9e. Ces femmes, ce sont les Filles du Roy, dont on souligne le 350<sup>e<\/sup>\u00a0anniversaire cette ann\u00e9e.<\/i><\/p>\n<p style=\"text-align: justify;\"><i>C&rsquo;est au nom du roi Louis XIV qu&rsquo;elles sont envoy\u00e9es pour peupler la colonie. Pr\u00e8s de 800\u00a0femmes participent \u00e0 l&rsquo;aventure. Plusieurs sont de jeunes orphelines ou des femmes abandonn\u00e9es chez les religieuses. Leur arriv\u00e9e en sol qu\u00e9b\u00e9cois s&rsquo;\u00e9tend sur une p\u00e9riode de 11\u00a0ans, et<\/i> <i>gr\u00e2ce \u00e0 elles, la population du pays triple.<\/i><\/p>\n<p style=\"text-align: justify;\"><i><\/i><i>Encore aujourd&rsquo;hui, l&rsquo;histoire de ces femmes est m\u00e9connue. Les c\u00e9l\u00e9brations entourant le 350<sup>e<\/sup>\u00a0anniversaire de leur venue au Qu\u00e9bec permettront certainement de rappeler leur importance dans l&rsquo;histoire de la province.\u00a0\u00bb<\/i><\/p>\n<p style=\"text-align: justify;\">Allez voir la chronique compl\u00e8te \u00e0 l&rsquo;adresse <a href=\"http:\/\/www.radio-canada.ca\/emissions\/a_rebours\/2012-2013\/chronique.asp?idChronique=288554\">http:\/\/www.radio-canada.ca\/emissions\/a_rebours\/2012-2013\/chronique.asp?idChronique=288554<\/a> et \u00e9coutez l&rsquo;enregistrement sonore. Vous y apprendrez des choses int\u00e9ressantes sur les Filles du Roy, dont, entre autres, qu&rsquo;au moment de leur arriv\u00e9e, le Qu\u00e9bec ne comptait que 2500\u00a0habitants et on y trouvait de 6 \u00e0 14\u00a0fois plus d&rsquo;hommes que de femmes. Vous y apprendrez aussi que les Filles du Roy \u00e9taient plus fertiles que leurs cons\u0153urs fran\u00e7aises \u00e0 cause de la qualit\u00e9 de l\u2019eau et de la nourriture au Qu\u00e9bec.<\/p>\n<h4 style=\"text-align: left;\">Une rage contre la machine<\/h4>\n<figure id=\"attachment_7136\" aria-describedby=\"caption-attachment-7136\" style=\"width: 364px\" class=\"wp-caption alignleft\"><a href=\"https:\/\/cimbcc.org\/test2\/wp-content\/uploads\/Image2_RC_2013-08-26-e1376857004515.png\"><img loading=\"lazy\" decoding=\"async\" class=\"size-full wp-image-7136\" src=\"https:\/\/cimbcc.org\/test2\/wp-content\/uploads\/Image2_RC_2013-08-26-e1376857004515.png\" alt=\"Des travailleurs en train de d\u00e9truire une machine \u00e0 tisser.\" width=\"364\" height=\"267\" \/><\/a><figcaption id=\"caption-attachment-7136\" class=\"wp-caption-text\">Des travailleurs en train de d\u00e9truire une machine \u00e0 tisser.<\/figcaption><\/figure>\n<p style=\"text-align: justify;\">De tout temps, des personnes ont \u00e9t\u00e9 r\u00e9fractaires aux nouvelles technologies et ont tent\u00e9 de s&rsquo;y opposer en pensant \u00ab\u00a0sauver\u00a0\u00bb des emplois. Il y a deux\u00a0cents ans, des ouvriers se sont ligu\u00e9s pour d\u00e9truire des machines \u00e0 tisser dans l&rsquo;espoir de sauver leurs emplois.<\/p>\n<p style=\"text-align: justify;\">R\u00e9sum\u00e9 disponible sur le site de Radio-Canada\u00a0: <i>\u00ab\u00a0La chanson traditionnelle anglaise <\/i><i>Le triomphe du g\u00e9n\u00e9ral Ludd<\/i><i> c\u00e9l\u00e8bre la bravoure et le sang-froid des travailleurs briseurs de machines, les luddites. Pendant la r\u00e9volution industrielle, au d\u00e9but du 19<sup>e<\/sup>\u00a0si\u00e8cle, ces artisans de l&rsquo;industrie du textile d\u00e9cident de s&rsquo;attaquer aux m\u00e9canismes sophistiqu\u00e9s qui les remplacent dans leur travail.<\/i><\/p>\n<p style=\"text-align: justify;\"><i><\/i><i>\u00c7a n&rsquo;est pas la premi\u00e8re\u00a0fois qu&rsquo;on d\u00e9truit des machines pour tenter de ralentir le progr\u00e8s, mais c&rsquo;est s\u00fbrement<\/i> <i>la premi\u00e8re\u00a0fois qu&rsquo;on le fait d&rsquo;une mani\u00e8re aussi structur\u00e9e. \u00c0 partir de mars\u00a01811, les luddites vont de village en village la nuit venue. Masqu\u00e9s et d\u00e9guis\u00e9s, coordonn\u00e9s entre eux gr\u00e2ce \u00e0 des messagers clandestins, ils d\u00e9molissent et br\u00fblent les machines automatis\u00e9es au nom d&rsquo;un chef probablement fictif, le g\u00e9n\u00e9ral\u00a0Ludd.<\/i><\/p>\n<p style=\"text-align: justify;\"><i><\/i><i>Le gros des actions des luddites se concentre sur une ann\u00e9e, jusqu&rsquo;en 1812, dans les Midlands anglais. Plusieurs militants sont lourdement punis pour leurs gestes, en particulier ceux pris dans des affrontements violents. Pour s&rsquo;\u00eatre lev\u00e9s contre la machine, ils sont pendus ou d\u00e9port\u00e9s en Australie.\u00a0\u00bb<\/i><\/p>\n<p style=\"text-align: justify;\">Ces destructeurs de machines voyaient les m\u00e9tiers \u00e0 tisser comme des menaces plut\u00f4t que de les voir comme des outils permettant de faire plus de travail avec moins d&rsquo;efforts. Nous n&rsquo;avons pas beaucoup appris en 200\u00a0ans\u00a0: aujourd&rsquo;hui encore des personnes d\u00e9plorent que les ordinateurs menacent certains emplois sans voir que les ordinateurs permettent d\u2019offrir de meilleurs services \u00e0 meilleurs co\u00fbts tout en cr\u00e9ant des emplois plus int\u00e9ressants et mieux pay\u00e9s que les emplois qu&rsquo;ils \u00e9liminent.<\/p>\n<h4 style=\"text-align: left;\"><b><\/b>Autres chroniques<\/h4>\n<p style=\"text-align: justify;\">Voici quelques autres sujets que vous trouverez sur la page <i>\u00c0\u00a0rebours<\/i>\u00a0:<\/p>\n<ul style=\"text-align: justify;\">\n<li>G\u00e9rard C\u00f4t\u00e9, le grand coureur de Saint-Hyacinthe, vainqueur du marathon de Boston<\/li>\n<li>l\u2019invention de la fermeture \u00e9clair<\/li>\n<li>la folle vir\u00e9e des voleurs romantiques Bonnie et Clyde<\/li>\n<li>Alan Turing, l&rsquo;informaticien qui a grandement contribu\u00e9 \u00e0 la victoire des Alli\u00e9s en d\u00e9chiffrant les messages cod\u00e9s des Allemands durant la Seconde Guerre mondiale<\/li>\n<\/ul>\n<p style=\"text-align: justify;\">\u00a0R\u00e9jean C\u00f4t\u00e9, pr\u00e9sident<\/p>\n","protected":false},"excerpt":{"rendered":"<p>Les chroniques historiques de l\u2019\u00e9mission \u00c0 rebours La Premi\u00e8re cha\u00eene de Radio-Canada pr\u00e9sente quotidiennement de petites chroniques historiques. Pour notre plus grand bonheur, ces chroniques sont disponibles en cliquant ici.<\/p>\n","protected":false},"author":43,"featured_media":0,"comment_status":"open","ping_status":"closed","sticky":false,"template":"","format":"standard","meta":{"footnotes":""},"categories":[12],"tags":[964,144,965,258],"class_list":["post-7126","post","type-post","status-publish","format-standard","hentry","category-sites-coup-de-coeur","tag-filles-du-roy","tag-histoire","tag-luddites","tag-radio-canada"],"_links":{"self":[{"href":"https:\/\/cimbcc.org\/test2\/wp-json\/wp\/v2\/posts\/7126","targetHints":{"allow":["GET"]}}],"collection":[{"href":"https:\/\/cimbcc.org\/test2\/wp-json\/wp\/v2\/posts"}],"about":[{"href":"https:\/\/cimbcc.org\/test2\/wp-json\/wp\/v2\/types\/post"}],"author":[{"embeddable":true,"href":"https:\/\/cimbcc.org\/test2\/wp-json\/wp\/v2\/users\/43"}],"replies":[{"embeddable":true,"href":"https:\/\/cimbcc.org\/test2\/wp-json\/wp\/v2\/comments?post=7126"}],"version-history":[{"count":20,"href":"https:\/\/cimbcc.org\/test2\/wp-json\/wp\/v2\/posts\/7126\/revisions"}],"predecessor-version":[{"id":26152,"href":"https:\/\/cimbcc.org\/test2\/wp-json\/wp\/v2\/posts\/7126\/revisions\/26152"}],"wp:attachment":[{"href":"https:\/\/cimbcc.org\/test2\/wp-json\/wp\/v2\/media?parent=7126"}],"wp:term":[{"taxonomy":"category","embeddable":true,"href":"https:\/\/cimbcc.org\/test2\/wp-json\/wp\/v2\/categories?post=7126"},{"taxonomy":"post_tag","embeddable":true,"href":"https:\/\/cimbcc.org\/test2\/wp-json\/wp\/v2\/tags?post=7126"}],"curies":[{"name":"wp","href":"https:\/\/api.w.org\/{rel}","templated":true}]}}