{"id":7197,"date":"2013-09-06T10:00:13","date_gmt":"2013-09-06T15:00:13","guid":{"rendered":"https:\/\/cimbcc.org\/test2\/?p=7197"},"modified":"2023-10-16T22:16:52","modified_gmt":"2023-10-17T02:16:52","slug":"le-mot-du-president-septembre-2013","status":"publish","type":"post","link":"https:\/\/cimbcc.org\/test2\/le-mot-du-president-septembre-2013\/","title":{"rendered":"Le mot du pr\u00e9sident &#8211; septembre 2013"},"content":{"rendered":"<figure id=\"attachment_23836\" aria-describedby=\"caption-attachment-23836\" style=\"width: 125px\" class=\"wp-caption aligncenter\"><img loading=\"lazy\" decoding=\"async\" class=\"size-full wp-image-23836\" src=\"https:\/\/cimbcc.org\/test2\/wp-content\/uploads\/photo_cote_rejean.jpg\" alt=\"\" width=\"125\" height=\"125\" \/><figcaption id=\"caption-attachment-23836\" class=\"wp-caption-text\"><span style=\"color: #ffffff;\">mmmm<\/span>R\u00e9jean C\u00f4t\u00e9<\/figcaption><\/figure>\n<h4>Une nouvelle ann\u00e9e commence<\/h4>\n<p style=\"text-align: justify;\">Comme le temps passe vite, ne croyez-vous pas? L\u2019\u00e9t\u00e9 s\u2019ach\u00e8ve et pour nous, au Club informatique, c\u2019est une nouvelle ann\u00e9e qui commence. Il me semble qu\u2019en vieillissant les ann\u00e9es passent encore plus vite, mais dans le monde de l\u2019informatique, tout \u00e9volue \u00e0 une vitesse folle et il ne faut pas rel\u00e2cher notre attention si on veut se maintenir \u00e0 jour.<\/p>\n<p><!--more--><\/p>\n<p style=\"text-align: justify;\">La <i>Journ\u00e9e d\u2019information et d\u2019inscription<\/i> (autrefois <i>Journ\u00e9e portes ouvertes<\/i>) du 4\u00a0septembre a encore \u00e9t\u00e9 un franc succ\u00e8s gr\u00e2ce \u00e0 Danielle Bourque, responsable de cette journ\u00e9e sp\u00e9ciale, et \u00e0 plus de vingt\u00a0b\u00e9n\u00e9voles qui ont accueilli les visiteurs au Centre communautaire. Deux cent soixante-deux (262)\u00a0personnes se sont pr\u00e9sent\u00e9es pour s\u2019inscrire au club, pour renouveler leur adh\u00e9sion, pour s\u2019informer sur nos services ou pour offrir leurs services.<\/p>\n<p style=\"text-align: justify;\">Le 31\u00a0juillet dernier, le club comptait 532\u00a0membres, un nombre comparable \u00e0 l\u2019an dernier et form\u00e9 de 412\u00a0membres \u00e0 titre individuel et de 60\u00a0couples. Le pourcentage de membres est de 55\u00a0% de femmes et de 45\u00a0% d\u2019hommes. Si on se rappelle que le club comptait seulement 10\u00a0% de femmes il y a quelques ann\u00e9es, on peut conclure que l\u2019\u00e9volution se fait dans le bon sens!<\/p>\n<p style=\"text-align: justify;\">Le club a reb\u00e2ti son site voil\u00e0 deux\u00a0ans et nous avons maintenant un blogue en ligne. Ce blogue est ouvert \u00e0 vos commentaires afin que vous puissiez vous exprimer librement sur nos articles.<\/p>\n<p style=\"text-align: justify;\">Cette ann\u00e9e, le nombre des s\u00e9ances de pr\u00e9sentations sera \u00e0 peu pr\u00e8s le m\u00eame que l\u2019an dernier (pr\u00e8s de 55). Il y aura des pr\u00e9sentations de la s\u00e9rie <i>Facile<\/i> et de la s\u00e9rie <i>D\u00e9couverte. <\/i>Des sujets populaires comme la tablette \u00e9lectronique, Facebook et Twitter seront de nouveau au programme. Quelques nouveaut\u00e9s sont aussi pr\u00e9vues comme une pr\u00e9sentation sur des sites d\u2019information m\u00e9dicale et une autre sur le raccordement d\u2019un t\u00e9l\u00e9viseur \u00e0 l\u2019ordinateur. Si vous utilisez Windows\u00a08 ou si vous \u00eates curieux de conna\u00eetre ce syst\u00e8me d\u2019exploitation, vous pourrez assister \u00e0 une pr\u00e9sentation sur ce sujet.<\/p>\n<p style=\"text-align: justify;\">Il est plus difficile d\u2019annoncer maintenant tous les ateliers qui seront propos\u00e9s cette ann\u00e9e, car tout d\u00e9pendra des animateurs disponibles (on sait que plusieurs membres ont tout ce qu\u2019il faut pour animer un atelier, malheureusement ils n\u2019osent pas offrir leurs services; l\u2019animation d\u2019un atelier est tr\u00e8s valorisante et c\u2019est aussi une belle fa\u00e7on d\u2019approfondir un sujet). Mais je peux d\u00e9j\u00e0 confirmer qu\u2019il y aura encore des ateliers de soutien aux d\u00e9butants \u00e0 Saint-Bruno et \u00e0 Saint-Basile. Nous aurons aussi des ateliers sur les tablettes \u00e9lectroniques cet automne.<\/p>\n<p style=\"text-align: justify;\">Des cours d\u2019initiation \u00e0 Internet seront encore donn\u00e9s dans les biblioth\u00e8ques de Saint-Bruno, de<b> <\/b>Saint-Basile et de Sainte-Julie. Cette ann\u00e9e, il y aura des cours de trois\u00a0niveaux\u00a0: un cours pr\u00e9paratoire (nouveaut\u00e9), un de niveau\u00a01 et un de niveau\u00a02. Si vous connaissez des personnes qui aimeraient profiter de ces cours d\u2019initiation \u00e0 Internet, dites-leur de communiquer avec nous. C\u2019est gratuit et il n\u2019est m\u00eame pas n\u00e9cessaire d\u2019\u00eatre membre du club pour y assister.<\/p>\n<p style=\"text-align: justify;\">Nous avons toujours besoin de nouveaux b\u00e9n\u00e9voles pour maintenir tous les services que nous vous offrons et aussi pour \u00eatre en mesure d\u2019all\u00e9ger la t\u00e2che de nos b\u00e9n\u00e9voles. Actuellement, le club peut compter sur 64\u00a0b\u00e9n\u00e9voles d\u00e9vou\u00e9s. Quelques b\u00e9n\u00e9voles suppl\u00e9mentaires seraient les bienvenus.<\/p>\n<p>R\u00e9jean C\u00f4t\u00e9<\/p>\n","protected":false},"excerpt":{"rendered":"<p>Une nouvelle ann\u00e9e commence Comme le temps passe vite, ne croyez-vous pas? L\u2019\u00e9t\u00e9 s\u2019ach\u00e8ve et pour nous, au Club informatique, c\u2019est une nouvelle ann\u00e9e qui commence. Il me semble qu\u2019en vieillissant les ann\u00e9es passent encore plus vite, mais dans le monde de l\u2019informatique, tout \u00e9volue \u00e0 une vitesse folle et il ne faut pas rel\u00e2cher &hellip; <a href=\"https:\/\/cimbcc.org\/test2\/le-mot-du-president-septembre-2013\/\" class=\"more-link\">Continuer la lecture de <span class=\"screen-reader-text\">Le mot du pr\u00e9sident &#8211; septembre 2013<\/span>  <span class=\"meta-nav\">&rarr;<\/span><\/a><\/p>\n","protected":false},"author":43,"featured_media":0,"comment_status":"open","ping_status":"closed","sticky":false,"template":"","format":"standard","meta":{"footnotes":""},"categories":[11],"tags":[371,370,143],"class_list":["post-7197","post","type-post","status-publish","format-standard","hentry","category-mots-du-president","tag-decouverte","tag-facile","tag-journee-dinformation-et-dinscription"],"_links":{"self":[{"href":"https:\/\/cimbcc.org\/test2\/wp-json\/wp\/v2\/posts\/7197","targetHints":{"allow":["GET"]}}],"collection":[{"href":"https:\/\/cimbcc.org\/test2\/wp-json\/wp\/v2\/posts"}],"about":[{"href":"https:\/\/cimbcc.org\/test2\/wp-json\/wp\/v2\/types\/post"}],"author":[{"embeddable":true,"href":"https:\/\/cimbcc.org\/test2\/wp-json\/wp\/v2\/users\/43"}],"replies":[{"embeddable":true,"href":"https:\/\/cimbcc.org\/test2\/wp-json\/wp\/v2\/comments?post=7197"}],"version-history":[{"count":11,"href":"https:\/\/cimbcc.org\/test2\/wp-json\/wp\/v2\/posts\/7197\/revisions"}],"predecessor-version":[{"id":25606,"href":"https:\/\/cimbcc.org\/test2\/wp-json\/wp\/v2\/posts\/7197\/revisions\/25606"}],"wp:attachment":[{"href":"https:\/\/cimbcc.org\/test2\/wp-json\/wp\/v2\/media?parent=7197"}],"wp:term":[{"taxonomy":"category","embeddable":true,"href":"https:\/\/cimbcc.org\/test2\/wp-json\/wp\/v2\/categories?post=7197"},{"taxonomy":"post_tag","embeddable":true,"href":"https:\/\/cimbcc.org\/test2\/wp-json\/wp\/v2\/tags?post=7197"}],"curies":[{"name":"wp","href":"https:\/\/api.w.org\/{rel}","templated":true}]}}