{"id":7236,"date":"2013-09-13T10:00:10","date_gmt":"2013-09-13T15:00:10","guid":{"rendered":"https:\/\/cimbcc.org\/test2\/?p=7236"},"modified":"2023-10-16T22:16:52","modified_gmt":"2023-10-17T02:16:52","slug":"fin-de-windows-xp-septembre-2013","status":"publish","type":"post","link":"https:\/\/cimbcc.org\/test2\/fin-de-windows-xp-septembre-2013\/","title":{"rendered":"Fin de Windows XP"},"content":{"rendered":"<dl id=\"attachment_5709\">\n<dd><\/dd>\n<\/dl>\n<figure id=\"attachment_25229\" aria-describedby=\"caption-attachment-25229\" style=\"width: 125px\" class=\"wp-caption aligncenter\"><img loading=\"lazy\" decoding=\"async\" class=\"size-full wp-image-25229\" src=\"https:\/\/cimbcc.org\/test2\/wp-content\/uploads\/photo_jacquet_jean_philippe.jpg\" alt=\"\" width=\"125\" height=\"125\" \/><figcaption id=\"caption-attachment-25229\" class=\"wp-caption-text\"><span style=\"color: #ffffff;\">n<\/span>Jean-Philippe Jacquet<\/figcaption><\/figure>\n<p style=\"text-align: justify;\">L\u2019article de Howard\u00a0Solomon, r\u00e9dacteur en chef du portail ITworldcanada.com, publi\u00e9 dans le magazine <em>Direction informatique<\/em>, le 4\u00a0septembre dernier, indiquait qu\u2019\u00e0 compter du 8\u00a0avril 2014, Microsoft cesserait de supporter le syst\u00e8me d&rsquo;exploitation\u00a0(SE) WINDOWS XP.<\/p>\n<p style=\"text-align: justify;\"><!--more--><\/p>\n<p style=\"text-align: justify;\">Les histoires qui circulent \u00e0 propos de la fin de Windows\u00a0XP sont \u00e0 prendre tr\u00e8s au s\u00e9rieux. Cela veut dire que, si apr\u00e8s cette date du 8\u00a0avril 2014, des pirates parviennent \u00e0 exploiter l&rsquo;un de vos ordinateurs encore sur Windows\u00a0XP, Microsoft ne pourra plus r\u00e9gler le probl\u00e8me et vous devrez trouver une autre solution.<\/p>\n<p style=\"text-align: justify;\">Il est grand temps de <b>passer \u00e0 Windows\u00a07 ou \u00e0 Windows\u00a08<\/b> si vous ne l&rsquo;avez pas d\u00e9j\u00e0 fait, car il ne reste que sept\u00a0mois.<\/p>\n<p>Pour lire l&rsquo;article au complet, cliquez sur le lien suivant\u00a0:<br \/>\n<a href=\"http:\/\/www.directioninformatique.com\/fin-de-windows-xp-tous-nont-pas-saisi-le-message\/21198\" target=\"_blank\" rel=\"noopener\">http:\/\/www.directioninformatique.com\/fin-de-windows-xp-tous-nont-pas-saisi-le-message\/21198<\/a><\/p>\n<p>Jean-Philippe Jacquet<\/p>\n","protected":false},"excerpt":{"rendered":"<p>L\u2019article de Howard\u00a0Solomon, r\u00e9dacteur en chef du portail ITworldcanada.com, publi\u00e9 dans le magazine Direction informatique, le 4\u00a0septembre dernier, indiquait qu\u2019\u00e0 compter du 8\u00a0avril 2014, Microsoft cesserait de supporter le syst\u00e8me d&rsquo;exploitation\u00a0(SE) WINDOWS XP.<\/p>\n","protected":false},"author":43,"featured_media":0,"comment_status":"open","ping_status":"closed","sticky":false,"template":"","format":"standard","meta":{"footnotes":""},"categories":[9],"tags":[135,336,159,208],"class_list":["post-7236","post","type-post","status-publish","format-standard","hentry","category-direction-informatique-toms-hardware","tag-microsoft","tag-soutien","tag-systeme-dexploitation","tag-windows-xp"],"_links":{"self":[{"href":"https:\/\/cimbcc.org\/test2\/wp-json\/wp\/v2\/posts\/7236","targetHints":{"allow":["GET"]}}],"collection":[{"href":"https:\/\/cimbcc.org\/test2\/wp-json\/wp\/v2\/posts"}],"about":[{"href":"https:\/\/cimbcc.org\/test2\/wp-json\/wp\/v2\/types\/post"}],"author":[{"embeddable":true,"href":"https:\/\/cimbcc.org\/test2\/wp-json\/wp\/v2\/users\/43"}],"replies":[{"embeddable":true,"href":"https:\/\/cimbcc.org\/test2\/wp-json\/wp\/v2\/comments?post=7236"}],"version-history":[{"count":22,"href":"https:\/\/cimbcc.org\/test2\/wp-json\/wp\/v2\/posts\/7236\/revisions"}],"predecessor-version":[{"id":26185,"href":"https:\/\/cimbcc.org\/test2\/wp-json\/wp\/v2\/posts\/7236\/revisions\/26185"}],"wp:attachment":[{"href":"https:\/\/cimbcc.org\/test2\/wp-json\/wp\/v2\/media?parent=7236"}],"wp:term":[{"taxonomy":"category","embeddable":true,"href":"https:\/\/cimbcc.org\/test2\/wp-json\/wp\/v2\/categories?post=7236"},{"taxonomy":"post_tag","embeddable":true,"href":"https:\/\/cimbcc.org\/test2\/wp-json\/wp\/v2\/tags?post=7236"}],"curies":[{"name":"wp","href":"https:\/\/api.w.org\/{rel}","templated":true}]}}