{"id":7289,"date":"2013-09-09T20:12:02","date_gmt":"2013-09-10T01:12:02","guid":{"rendered":"https:\/\/cimbcc.org\/test2\/?p=7289"},"modified":"2023-10-16T22:16:52","modified_gmt":"2023-10-17T02:16:52","slug":"editorial-septembre-2013","status":"publish","type":"post","link":"https:\/\/cimbcc.org\/test2\/editorial-septembre-2013\/","title":{"rendered":"\u00c9ditorial &#8211; septembre 2013"},"content":{"rendered":"<p style=\"text-align: center;\">\u00a0<a href=\"https:\/\/cimbcc.org\/test2\/wp-content\/uploads\/Photo-Andre-Charest-Editorial1.jpg\"><img loading=\"lazy\" decoding=\"async\" src=\"https:\/\/cimbcc.org\/test2\/wp-content\/uploads\/Photo-Andre-Charest-Editorial1.jpg\" alt=\"Photo-Andre-Charest-Editorial\" width=\"300\" height=\"82\" \/><\/a><\/p>\n<h4 style=\"text-align: justify;\">\u00ab\u00a0Il se faut entr&rsquo;aider, c&rsquo;est la loi de nature\u2026\u00a0\u00bb<\/h4>\n<p style=\"text-align: justify;\">Cette citation est tir\u00e9e de la premi\u00e8re\u00a0ligne de la fable, <i><a href=\"http:\/\/www.jdlf.com\/lesfables\/livreviii\/laneetlechien\">L&rsquo;\u00c2ne et le chien<\/a><\/i>, de Jean de La\u00a0Fontaine. Elle figure sur le d\u00e9pliant que nous remettons cette ann\u00e9e aux nouveaux membres.<\/p>\n<p style=\"text-align: justify;\">Il y a beaucoup d\u2019exemples apparents d\u2019entraide dans la nature. Pensons aux tr\u00e8s nombreux cas observ\u00e9s de symbiose, aux gestes de parentalit\u00e9 chez les animaux, aux services que nous rendent les animaux domestiques, etc.<\/p>\n<p style=\"text-align: justify;\"><!--more--><\/p>\n<p style=\"text-align: justify;\">Mais sont-ce l\u00e0 vraiment des gestes d\u2019entraide? Ne sont-ils pas plut\u00f4t des comportements dict\u00e9s par l\u2019instinct ou chez les animaux domestiques, le fait de l\u2019entra\u00eenement?<\/p>\n<p style=\"text-align: justify;\">L\u2019entraide, comme nous le dit le dictionnaire, c\u2019est s\u2019aider mutuellement. Des personnes qui s\u2019entraident peuvent s\u2019\u00e9pauler dans la r\u00e9alisation d\u2019un objectif ou \u00e9changer des services\u00a0: je fais ceci pour toi et tu fais cela pour moi. Il s\u2019agit de gestes conscients, pas d\u2019instinct ou de domestication. L\u2019homme est l\u2019esp\u00e8ce qui a le niveau de conscience le plus \u00e9lev\u00e9. Sa conscience est dite r\u00e9flexive. L\u2019homme r\u00e9fl\u00e9chit ou tout le moins en est capable.<\/p>\n<p style=\"text-align: justify;\">Le mot \u00ab\u00a0entraide\u00a0\u00bb fait partie int\u00e9grante de la mission du club\u00a0: \u00ab\u00a0Offrir \u00e0 nos membres un cadre pour le partage de connaissances et l\u2019<b>entraide<\/b> en informatique\u2026\u00a0\u00bb. On trouve au club les deux\u00a0facettes de l\u2019entraide, soit de s\u2019\u00e9pauler mutuellement et de s\u2019\u00e9changer des services. Et cette entraide est faite en toute connaissance de cause, donc consciemment.<\/p>\n<p style=\"text-align: justify;\">C\u2019est pour cette raison que notre organisme est un club et non une maison d\u2019enseignement, m\u00eame si on y apprend beaucoup de choses. L\u2019entraide au club est fondamentale. Sans entraide, le club s\u2019effondrerait. Plus il y en aura, le mieux le club ira.<\/p>\n<p style=\"text-align: justify;\">Je suis \u00e0 l\u2019occasion d\u00e9sagr\u00e9ablement surpris quand je vois des membres qui poss\u00e8dent de bonnes connaissances en informatique ne jamais s\u2019engager dans l\u2019entraide. Ils viennent s\u2019informer au club, mais ils ne mettent pas la main \u00e0 la p\u00e2te pour faire profiter les autres de leurs connaissances. Certains ne se g\u00eanent m\u00eame pas pour critiquer. C\u2019est choquant.<\/p>\n<p style=\"text-align: justify;\">Le club a toujours besoin de pr\u00e9sentateurs et d\u2019animateurs. Alors si vous \u00eates de ces membres qui ont acquis de bonnes connaissances en informatique, soit au travail, soit au club ou qu\u2019encore vous \u00eates autodidacte, pensez-y-bien, le club a besoin de vous.<\/p>\n<p style=\"text-align: justify;\">Une nouvelle page a r\u00e9cemment \u00e9t\u00e9 ajout\u00e9e<b> <\/b>sur le site du club\u00a0:<b> Le club\/B\u00e9n\u00e9voles demand\u00e9s<\/b>. Pour le moment, les renseignements qui y figurent sont de nature g\u00e9n\u00e9rale. Esp\u00e9rons qu\u2019on en vienne \u00e0 y faire une liste des besoins sp\u00e9cifiques du club, par exemple\u00a0: \u00ab\u00a0Animateur pour l\u2019atelier sur les tablettes Android demand\u00e9\u00a0\u00bb. Un bouton bien visible du genre \u00ab\u00a0Wanted\u00a0\u00bb ou si vous pr\u00e9f\u00e9rez \u00ab\u00a0Recherch\u00e9\u00a0\u00bb, dans le volet de droite pourrait mener les fureteurs directement \u00e0 cette page. Justement, les b\u00e9n\u00e9voles qui travaillent sur le site du club ont besoin d\u2019aide pour r\u00e9aliser des projets de ce genre.<\/p>\n<p style=\"text-align: justify;\">\u00a0Alors, on s\u2019entraide et on donne raison \u00e0 Jean de La\u00a0Fontaine ou pas?<\/p>\n<p>\u00a0Andr\u00e9 Charest<\/p>\n","protected":false},"excerpt":{"rendered":"<p>\u00a0 \u00ab\u00a0Il se faut entr&rsquo;aider, c&rsquo;est la loi de nature\u2026\u00a0\u00bb Cette citation est tir\u00e9e de la premi\u00e8re\u00a0ligne de la fable, L&rsquo;\u00c2ne et le chien, de Jean de La\u00a0Fontaine. Elle figure sur le d\u00e9pliant que nous remettons cette ann\u00e9e aux nouveaux membres. Il y a beaucoup d\u2019exemples apparents d\u2019entraide dans la nature. Pensons aux tr\u00e8s nombreux &hellip; <a href=\"https:\/\/cimbcc.org\/test2\/editorial-septembre-2013\/\" class=\"more-link\">Continuer la lecture de <span class=\"screen-reader-text\">\u00c9ditorial &#8211; septembre 2013<\/span>  <span class=\"meta-nav\">&rarr;<\/span><\/a><\/p>\n","protected":false},"author":43,"featured_media":0,"comment_status":"open","ping_status":"closed","sticky":false,"template":"","format":"standard","meta":{"footnotes":""},"categories":[8],"tags":[126,256],"class_list":["post-7289","post","type-post","status-publish","format-standard","hentry","category-editoriaux","tag-benevoles","tag-entraide"],"_links":{"self":[{"href":"https:\/\/cimbcc.org\/test2\/wp-json\/wp\/v2\/posts\/7289","targetHints":{"allow":["GET"]}}],"collection":[{"href":"https:\/\/cimbcc.org\/test2\/wp-json\/wp\/v2\/posts"}],"about":[{"href":"https:\/\/cimbcc.org\/test2\/wp-json\/wp\/v2\/types\/post"}],"author":[{"embeddable":true,"href":"https:\/\/cimbcc.org\/test2\/wp-json\/wp\/v2\/users\/43"}],"replies":[{"embeddable":true,"href":"https:\/\/cimbcc.org\/test2\/wp-json\/wp\/v2\/comments?post=7289"}],"version-history":[{"count":9,"href":"https:\/\/cimbcc.org\/test2\/wp-json\/wp\/v2\/posts\/7289\/revisions"}],"predecessor-version":[{"id":26184,"href":"https:\/\/cimbcc.org\/test2\/wp-json\/wp\/v2\/posts\/7289\/revisions\/26184"}],"wp:attachment":[{"href":"https:\/\/cimbcc.org\/test2\/wp-json\/wp\/v2\/media?parent=7289"}],"wp:term":[{"taxonomy":"category","embeddable":true,"href":"https:\/\/cimbcc.org\/test2\/wp-json\/wp\/v2\/categories?post=7289"},{"taxonomy":"post_tag","embeddable":true,"href":"https:\/\/cimbcc.org\/test2\/wp-json\/wp\/v2\/tags?post=7289"}],"curies":[{"name":"wp","href":"https:\/\/api.w.org\/{rel}","templated":true}]}}