{"id":7406,"date":"2013-09-25T10:00:38","date_gmt":"2013-09-25T15:00:38","guid":{"rendered":"https:\/\/cimbcc.org\/test2\/?p=7406"},"modified":"2023-10-16T22:16:52","modified_gmt":"2023-10-17T02:16:52","slug":"echos-du-conseil-dadministration-septembre-2013","status":"publish","type":"post","link":"https:\/\/cimbcc.org\/test2\/echos-du-conseil-dadministration-septembre-2013\/","title":{"rendered":"\u00c9chos du conseil d&rsquo;administration &#8211; 3 septembre 2013"},"content":{"rendered":"<figure id=\"attachment_6374\" aria-describedby=\"caption-attachment-6374\" style=\"width: 450px\" class=\"wp-caption aligncenter\"><a href=\"https:\/\/cimbcc.org\/test2\/wp-content\/uploads\/Photo-CA-2013-2014.jpg\"><img loading=\"lazy\" decoding=\"async\" class=\"size-full wp-image-6374\" src=\"https:\/\/cimbcc.org\/test2\/wp-content\/uploads\/Photo-CA-2013-2014.jpg\" alt=\"Le conseil d\u2019administration est compos\u00e9 de Walter Pearce, R\u00e9jean C\u00f4t\u00e9, Sylvie Mazur, R\u00e9jean Daigle, Denis Dulude, Jacques Lalibert\u00e9, Danielle Charest Bourque, Michel Gagn\u00e9, Charles E. Blier, Andr\u00e9 Charest et Marie-Jos\u00e9 B\u00e2cle. Absent lors de la prise de photo : Yvon Gaudreau (en vignette).\" width=\"450\" height=\"140\" srcset=\"https:\/\/cimbcc.org\/test2\/wp-content\/uploads\/Photo-CA-2013-2014.jpg 450w, https:\/\/cimbcc.org\/test2\/wp-content\/uploads\/Photo-CA-2013-2014-300x93.jpg 300w\" sizes=\"auto, (max-width: 450px) 100vw, 450px\" \/><\/a><figcaption id=\"caption-attachment-6374\" class=\"wp-caption-text\">Le conseil d\u2019administration est compos\u00e9 de Walter Pearce, R\u00e9jean C\u00f4t\u00e9, Sylvie Mazur, R\u00e9jean Daigle, Denis Dulude, Jacques Lalibert\u00e9, Danielle Charest Bourque, Michel Gagn\u00e9, Charles E. Blier, Andr\u00e9 Charest et Marie-Jos\u00e9 B\u00e2cle. Absent lors de la prise de photo : Yvon Gaudreau (en vignette).<\/figcaption><\/figure>\n<p style=\"text-align: justify;\">Le 3\u00a0septembre 2013\u00a0: r\u00e9union mensuelle du conseil d\u2019administration \u00e0 la veille de la <i>Journ\u00e9e d\u2019information et d\u2019inscription<\/i>. Tout \u00e9tait pr\u00eat pour cette importante journ\u00e9e, Danielle\u00a0Bourque y a veill\u00e9. Les membres qui ne pourront s\u2019y pr\u00e9senter pourront renouveler leur adh\u00e9sion au club lors des s\u00e9ances de pr\u00e9sentations du mercredi et du vendredi.<\/p>\n<p><!--more--><\/p>\n<p style=\"text-align: justify;\">Toutefois, Danielle Bourque a confirm\u00e9 que les membres qui n\u2019auront pas renouvel\u00e9 leur adh\u00e9sion le 14\u00a0octobre ne recevront plus les messages dominicaux diffus\u00e9s apr\u00e8s cette date.<\/p>\n<p style=\"text-align: justify;\">L\u2019inscription aux ateliers \u00e9tant aussi pr\u00e9vue pour le lendemain, le conseil fait le point sur le sondage lanc\u00e9 par Andr\u00e9\u00a0Charest dans le but de mieux cerner l\u2019int\u00e9r\u00eat des membres pour des ateliers sur les tablettes \u00e9lectroniques. Ce sondage a mis en \u00e9vidence que les membres sont davantage int\u00e9ress\u00e9s par les tablettes d\u2019Apple et celles fonctionnant sous Andro\u00efd. Des ateliers sur ces tablettes sont d\u2019ailleurs pr\u00e9vus cette ann\u00e9e. Par ailleurs, plusieurs membres ont demand\u00e9 \u00e0 \u00eatre guid\u00e9s dans le choix d\u2019une tablette. Le sujet pourra \u00eatre abord\u00e9 dans le cadre de la pr\u00e9sentation que R\u00e9jean\u00a0Daigle doit faire en novembre. Enfin, il a \u00e9t\u00e9 d\u00e9cid\u00e9 que les membres pourraient encore s\u2019inscrire aux diff\u00e9rents ateliers de l\u2019automne jusqu\u2019au vendredi 18\u00a0octobre inclusivement, en se pr\u00e9sentant \u00e0 l\u2019accueil d\u2019une s\u00e9ance du mercredi ou du vendredi. Il y aura une autre p\u00e9riode d\u2019inscription aux ateliers d\u2019hiver en janvier.<\/p>\n<p style=\"text-align: justify;\">La <i>Journ\u00e9e d\u2019information et d\u2019inscription<\/i> offre aussi l\u2019occasion de recruter des b\u00e9n\u00e9voles. Les membres du conseil se sont montr\u00e9s particuli\u00e8rement pr\u00e9occup\u00e9s par la surcharge de travail lorsque le nombre des b\u00e9n\u00e9voles est insuffisant dans une \u00e9quipe, alors que le partage des t\u00e2ches entre plusieurs personnes permet d\u2019all\u00e9ger la charge de chacun. Le club est aussi tr\u00e8s vuln\u00e9rable lorsqu\u2019une seule personne se charge de toutes les t\u00e2ches exig\u00e9es par une activit\u00e9. Profitant de ce d\u00e9but d\u2019ann\u00e9e, le conseil d\u2019administration a \u00e9tabli la liste des b\u00e9n\u00e9voles recherch\u00e9s pour participer \u00e0 la tenue des activit\u00e9s du club\u00a0:<\/p>\n<ul>\n<li style=\"text-align: justify;\"><span style=\"text-decoration: underline;\">Assistance avant les s\u00e9ances de pr\u00e9sentations<\/span>\u00a0: de nouveaux collaborateurs pour compl\u00e9ter l\u2019\u00e9quipe;<\/li>\n<li style=\"text-align: justify;\"><span style=\"text-decoration: underline;\">Assistance par courriel<\/span>\u00a0: de nouveaux collaborateurs pour compl\u00e9ter l\u2019\u00e9quipe;<\/li>\n<li style=\"text-align: justify;\"><span style=\"text-decoration: underline;\">Ateliers<\/span>\u00a0: un\u00a0responsable et des collaborateurs \u00e0 la planification et \u00e0 la coordination des ateliers ainsi que des animateurs d\u2019ateliers;<\/li>\n<li style=\"text-align: justify;\"><span style=\"text-decoration: underline;\">Communications<\/span>\u00a0: un collaborateur pour l\u2019envoi des messages dominicaux aux membres;<\/li>\n<li style=\"text-align: justify;\"><i><span style=\"text-decoration: underline;\">CHIP<\/span><\/i><i>\u00a0<\/i>: de nouveaux collaborateurs (r\u00e9guliers et occasionnels) et un\u00a0r\u00e9dacteur ou des collaborateurs pour l\u2019<i>\u00c9ditorial<\/i>;<\/li>\n<li style=\"text-align: justify;\"><span style=\"text-decoration: underline;\">Cours dans les biblioth\u00e8ques<\/span>\u00a0: un instructeur provenant peut-\u00eatre de Sainte-Julie maintenant que nous donnons des cours dans cette ville;<\/li>\n<li style=\"text-align: justify;\"><span style=\"text-decoration: underline;\">Logistique<\/span>\u00a0: de nouveaux collaborateurs pour compl\u00e9ter l\u2019\u00e9quipe qui assure l\u2019installation des salles pour les activit\u00e9s du club;<\/li>\n<li style=\"text-align: justify;\"><span style=\"text-decoration: underline;\">Registre des membres<\/span>\u00a0: une\u00a0personne-ressource sur le logiciel Access pour donner du r\u00e9pit \u00e0 notre expert actuel;<\/li>\n<li style=\"text-align: justify;\"><span style=\"text-decoration: underline;\">S\u00e9ances du mercredi et du vendredi<\/span>\u00a0: de nouveaux collaborateurs pour l\u2019accueil et plusieurs pr\u00e9sentateurs pour des pr\u00e9sentations de\u00a015, 30, 60 ou 120\u00a0minutes;<\/li>\n<li style=\"text-align: justify;\"><span style=\"text-decoration: underline;\">Site Web<\/span>\u00a0: un\u00a0webmestre pour compl\u00e9ter l\u2019\u00e9quipe actuelle;<\/li>\n<li style=\"text-align: justify;\"><span style=\"text-decoration: underline;\">Sondage<\/span>\u00a0: un responsable.<\/li>\n<\/ul>\n<p style=\"text-align: justify;\">Les besoins sont nombreux, mais chaque b\u00e9n\u00e9vole, masculin ou f\u00e9minin bien s\u00fbr, sera mis \u00e0 contribution selon ses disponibilit\u00e9s. Les responsables des diff\u00e9rentes activit\u00e9s profiteront des s\u00e9ances de pr\u00e9sentations pour faire conna\u00eetre leurs besoins et assurer les futurs b\u00e9n\u00e9voles du soutien de l\u2019\u00e9quipe d\u00e9j\u00e0 form\u00e9e.<\/p>\n<p style=\"text-align: justify;\">Le conseil a appris que la Ville de Saint-Bruno n\u2019a pas trouv\u00e9 de solution pour r\u00e9soudre le besoin d\u2019espace du service de r\u00e9cup\u00e9ration. Toutefois, un espace de rangement suppl\u00e9mentaire a \u00e9t\u00e9 offert \u00e0 l\u2019\u00e9quipe. Cette mesure a \u00e9t\u00e9 accueillie favorablement comme solution partielle et temporaire au probl\u00e8me.<\/p>\n<p style=\"text-align: justify;\">Charles\u00a0Blier nous a inform\u00e9s que dor\u00e9navant la <i>Chronique des organismes de Saint-Bruno<\/i> ne sera publi\u00e9e que dans le journal Les\u00a0Versants. La diffusion d\u2019information sur les activit\u00e9s du club s\u2019en trouvera ainsi r\u00e9duite, mais le conseil a d\u00e9cid\u00e9 de ne pas s\u2019engager dans de la publicit\u00e9 payante parce que l\u2019exp\u00e9rience a d\u00e9montr\u00e9 que c\u2019\u00e9tait inefficace. Il a plut\u00f4t \u00e9t\u00e9 pr\u00e9vu de profiter des 30\u00a0ans du club pour cr\u00e9er des \u00e9v\u00e9nements qui pourront \u00eatre annonc\u00e9s par des affiches, par exemple, et d\u2019int\u00e9resser \u00e9ventuellement les journaux locaux \u00e0 publier un\u00a0article sur le club. De plus, R\u00e9jean\u00a0C\u00f4t\u00e9 fera une demande de contribution financi\u00e8re \u00e0 la Ville de Saint-Bruno pour soutenir le club dans certaines activit\u00e9s destin\u00e9es \u00e0 souligner ses 30\u00a0ans.<\/p>\n<p style=\"text-align: justify;\">Enfin, le conseil a approuv\u00e9 les orientations pr\u00e9sent\u00e9es pour deux\u00a0activit\u00e9s importantes du club\u00a0: les cours dans les biblioth\u00e8ques et le site Web. Michel Gagn\u00e9 a annonc\u00e9 que 70\u00a0places ont \u00e9t\u00e9 pr\u00e9vues en 2013-2014 pour les cours dans les biblioth\u00e8ques, soit 20\u00a0places de moins que l\u2019an\u00a0dernier. Cette d\u00e9cision se justifie par une diminution de la demande. Un cours pr\u00e9paratoire sera ajout\u00e9 \u00e0 l\u2019intention des personnes qui n\u2019ont jamais utilis\u00e9 un ordinateur. Les personnes qui disposent d\u2019un ordinateur portable seront aussi invit\u00e9es \u00e0 une\u00a0rencontre pr\u00e9paratoire afin de s\u2019assurer qu\u2019elles disposent des outils n\u00e9cessaires.<\/p>\n<p style=\"text-align: justify;\">Quant au site Web, Marie-Jos\u00e9\u00a0B\u00e2cle a confirm\u00e9 que la mise \u00e0 jour du site sera poursuivie, que seront ajout\u00e9es des pages d\u00e9crivant des activit\u00e9s du club, qu\u2019une galerie de photos pourra \u00eatre ajout\u00e9e pour chaque \u00e9quipe de b\u00e9n\u00e9voles qui le souhaitera. Il est aussi envisag\u00e9 de rendre disponible un\u00a0outil pour faire des sondages \u00e9clair.<\/p>\n<p style=\"text-align: justify;\">Sylvie Mazur<br \/>\nSecr\u00e9taire du CIMBCC<\/p>\n","protected":false},"excerpt":{"rendered":"<p>Le 3\u00a0septembre 2013\u00a0: r\u00e9union mensuelle du conseil d\u2019administration \u00e0 la veille de la Journ\u00e9e d\u2019information et d\u2019inscription. Tout \u00e9tait pr\u00eat pour cette importante journ\u00e9e, Danielle\u00a0Bourque y a veill\u00e9. Les membres qui ne pourront s\u2019y pr\u00e9senter pourront renouveler leur adh\u00e9sion au club lors des s\u00e9ances de pr\u00e9sentations du mercredi et du vendredi.<\/p>\n","protected":false},"author":43,"featured_media":0,"comment_status":"open","ping_status":"closed","sticky":false,"template":"","format":"standard","meta":{"footnotes":""},"categories":[386],"tags":[],"class_list":["post-7406","post","type-post","status-publish","format-standard","hentry","category-echos-du-conseil-dadministration"],"_links":{"self":[{"href":"https:\/\/cimbcc.org\/test2\/wp-json\/wp\/v2\/posts\/7406","targetHints":{"allow":["GET"]}}],"collection":[{"href":"https:\/\/cimbcc.org\/test2\/wp-json\/wp\/v2\/posts"}],"about":[{"href":"https:\/\/cimbcc.org\/test2\/wp-json\/wp\/v2\/types\/post"}],"author":[{"embeddable":true,"href":"https:\/\/cimbcc.org\/test2\/wp-json\/wp\/v2\/users\/43"}],"replies":[{"embeddable":true,"href":"https:\/\/cimbcc.org\/test2\/wp-json\/wp\/v2\/comments?post=7406"}],"version-history":[{"count":13,"href":"https:\/\/cimbcc.org\/test2\/wp-json\/wp\/v2\/posts\/7406\/revisions"}],"predecessor-version":[{"id":25586,"href":"https:\/\/cimbcc.org\/test2\/wp-json\/wp\/v2\/posts\/7406\/revisions\/25586"}],"wp:attachment":[{"href":"https:\/\/cimbcc.org\/test2\/wp-json\/wp\/v2\/media?parent=7406"}],"wp:term":[{"taxonomy":"category","embeddable":true,"href":"https:\/\/cimbcc.org\/test2\/wp-json\/wp\/v2\/categories?post=7406"},{"taxonomy":"post_tag","embeddable":true,"href":"https:\/\/cimbcc.org\/test2\/wp-json\/wp\/v2\/tags?post=7406"}],"curies":[{"name":"wp","href":"https:\/\/api.w.org\/{rel}","templated":true}]}}