{"id":7515,"date":"2013-10-11T07:00:28","date_gmt":"2013-10-11T12:00:28","guid":{"rendered":"https:\/\/cimbcc.org\/test2\/?p=7515"},"modified":"2023-10-16T22:16:51","modified_gmt":"2023-10-17T02:16:51","slug":"articles-du-web-octobre-2013","status":"publish","type":"post","link":"https:\/\/cimbcc.org\/test2\/articles-du-web-octobre-2013\/","title":{"rendered":"L\u2019ACTS prend des mesures contre la revente d\u2019appareils vol\u00e9s"},"content":{"rendered":"<figure id=\"attachment_25229\" aria-describedby=\"caption-attachment-25229\" style=\"width: 125px\" class=\"wp-caption aligncenter\"><img loading=\"lazy\" decoding=\"async\" class=\"size-full wp-image-25229\" src=\"https:\/\/cimbcc.org\/test2\/wp-content\/uploads\/photo_jacquet_jean_philippe.jpg\" alt=\"\" width=\"125\" height=\"125\" \/><figcaption id=\"caption-attachment-25229\" class=\"wp-caption-text\"><span style=\"color: #ffffff;\">n<\/span>Jean-Philippe Jacquet<\/figcaption><\/figure>\n<p style=\"text-align: justify;\">Certains de vos proches ou amis vous ont-ils d\u00e9j\u00e0 fait part de la perte ou du vol de leur t\u00e9l\u00e9phone sans fil? C\u2019est une chose qui arrive.<\/p>\n<p><!--more--><\/p>\n<p style=\"text-align: justify;\">Peut-\u00eatre aussi avez-vous d\u00e9j\u00e0 \u00e9t\u00e9 tent\u00e9 d&rsquo;acheter un t\u00e9l\u00e9phone sans fil usag\u00e9? \u00c0\u00a0cet effet, l\u2019Association canadienne des t\u00e9l\u00e9communications sans fil (ACTS) a mis en place un plan d&rsquo;action pour aider les forces de l\u2019ordre dans leurs efforts pour contrer les vols d\u2019appareils sans fil et rendre la revente de t\u00e9l\u00e9phones intelligents de seconde main moins attrayante pour les criminels.<\/p>\n<p style=\"text-align: justify;\">Benjamin J\u00e9brak, journaliste pour le magazine Direction informatique, traitait de ce sujet dans son article en date du 1<sup>er<\/sup>\u00a0octobre 2013 que je vous invite \u00e0 consulter en cliquant sur le lien suivant\u00a0:<br \/>\n<a href=\"http:\/\/www.directioninformatique.com\/lacts-prend-des-mesures-contre-la-revente-dappareils-voles\/22069\" target=\"_blank\" rel=\"noopener\">http:\/\/www.directioninformatique.com\/lacts-prend-des-mesures-contre-la-revente-dappareils-voles\/22069<\/a><\/p>\n<p style=\"text-align: justify;\">De plus, vous y trouverez un lien pour consulter le site Internet de l\u2019ACTS qui vous propose un outil et diff\u00e9rentes fa\u00e7ons de prot\u00e9ger vos donn\u00e9es personnelles ainsi que des vid\u00e9os.<\/p>\n<p style=\"text-align: justify;\">Bonne lecture.<\/p>\n<p>Jean-Philippe Jacquet<\/p>\n","protected":false},"excerpt":{"rendered":"<p>Certains de vos proches ou amis vous ont-ils d\u00e9j\u00e0 fait part de la perte ou du vol de leur t\u00e9l\u00e9phone sans fil? C\u2019est une chose qui arrive.<\/p>\n","protected":false},"author":43,"featured_media":0,"comment_status":"open","ping_status":"closed","sticky":false,"template":"","format":"standard","meta":{"footnotes":""},"categories":[9],"tags":[250,95,104,345,344],"class_list":["post-7515","post","type-post","status-publish","format-standard","hentry","category-direction-informatique-toms-hardware","tag-association-canadienne-des-telecommunications-sans-fil","tag-fraude","tag-telephone-intelligent","tag-telephone-usage","tag-vol"],"_links":{"self":[{"href":"https:\/\/cimbcc.org\/test2\/wp-json\/wp\/v2\/posts\/7515","targetHints":{"allow":["GET"]}}],"collection":[{"href":"https:\/\/cimbcc.org\/test2\/wp-json\/wp\/v2\/posts"}],"about":[{"href":"https:\/\/cimbcc.org\/test2\/wp-json\/wp\/v2\/types\/post"}],"author":[{"embeddable":true,"href":"https:\/\/cimbcc.org\/test2\/wp-json\/wp\/v2\/users\/43"}],"replies":[{"embeddable":true,"href":"https:\/\/cimbcc.org\/test2\/wp-json\/wp\/v2\/comments?post=7515"}],"version-history":[{"count":14,"href":"https:\/\/cimbcc.org\/test2\/wp-json\/wp\/v2\/posts\/7515\/revisions"}],"predecessor-version":[{"id":25579,"href":"https:\/\/cimbcc.org\/test2\/wp-json\/wp\/v2\/posts\/7515\/revisions\/25579"}],"wp:attachment":[{"href":"https:\/\/cimbcc.org\/test2\/wp-json\/wp\/v2\/media?parent=7515"}],"wp:term":[{"taxonomy":"category","embeddable":true,"href":"https:\/\/cimbcc.org\/test2\/wp-json\/wp\/v2\/categories?post=7515"},{"taxonomy":"post_tag","embeddable":true,"href":"https:\/\/cimbcc.org\/test2\/wp-json\/wp\/v2\/tags?post=7515"}],"curies":[{"name":"wp","href":"https:\/\/api.w.org\/{rel}","templated":true}]}}