{"id":7605,"date":"2013-10-23T07:00:10","date_gmt":"2013-10-23T12:00:10","guid":{"rendered":"https:\/\/cimbcc.org\/test2\/?p=7605"},"modified":"2023-10-16T22:16:51","modified_gmt":"2023-10-17T02:16:51","slug":"echos-du-conseil-dadministration-octobre-2013","status":"publish","type":"post","link":"https:\/\/cimbcc.org\/test2\/echos-du-conseil-dadministration-octobre-2013\/","title":{"rendered":"\u00c9chos du conseil d&rsquo;administration &#8211; 1er octobre 2013"},"content":{"rendered":"<p style=\"text-align: justify;\" align=\"center\"><a style=\"font-weight: bold; background-color: #f1f1f1; font-size: 12px;\" href=\"https:\/\/cimbcc.org\/test2\/wp-content\/uploads\/Photo-CA-2013-2014.jpg\"><img loading=\"lazy\" decoding=\"async\" class=\"size-full wp-image-6374 aligncenter\" src=\"https:\/\/cimbcc.org\/test2\/wp-content\/uploads\/Photo-CA-2013-2014.jpg\" alt=\"Le conseil d\u2019administration est compos\u00e9 de Walter Pearce, R\u00e9jean C\u00f4t\u00e9, Sylvie Mazur, R\u00e9jean Daigle, Denis Dulude, Jacques Lalibert\u00e9, Danielle Charest Bourque, Michel Gagn\u00e9, Charles E. Blier, Andr\u00e9 Charest et Marie-Jos\u00e9 B\u00e2cle. Absent lors de la prise de photo : Yvon Gaudreau (en vignette).\" width=\"450\" height=\"140\" srcset=\"https:\/\/cimbcc.org\/test2\/wp-content\/uploads\/Photo-CA-2013-2014.jpg 450w, https:\/\/cimbcc.org\/test2\/wp-content\/uploads\/Photo-CA-2013-2014-300x93.jpg 300w\" sizes=\"auto, (max-width: 450px) 100vw, 450px\" \/><\/a><span style=\"text-align: justify;\"><span style=\"font-size: small;\">Conseil d\u2019administration, de gauche \u00e0 droite\u00a0: Walter\u00a0Pearce, R\u00e9jean C\u00f4t\u00e9, Sylvie Mazur, \u00a0R\u00e9jean Daigle, Denis Dulude, Jacques Lalibert\u00e9, Danielle\u00a0Charest Bourque, Michel Gagn\u00e9, Charles E. Blier,\u00a0<\/span><\/span><span style=\"text-align: justify;\"><span style=\"font-size: small;\">Andr\u00e9 Charest, Marie-Jos\u00e9 B\u00e2cle et Yvon Gaudreau (en vignette).<\/span><\/span><\/p>\n<p style=\"text-align: justify;\" align=\"center\"><span style=\"text-align: justify;\">R\u00e9uni le 1<\/span><sup style=\"text-align: justify;\">er<\/sup><span style=\"text-align: justify;\">\u00a0octobre 2013, le conseil d\u2019administration du club a pris connaissance des r\u00e9sultats de la campagne de recrutement de cette ann\u00e9e dont le point culminant a s\u00fbrement \u00e9t\u00e9 la <\/span><i style=\"text-align: justify;\">Journ\u00e9e d\u2019information et d\u2019inscription<\/i><span style=\"text-align: justify;\"> du 4\u00a0septembre dernier. <\/span><\/p>\n<p style=\"text-align: left;\" align=\"center\"><!--more--><\/p>\n<p style=\"text-align: justify;\" align=\"center\"><span style=\"text-align: justify;\">Celle-ci a attir\u00e9 271\u00a0personnes, membres et visiteurs, et 227\u00a0personnes en ont profit\u00e9 pour devenir membres une premi\u00e8re\u00a0fois ou pour renouveler leur inscription. Le conseil a soulign\u00e9 le magnifique travail de planification et de coordination r\u00e9alis\u00e9 par Danielle\u00a0Bourque et il a salu\u00e9 la contribution des b\u00e9n\u00e9voles au succ\u00e8s de cette journ\u00e9e. Fin septembre, le club comptait 515\u00a0membres en r\u00e8gle, dont 114\u00a0nouveaux membres.<\/span><\/p>\n<p style=\"text-align: justify;\">Andr\u00e9\u00a0Charest a fait le point sur l\u2019inscription aux ateliers qui a d\u00e9but\u00e9 le 4\u00a0septembre et s\u2019est poursuivie lors des s\u00e9ances de pr\u00e9sentations. Environ 285\u00a0personnes se sont inscrites aux ateliers. Onze de ces ateliers ont d\u00e9but\u00e9 r\u00e9cemment ou d\u00e9buteront sous peu. Trois\u00a0ateliers sont pr\u00e9vus pour l\u2019hiver prochain\u00a0: Windows\u00a08, le traitement de photos et la d\u00e9claration de revenus. Les ateliers les plus populaires sont ceux sur Facebook, sur les tablettes \u00e9lectroniques et sur le traitement de photos. Il reste \u00e0 trouver un animateur pour l\u2019atelier sur la tablette sous syst\u00e8me Android.<\/p>\n<p style=\"text-align: justify;\">Comme \u00e0 chaque r\u00e9union, le conseil a pass\u00e9 en revue la liste des b\u00e9n\u00e9voles recrut\u00e9s derni\u00e8rement. C\u2019est le cas de France\u00a0Massicotte qui s\u2019est jointe \u00e0 l\u2019\u00e9quipe des communications. L\u2019\u00e9quipe de l\u2019accueil des s\u00e9ances de pr\u00e9sentations s\u2019est quant \u00e0 elle enrichie de Pierrette\u00a0Pontbriand et de Fatima\u00a0Harakeh. Comme il y a encore des besoins \u00e0 combler, Andr\u00e9\u00a0Charest a sugg\u00e9r\u00e9 d\u2019inscrire la liste des b\u00e9n\u00e9voles recherch\u00e9s sur la page du site Internet consacr\u00e9e aux b\u00e9n\u00e9voles.<\/p>\n<p style=\"text-align: justify;\">En tant que b\u00e9n\u00e9vole responsable des communications, Raymonde\u00a0Lemay \u00e9tait invit\u00e9e \u00e0 cette r\u00e9union pour dresser son bilan\u00a02012-2013 et pr\u00e9senter les orientations de cette activit\u00e9 qui a pour objectif d\u2019informer les membres et le public sur les activit\u00e9s du club. Elle \u00e9tait accompagn\u00e9e de France\u00a0Massicotte. Elles forment l\u2019\u00e9quipe des communications avec Francine\u00a0Desrosiers qui sera moins active, mais encore pr\u00e9sente pour d\u00e9panner. L\u2019\u00e9quipe est parrain\u00e9e par Charles E.\u00a0Blier. Les activit\u00e9s principales de cette \u00e9quipe se composent du message envoy\u00e9 chaque dimanche \u00e0 tous les membres, des communiqu\u00e9s hebdomadaires transmis aux journaux locaux pour annoncer les activit\u00e9s de la semaine suivante et d\u2019un communiqu\u00e9 mensuel pour publication dans le cadre de la chronique des organismes. Enfin, chaque ann\u00e9e, une publicit\u00e9 pay\u00e9e annonce la <i>Journ\u00e9e d\u2019information et d\u2019inscription<\/i>. Le conseil d\u2019administration s\u2019est montr\u00e9 tr\u00e8s satisfait du travail accompli et invite l\u2019\u00e9quipe \u00e0 poursuivre dans le m\u00eame sens. Par ailleurs, il a accept\u00e9 la proposition de retirer les num\u00e9ros de t\u00e9l\u00e9phone des responsables des divers communiqu\u00e9s, mais d\u2019y laisser l\u2019adresse du site Internet du club. Toute l\u2019information pertinente est en effet disponible sur le site Internet.<\/p>\n<p style=\"text-align: justify;\">Le conseil a ensuite fait le point sur l\u2019assistance par courriel dont Jacques\u00a0Lalibert\u00e9 est responsable. Celui-ci a lanc\u00e9 ce service en 2007. En six\u00a0ans et demi, une r\u00e9ponse a \u00e9t\u00e9 fournie \u00e0 1\u00a0815\u00a0demandes. Depuis janvier\u00a0dernier, 311\u00a0demandes ont d\u00e9j\u00e0 \u00e9t\u00e9 re\u00e7ues alors que la moyenne des ann\u00e9es pr\u00e9c\u00e9dentes \u00e9tait d\u2019environ 300\u00a0demandes par an. R\u00e9cemment, R\u00e9jean\u00a0Daigle s\u2019est joint \u00e0 l\u2019\u00e9quipe de ce service qui compte dix\u00a0personnes dont cinq sont plus actifs. Jacques\u00a0Lalibert\u00e9 a pr\u00e9cis\u00e9 que toutes les r\u00e9ponses se font par courriel et non par t\u00e9l\u00e9phone. Le conseil a adopt\u00e9 sa proposition de maintenir cet excellent service tel qu\u2019il existe.<\/p>\n<p style=\"text-align: justify;\">Jacques\u00a0Lalibert\u00e9, qui participe aussi au service de r\u00e9cup\u00e9ration, a inform\u00e9 le conseil des r\u00e9sultats de l\u2019encan tenu \u00e0 la Maison des Jeunes en septembre. Cet encan a attir\u00e9 40\u00a0personnes et a permis d\u2019amasser 630\u00a0$ par la vente de douze\u00a0ordinateurs et de sept\u00a0\u00e9crans. Le service disposait encore de 60\u00a0ordinateurs recycl\u00e9s et pr\u00eats \u00e0 \u00eatre utilis\u00e9s. Depuis le d\u00e9but de l\u2019ann\u00e9e, ce service a trait\u00e9 plus de 73\u00a0tonnes de mat\u00e9riel, a vers\u00e9 1\u00a0960\u00a0$ \u00e0 des organismes communautaires et a donn\u00e9 quatre\u00a0ordinateurs \u00e0 une \u00e9glise de Saint-Hubert. Le plus gros probl\u00e8me du service est le manque d\u2019espace.<\/p>\n<p style=\"text-align: justify;\">La s\u00e9ance du conseil s\u2019est termin\u00e9e sur une triste nouvelle. En effet, Andr\u00e9\u00a0Charest a confirm\u00e9 que sa d\u00e9mission du conseil d\u2019administration prenait effet d\u00e8s la fin de la r\u00e9union. Des raisons personnelles ont justifi\u00e9 cette d\u00e9cision d\u2019Andr\u00e9. Sa d\u00e9mission s\u2019applique aussi \u00e0 ses autres engagements au club, sauf aux pr\u00e9sentations qu\u2019il a pr\u00e9vues cette ann\u00e9e. Entre autres, les ateliers n\u2019ont plus de responsable et il est urgent de rem\u00e9dier \u00e0 cette situation. Tous les membres du conseil \u00e9taient d\u00e9sol\u00e9s du d\u00e9part d\u2019Andr\u00e9 et ils lui ont manifest\u00e9 leur estime et leur reconnaissance pour son importante contribution au club. <i>Merci Andr\u00e9!<\/i><\/p>\n<p><i><\/i>Sylvie Mazur<br \/>\nSecr\u00e9taire du CIMBCC<\/p>\n","protected":false},"excerpt":{"rendered":"<p>Conseil d\u2019administration, de gauche \u00e0 droite\u00a0: Walter\u00a0Pearce, R\u00e9jean C\u00f4t\u00e9, Sylvie Mazur, \u00a0R\u00e9jean Daigle, Denis Dulude, Jacques Lalibert\u00e9, Danielle\u00a0Charest Bourque, Michel Gagn\u00e9, Charles E. Blier,\u00a0Andr\u00e9 Charest, Marie-Jos\u00e9 B\u00e2cle et Yvon Gaudreau (en vignette). R\u00e9uni le 1er\u00a0octobre 2013, le conseil d\u2019administration du club a pris connaissance des r\u00e9sultats de la campagne de recrutement de cette ann\u00e9e dont &hellip; <a href=\"https:\/\/cimbcc.org\/test2\/echos-du-conseil-dadministration-octobre-2013\/\" class=\"more-link\">Continuer la lecture de <span class=\"screen-reader-text\">\u00c9chos du conseil d&rsquo;administration &#8211; 1er octobre 2013<\/span>  <span class=\"meta-nav\">&rarr;<\/span><\/a><\/p>\n","protected":false},"author":43,"featured_media":0,"comment_status":"open","ping_status":"closed","sticky":false,"template":"","format":"standard","meta":{"footnotes":""},"categories":[386],"tags":[],"class_list":["post-7605","post","type-post","status-publish","format-standard","hentry","category-echos-du-conseil-dadministration"],"_links":{"self":[{"href":"https:\/\/cimbcc.org\/test2\/wp-json\/wp\/v2\/posts\/7605","targetHints":{"allow":["GET"]}}],"collection":[{"href":"https:\/\/cimbcc.org\/test2\/wp-json\/wp\/v2\/posts"}],"about":[{"href":"https:\/\/cimbcc.org\/test2\/wp-json\/wp\/v2\/types\/post"}],"author":[{"embeddable":true,"href":"https:\/\/cimbcc.org\/test2\/wp-json\/wp\/v2\/users\/43"}],"replies":[{"embeddable":true,"href":"https:\/\/cimbcc.org\/test2\/wp-json\/wp\/v2\/comments?post=7605"}],"version-history":[{"count":17,"href":"https:\/\/cimbcc.org\/test2\/wp-json\/wp\/v2\/posts\/7605\/revisions"}],"predecessor-version":[{"id":25572,"href":"https:\/\/cimbcc.org\/test2\/wp-json\/wp\/v2\/posts\/7605\/revisions\/25572"}],"wp:attachment":[{"href":"https:\/\/cimbcc.org\/test2\/wp-json\/wp\/v2\/media?parent=7605"}],"wp:term":[{"taxonomy":"category","embeddable":true,"href":"https:\/\/cimbcc.org\/test2\/wp-json\/wp\/v2\/categories?post=7605"},{"taxonomy":"post_tag","embeddable":true,"href":"https:\/\/cimbcc.org\/test2\/wp-json\/wp\/v2\/tags?post=7605"}],"curies":[{"name":"wp","href":"https:\/\/api.w.org\/{rel}","templated":true}]}}