{"id":7729,"date":"2013-11-04T07:00:36","date_gmt":"2013-11-04T12:00:36","guid":{"rendered":"https:\/\/cimbcc.org\/test2\/?p=7729"},"modified":"2023-10-16T22:16:51","modified_gmt":"2023-10-17T02:16:51","slug":"mot-du-president-novembre-2013","status":"publish","type":"post","link":"https:\/\/cimbcc.org\/test2\/mot-du-president-novembre-2013\/","title":{"rendered":"Le mot du pr\u00e9sident &#8211; novembre 2013"},"content":{"rendered":"<figure id=\"attachment_23836\" aria-describedby=\"caption-attachment-23836\" style=\"width: 125px\" class=\"wp-caption aligncenter\"><img loading=\"lazy\" decoding=\"async\" class=\"size-full wp-image-23836\" src=\"https:\/\/cimbcc.org\/test2\/wp-content\/uploads\/photo_cote_rejean.jpg\" alt=\"\" width=\"125\" height=\"125\" \/><figcaption id=\"caption-attachment-23836\" class=\"wp-caption-text\"><span style=\"color: #ffffff;\">mmm<\/span> R\u00e9jean C\u00f4t\u00e9<\/figcaption><\/figure>\n<p style=\"text-align: justify;\">Les s\u00e9ances de pr\u00e9sentations de septembre\u00a02013 \u00e0 aujourd&rsquo;hui ont battu des records de participation. C\u2019est tr\u00e8s encourageant pour un d\u00e9but de session d\u2019automne.<\/p>\n<p><!--more--><\/p>\n<p style=\"text-align: justify;\">Il semble y avoir eu un grand int\u00e9r\u00eat de la part des membres pour le nouveau syst\u00e8me d\u2019exploitation Windows\u00a08. D\u2019une part, 228\u00a0personnes ont assist\u00e9 \u00e0 nos deux\u00a0pr\u00e9sentations de cet automne et, d\u2019autre part, plusieurs membres du club ont d\u00e9j\u00e0 migr\u00e9 vers Windows\u00a08 et plusieurs autres pensent acheter, dans un proche avenir, un ordinateur \u00e9quip\u00e9 de ce nouveau syst\u00e8me qui est tr\u00e8s diff\u00e9rent des autres syst\u00e8mes de Microsoft (XP, Vista, Windows\u00a07). Windows\u00a08 nous sort d\u2019ailleurs de notre zone de confort habituelle et l\u2019on cherche \u00e0 mieux le comprendre.<\/p>\n<p style=\"text-align: justify;\">Le dernier syst\u00e8me d\u2019exploitation de Microsoft, Windows\u00a08, a \u00e9t\u00e9 mis en vente en octobre\u00a02012 et la mise \u00e0 jour Windows\u00a08.1 est arriv\u00e9e sur le march\u00e9 le 18\u00a0octobre dernier. Cette mise \u00e0 jour est assez volumineuse et il faut de deux \u00e0 cinq\u00a0heures pour la t\u00e9l\u00e9charger selon l\u2019importance du trafic Internet.<\/p>\n<p style=\"text-align: justify;\">Windows\u00a08 a suscit\u00e9 de nombreuses critiques auxquelles Microsoft esp\u00e8re avoir r\u00e9pondu avec cette mise \u00e0 jour.\u00a0 Entre autres, la disparition du bouton <i>D\u00e9marrer<\/i> avait \u00e9t\u00e9 largement critiqu\u00e9e, mais Microsoft n\u2019a pas c\u00e9d\u00e9 aux pressions et n\u2019a pas r\u00e9introduit ce bouton dans sa mise \u00e0 jour Windows\u00a08.1. Un bouton pour l\u2019arr\u00eat de l\u2019ordinateur n\u2019a \u00e9galement pas \u00e9t\u00e9 ajout\u00e9, car Windows 8.1 propose plut\u00f4t un autre moyen pour arr\u00eater l\u2019ordinateur (en fait, il y a deux autres\u00a0moyens pour arr\u00eater l\u2019ordinateur). Ainsi, pour proc\u00e9der \u00e0 l\u2019arr\u00eat de l\u2019ordinateur avec Windows 8.1, il faut placer le curseur sur le drapeau Windows dans le coin inf\u00e9rieur gauche de l\u2019\u00e9cran, cliquer de la droite sur ce drapeau, puis pointer sur <i>Arr\u00eater<\/i> ou <i>Se d\u00e9connecter<\/i> en bas du menu qui appara\u00eet et, enfin, cliquer sur une des quatre\u00a0options propos\u00e9es.<\/p>\n<p style=\"text-align: justify;\">Quelques nouveaut\u00e9s de Windows 8.1\u00a0:<\/p>\n<ul style=\"text-align: justify;\">\n<li>choix offert\u00a0: commencer sa s\u00e9ance directement sur le BUREAU plut\u00f4t qu\u2019avec l\u2019\u00e9cran d\u2019ACCUEIL;<\/li>\n<li>Internet Explorer\u00a011 (cette version sera aussi disponible bient\u00f4t pour Windows\u00a07);<\/li>\n<li>choix de quatre\u00a0tailles pour les vignettes de l\u2019\u00e9cran d\u2019ACCUEIL;<\/li>\n<li>possibilit\u00e9 de cr\u00e9er un diaporama sur l\u2019\u00e9cran de verrouillage;<\/li>\n<li>mot de passe biom\u00e9trique avec empreinte digitale;<\/li>\n<li>acc\u00e9der aux applications en cliquant sur la petite fl\u00e8che en bas, \u00e0 gauche de l\u2019\u00e9cran d\u2019ACCUEIL;<\/li>\n<li>quatre\u00a0choix pour classer les applications.<\/li>\n<\/ul>\n<p style=\"text-align: justify;\">Une des fa\u00e7ons pour obtenir cette nouvelle mise \u00e0 jour Windows\u00a08.1 est de cliquer sur la vignette Windows Store \u00e0 l\u2019Accueil et elle vous sera alors propos\u00e9e. Comme toute mise \u00e0 jour importante, il est souvent conseill\u00e9 d\u2019attendre quelques\u00a0semaines ou mois avant de la t\u00e9l\u00e9charger, car il y a souvent des bogues \u00e0 corriger et cela prendra peut-\u00eatre plusieurs\u00a0mois avant que cette mise \u00e0 jour importante soit bien \u00e0 point.<\/p>\n<p style=\"text-align: justify;\">Pour avoir plus d\u2019informations sur Windows\u00a08.1, cliquer sur les liens suivants\u00a0:<\/p>\n<p style=\"text-align: justify;\"><a href=\"http:\/\/windows.microsoft.com\/fr-ca\/windows-8\/update-from-windows-8-tutorial\" target=\"_blank\" rel=\"noopener\"><b>http:\/\/windows.microsoft.com\/fr-ca\/windows-8\/update-from-windows-8-tutorial<\/b><\/a><\/p>\n<p style=\"text-align: justify;\"><a href=\"http:\/\/www.commentcamarche.net\/faq\/36803-windows-8-1-mise-a-jour-effective\" target=\"_blank\" rel=\"noopener\"><b><\/b><b>http:\/\/www.commentcamarche.net\/faq\/36803-windows-8-1-mise-a-jour-effective<\/b><\/a><\/p>\n<p style=\"text-align: justify;\"><a href=\"http:\/\/www.zdnet.fr\/actualites\/windows-81-peut-il-convertir-les-sceptiques-39794884.htm\" target=\"_blank\" rel=\"noopener\"><b>http:\/\/www.zdnet.fr\/actualites\/windows-81-peut-il-convertir-les-sceptiques-39794884.htm<\/b><\/a><\/p>\n<p style=\"text-align: justify;\">R\u00e9jean C\u00f4t\u00e9, pr\u00e9sident<\/p>\n","protected":false},"excerpt":{"rendered":"<p>Les s\u00e9ances de pr\u00e9sentations de septembre\u00a02013 \u00e0 aujourd&rsquo;hui ont battu des records de participation. C\u2019est tr\u00e8s encourageant pour un d\u00e9but de session d\u2019automne.<\/p>\n","protected":false},"author":43,"featured_media":0,"comment_status":"open","ping_status":"closed","sticky":false,"template":"","format":"standard","meta":{"footnotes":""},"categories":[11],"tags":[118,133,119,220,208],"class_list":["post-7729","post","type-post","status-publish","format-standard","hentry","category-mots-du-president","tag-windows-7","tag-windows-8","tag-windows-8-1","tag-windows-vista","tag-windows-xp"],"_links":{"self":[{"href":"https:\/\/cimbcc.org\/test2\/wp-json\/wp\/v2\/posts\/7729","targetHints":{"allow":["GET"]}}],"collection":[{"href":"https:\/\/cimbcc.org\/test2\/wp-json\/wp\/v2\/posts"}],"about":[{"href":"https:\/\/cimbcc.org\/test2\/wp-json\/wp\/v2\/types\/post"}],"author":[{"embeddable":true,"href":"https:\/\/cimbcc.org\/test2\/wp-json\/wp\/v2\/users\/43"}],"replies":[{"embeddable":true,"href":"https:\/\/cimbcc.org\/test2\/wp-json\/wp\/v2\/comments?post=7729"}],"version-history":[{"count":22,"href":"https:\/\/cimbcc.org\/test2\/wp-json\/wp\/v2\/posts\/7729\/revisions"}],"predecessor-version":[{"id":25568,"href":"https:\/\/cimbcc.org\/test2\/wp-json\/wp\/v2\/posts\/7729\/revisions\/25568"}],"wp:attachment":[{"href":"https:\/\/cimbcc.org\/test2\/wp-json\/wp\/v2\/media?parent=7729"}],"wp:term":[{"taxonomy":"category","embeddable":true,"href":"https:\/\/cimbcc.org\/test2\/wp-json\/wp\/v2\/categories?post=7729"},{"taxonomy":"post_tag","embeddable":true,"href":"https:\/\/cimbcc.org\/test2\/wp-json\/wp\/v2\/tags?post=7729"}],"curies":[{"name":"wp","href":"https:\/\/api.w.org\/{rel}","templated":true}]}}