{"id":7801,"date":"2013-11-20T07:00:35","date_gmt":"2013-11-20T12:00:35","guid":{"rendered":"https:\/\/cimbcc.org\/test2\/?p=7801"},"modified":"2023-10-16T22:16:51","modified_gmt":"2023-10-17T02:16:51","slug":"site-coup-de-coeur-novembre-2013","status":"publish","type":"post","link":"https:\/\/cimbcc.org\/test2\/site-coup-de-coeur-novembre-2013\/","title":{"rendered":"La Presse+"},"content":{"rendered":"<figure id=\"attachment_24079\" aria-describedby=\"caption-attachment-24079\" style=\"width: 125px\" class=\"wp-caption aligncenter\"><img loading=\"lazy\" decoding=\"async\" class=\"size-full wp-image-24079\" src=\"https:\/\/cimbcc.org\/test2\/wp-content\/uploads\/photo_bujold_robert.jpg\" alt=\"\" width=\"125\" height=\"125\" \/><figcaption id=\"caption-attachment-24079\" class=\"wp-caption-text\"><span style=\"color: #ffffff;\">mmm<\/span>Robert Bujold<\/figcaption><\/figure>\n<h4 style=\"text-align: left;\" align=\"center\">Mon coup de c\u0153ur &#8211; La Presse+<\/h4>\n<p style=\"text-align: left;\" align=\"center\"><a href=\"https:\/\/cimbcc.org\/test2\/wp-content\/uploads\/Image1-CoupCoeur-RBujold-2013-11-20.png\"><img loading=\"lazy\" decoding=\"async\" class=\"alignleft wp-image-7792\" src=\"https:\/\/cimbcc.org\/test2\/wp-content\/uploads\/Image1-CoupCoeur-RBujold-2013-11-20.png\" alt=\"Image1-CoupCoeur-RBujold-2013-11-20\" width=\"119\" height=\"79\" srcset=\"https:\/\/cimbcc.org\/test2\/wp-content\/uploads\/Image1-CoupCoeur-RBujold-2013-11-20.png 132w, https:\/\/cimbcc.org\/test2\/wp-content\/uploads\/Image1-CoupCoeur-RBujold-2013-11-20-120x80.png 120w\" sizes=\"auto, (max-width: 119px) 100vw, 119px\" \/><\/a><\/p>\n<p style=\"text-align: justify;\" align=\"center\">Je suis tr\u00e8s heureux de proposer\u00a0<i>La Presse+<\/i>, une \u00e9dition num\u00e9rique novatrice qui red\u00e9finit la fa\u00e7on de s&rsquo;informer et qui offre l&rsquo;exp\u00e9rience d&rsquo;information la plus compl\u00e8te jamais offerte par la plus grande salle de nouvelles au Qu\u00e9bec.<\/p>\n<p style=\"text-align: justify;\" align=\"center\"><!--more--><\/p>\n<p style=\"text-align: justify;\"><b><\/b><strong>Le 20\u00a0mars 2013, <i>La Presse<\/i> a lanc\u00e9 sa toute nouvelle \u00e9dition pour tablette num\u00e9rique.<\/strong> Cette nouvelle application permet aux utilisateurs de consulter <strong>une \u00e9dition num\u00e9rique quotidienne<\/strong> proposant l\u2019exp\u00e9rience d\u2019information la plus compl\u00e8te jamais offerte par la plus grande salle de nouvelles au Qu\u00e9bec.<\/p>\n<p style=\"text-align: justify;\"><b><i>La Presse<\/i><\/b><strong><i>+<\/i><i>\u00a0<\/i><\/strong>permet aux utilisateurs d\u2019iPad de d\u00e9couvrir et d\u2019approfondir l\u2019actualit\u00e9 tout au long de la journ\u00e9e. C\u2019est un nouveau m\u00e9dia qui exploite pleinement le potentiel de la <strong>tablette num\u00e9rique (iPad)<\/strong> tout en am\u00e9liorant la qualit\u00e9 et la profondeur qui d\u00e9finissent <strong><i>La Presse<\/i><\/strong>. On y trouve les textes de chroniqueurs et d\u2019\u00e9ditorialistes. Toutes les sections r\u00e9dactionnelles sont en versions enrichies et approfondies pour une navigation conviviale et non intrusive. \u00a0On y retrouve aussi des contenus exclusifs \u00e0 <strong><i>La Presse+<\/i><\/strong><i>.<\/i><\/p>\n<p style=\"text-align: justify;\">La plus r\u00e9cente version de l\u2019<strong>application <i>La Presse+<\/i> est actuellement cot\u00e9e cinq\u00a0\u00e9toiles<\/strong> <strong>(sur cinq) par les utilisateurs<\/strong>, la meilleure cote de toutes les applications de nouvelles au Qu\u00e9bec. Aussi, <strong><i>La Presse+<\/i> vient de se distinguer parmi les 60\u00a0meilleures applications pour les tablettes \u00e9lectroniques dans le monde au concours <i>Tabby Awards<\/i>.<\/strong> Elle est maintenant parmi les trois\u00a0finalistes dans la cat\u00e9gorie <i>Nouvelles<\/i>.<\/p>\n<p style=\"text-align: justify;\">En tant que lecteur de <i>La Presse+<\/i>, j\u2019appr\u00e9cie son contenu pertinent et complet ainsi que sa navigation facile et agr\u00e9able. Chaque jour, <i>La Presse+<\/i> me s\u00e9duit par son avant-gardisme et la grande qualit\u00e9 visuelle de sa pr\u00e9sentation.<\/p>\n<p style=\"text-align: justify;\"><b>Je vous invite \u00e0 faire un tour guid\u00e9<\/b> en allant d\u00e9couvrir une toute nouvelle exp\u00e9rience d&rsquo;information qui met en valeur la profondeur de contenus gr\u00e2ce \u00e0 des images interactives, des vid\u00e9os et des galeries de photos. <b><i>La\u00a0Presse+<\/i><\/b> red\u00e9finit votre fa\u00e7on de vous informer. <b>Ce lien vous convaincra\u00a0<\/b>:<br \/>\n<a href=\"http:\/\/plus.lapresse.ca\/tourguide.html\">http:\/\/plus.lapresse.ca\/tourguide.html<\/a><\/p>\n<p style=\"text-align: justify;\">En terminant, l\u2019\u00e9dition num\u00e9rique <b><i>La\u00a0Presse+<\/i><\/b> est gratuite pour le iPad et <b>l\u2019application<\/b> <b><i>La Presse+<\/i><\/b> (aussi gratuite) est disponible dans l\u2019<b><i>App\u00a0Store<\/i><\/b>. Pour l\u2019obtenir, ouvrez l&rsquo;application <b><i>Kiosque<\/i><\/b> de votre iPad, puis <b><i>Store <\/i><\/b><i>et <\/i>recherchez <b><i>La Presse+<\/i><\/b> et appuyez sur le bouton <b><i>Installer<\/i><\/b>.<\/p>\n<p style=\"text-align: left;\">Bonne lecture!<\/p>\n<p style=\"text-align: left;\">Robert Bujold<\/p>\n","protected":false},"excerpt":{"rendered":"<p>Mon coup de c\u0153ur &#8211; La Presse+ Je suis tr\u00e8s heureux de proposer\u00a0La Presse+, une \u00e9dition num\u00e9rique novatrice qui red\u00e9finit la fa\u00e7on de s&rsquo;informer et qui offre l&rsquo;exp\u00e9rience d&rsquo;information la plus compl\u00e8te jamais offerte par la plus grande salle de nouvelles au Qu\u00e9bec.<\/p>\n","protected":false},"author":43,"featured_media":0,"comment_status":"open","ping_status":"closed","sticky":false,"template":"","format":"standard","meta":{"footnotes":""},"categories":[12],"tags":[90,147,105],"class_list":["post-7801","post","type-post","status-publish","format-standard","hentry","category-sites-coup-de-coeur","tag-coup-de-coeur","tag-la-presse","tag-tablette"],"_links":{"self":[{"href":"https:\/\/cimbcc.org\/test2\/wp-json\/wp\/v2\/posts\/7801","targetHints":{"allow":["GET"]}}],"collection":[{"href":"https:\/\/cimbcc.org\/test2\/wp-json\/wp\/v2\/posts"}],"about":[{"href":"https:\/\/cimbcc.org\/test2\/wp-json\/wp\/v2\/types\/post"}],"author":[{"embeddable":true,"href":"https:\/\/cimbcc.org\/test2\/wp-json\/wp\/v2\/users\/43"}],"replies":[{"embeddable":true,"href":"https:\/\/cimbcc.org\/test2\/wp-json\/wp\/v2\/comments?post=7801"}],"version-history":[{"count":17,"href":"https:\/\/cimbcc.org\/test2\/wp-json\/wp\/v2\/posts\/7801\/revisions"}],"predecessor-version":[{"id":26149,"href":"https:\/\/cimbcc.org\/test2\/wp-json\/wp\/v2\/posts\/7801\/revisions\/26149"}],"wp:attachment":[{"href":"https:\/\/cimbcc.org\/test2\/wp-json\/wp\/v2\/media?parent=7801"}],"wp:term":[{"taxonomy":"category","embeddable":true,"href":"https:\/\/cimbcc.org\/test2\/wp-json\/wp\/v2\/categories?post=7801"},{"taxonomy":"post_tag","embeddable":true,"href":"https:\/\/cimbcc.org\/test2\/wp-json\/wp\/v2\/tags?post=7801"}],"curies":[{"name":"wp","href":"https:\/\/api.w.org\/{rel}","templated":true}]}}