{"id":7826,"date":"2013-11-25T07:00:07","date_gmt":"2013-11-25T12:00:07","guid":{"rendered":"https:\/\/cimbcc.org\/test2\/?p=7826"},"modified":"2023-10-16T22:16:51","modified_gmt":"2023-10-17T02:16:51","slug":"echos-du-conseil-dadministration-novembre-2013","status":"publish","type":"post","link":"https:\/\/cimbcc.org\/test2\/echos-du-conseil-dadministration-novembre-2013\/","title":{"rendered":"\u00c9chos du conseil d&rsquo;administration \u2013 5 novembre 2013"},"content":{"rendered":"<p align=\"center\"><a style=\"font-weight: bold; background-color: #f1f1f1; font-size: 12px;\" href=\"https:\/\/cimbcc.org\/test2\/wp-content\/uploads\/Photo-CA-2013-2014.jpg\"><img loading=\"lazy\" decoding=\"async\" class=\"size-full wp-image-6374\" src=\"https:\/\/cimbcc.org\/test2\/wp-content\/uploads\/Photo-CA-2013-2014.jpg\" alt=\"Le conseil d\u2019administration est compos\u00e9 de Walter Pearce, R\u00e9jean C\u00f4t\u00e9, Sylvie Mazur, R\u00e9jean Daigle, Denis Dulude, Jacques Lalibert\u00e9, Danielle Charest Bourque, Michel Gagn\u00e9, Charles E. Blier, Andr\u00e9 Charest et Marie-Jos\u00e9 B\u00e2cle. Absent lors de la prise de photo : Yvon Gaudreau (en vignette).\" width=\"450\" height=\"140\" srcset=\"https:\/\/cimbcc.org\/test2\/wp-content\/uploads\/Photo-CA-2013-2014.jpg 450w, https:\/\/cimbcc.org\/test2\/wp-content\/uploads\/Photo-CA-2013-2014-300x93.jpg 300w\" sizes=\"auto, (max-width: 450px) 100vw, 450px\" \/><\/a><\/p>\n<address>Le conseil d\u2019administration est compos\u00e9 de Walter Pearce, R\u00e9jean C\u00f4t\u00e9, Sylvie Mazur, R\u00e9jean Daigle, Denis Dulude, Jacques Lalibert\u00e9, Danielle Charest Bourque, Michel Gagn\u00e9, Charles E. Blier, Andr\u00e9 Charest et Marie-Jos\u00e9 B\u00e2cle. Absent lors de la prise de photo : Yvon Gaudreau (en vignette).<\/address>\n<p style=\"text-align: justify;\" align=\"center\">\u00c0 sa derni\u00e8re r\u00e9union, le 5\u00a0novembre dernier, le conseil d\u2019administration a appris que Suzanne\u00a0Marte s\u2019est jointe \u00e0 l\u2019\u00e9quipe des instructeurs qui donnent des cours dans les biblioth\u00e8ques et que Mireille\u00a0de\u00a0Garie a accept\u00e9 d\u2019assurer les t\u00e2ches de secr\u00e9tariat n\u00e9cessaires pour le fonctionnement des ateliers. Merci Mesdames!<\/p>\n<p style=\"text-align: left;\" align=\"center\"><!--more--><\/p>\n<p style=\"text-align: justify;\" align=\"center\">Mais le club cherche encore des b\u00e9n\u00e9voles pour certaines activit\u00e9s. Les besoins \u00e0 combler seront inscrits dans la page <i>B\u00c9N\u00c9VOLES DEMAND\u00c9S<\/i> (<a href=\"https:\/\/cimbcc.org\/test2\/le-club-2\/benevoles-demandes\" target=\"_blank\" rel=\"noopener\">https:\/\/cimbcc.org\/test2\/le-club-2\/benevoles-demandes<\/a>) de notre site Internet. Cette page sera mise \u00e0 jour r\u00e9guli\u00e8rement et les membres pourront la consulter pour identifier les fonctions pour lesquelles ils pourraient offrir leurs services.<\/p>\n<p style=\"text-align: justify;\">En l\u2019absence d\u2019un responsable des ateliers, le conseil d\u2019administration a d\u00e9cid\u00e9 de scinder sa t\u00e2che en trois\u00a0fonctions\u00a0: la coordination, le secr\u00e9tariat et le soutien technique. Les deux derni\u00e8res\u00a0fonctions seront assur\u00e9es par Mireille\u00a0de\u00a0Garie et Yvon\u00a0Gaudreau. Quant aux t\u00e2ches de coordination, elles ont \u00e9t\u00e9 r\u00e9parties entre des membres du conseil d\u2019administration et Guy\u00a0B\u00e9langer. Ceci permettra la poursuite des ateliers commenc\u00e9s l\u2019automne\u00a0dernier ainsi que le d\u00e9marrage, au d\u00e9but de 2014, des ateliers sur <i>Facebook<\/i>, <i>Word pour d\u00e9butants<\/i>, <i>Windows\u00a08<\/i> et <i>Picasa<\/i>. Malheureusement, il ne sera pas possible d\u2019organiser les autres ateliers pr\u00e9vus pour l\u2019hiver\u00a0: <i>iPad<\/i>, <i>Instalfest Linux<\/i>, <i>Word pour d\u00e9butants<\/i> et <i>Tablette Android<\/i>. Trouver un responsable des ateliers est une priorit\u00e9 pour les administrateurs du club.<\/p>\n<p style=\"text-align: justify;\">R\u00e9jean\u00a0C\u00f4t\u00e9 a pr\u00e9sent\u00e9 le r\u00e9sultat des discussions du comit\u00e9 ex\u00e9cutif sur la reconnaissance des b\u00e9n\u00e9voles. D\u2019accord avec les conclusions de ce comit\u00e9, le conseil s\u2019est donn\u00e9 comme objectif de mieux t\u00e9moigner de notre reconnaissance aux b\u00e9n\u00e9voles du club. Pour atteindre cet objectif, un comit\u00e9 de travail a \u00e9t\u00e9 form\u00e9 sous la responsabilit\u00e9 de Jacques\u00a0Lalibert\u00e9. Son mandat est de proposer au conseil des moyens que le club pourrait adopter dans le but de manifester aux b\u00e9n\u00e9voles notre reconnaissance pour les services qu\u2019ils rendent aux membres.<\/p>\n<p style=\"text-align: justify;\">En tant que responsable des activit\u00e9s sociales, Walter\u00a0Pearce a rappel\u00e9 que, chaque ann\u00e9e, le club invite ses b\u00e9n\u00e9voles \u00e0 un brunch pour les remercier de leur implication. Cette ann\u00e9e, le brunch aura lieu au d\u00e9but de 2014 \u00e0 une date d\u00e9termin\u00e9e apr\u00e8s un sondage qui sera r\u00e9alis\u00e9 gr\u00e2ce \u00e0 l\u2019outil fourni par WordPress. Par ailleurs, le souper de No\u00ebl r\u00e9unira le 4\u00a0d\u00e9cembre tous ceux qui le d\u00e9sireront, membres ou non. Cet \u00e9v\u00e9nement sera l\u2019occasion de souligner le 30<sup>e<\/sup>\u00a0anniversaire du club. Entre autres, le club y d\u00e9signera un nouveau membre honoraire. La personne choisie a fait l\u2019objet d\u2019une r\u00e9solution adopt\u00e9e \u00e0 l\u2019unanimit\u00e9 par le conseil, sur la proposition d\u2019un groupe de travail r\u00e9uni autour de Walter\u00a0Pearce.<\/p>\n<p style=\"text-align: justify;\">Le conseil d\u2019administration a ensuite confirm\u00e9 le maintien des pratiques adopt\u00e9es pour la gestion des ordinateurs et des \u00e9quipements du club sous la responsabilit\u00e9 d\u2019Yvon\u00a0Gaudreau. Un inventaire de ces \u00e9quipements est fait au moins une fois par ann\u00e9e et il est corrig\u00e9 d\u00e8s que n\u00e9cessaire. Yvon assure aussi le suivi du pr\u00eat d\u2019un\u00a0ordinateur aux b\u00e9n\u00e9voles qui en ont besoin pour fournir des services aux membres.<\/p>\n<p style=\"text-align: justify;\">En tant que responsable de la logistique, Yvon\u00a0Gaudreau a aussi pr\u00e9sent\u00e9 son \u00e9quipe de onze\u00a0b\u00e9n\u00e9voles motiv\u00e9s et d\u00e9vou\u00e9s. C\u2019est gr\u00e2ce \u00e0 cette \u00e9quipe formidable que les salles n\u00e9cessaires aux activit\u00e9s du club sont bien organis\u00e9es, que le mat\u00e9riel n\u00e9cessaire est disponible et que le caf\u00e9 est servi aux s\u00e9ances des mercredis et des vendredis.<\/p>\n<p style=\"text-align: justify;\">Danielle\u00a0Bourque a pr\u00e9sent\u00e9 le registre des membres qui se compose de deux\u00a0unit\u00e9s\u00a0: la base de donn\u00e9es des membres et le fichier des pr\u00e9sences aux s\u00e9ances du club. Ce registre a \u00e9t\u00e9 cr\u00e9\u00e9 et am\u00e9lior\u00e9 gr\u00e2ce aux comp\u00e9tences et au soutien ind\u00e9fectible d\u2019Albert\u00a0Richard. Apr\u00e8s les corrections, modifications et ajouts faits au cours des deux\u00a0derni\u00e8res ann\u00e9es, la base de donn\u00e9es ainsi que le fichier des pr\u00e9sences r\u00e9pondent bien aux besoins du club. Danielle a entrepris la formation d\u2019une\u00a0personne qui pourra proc\u00e9der aux mises \u00e0 jour du registre en son absence. Par ailleurs, R\u00e9jean\u00a0Daigle est volontaire pour seconder Danielle et Albert\u00a0Richard dans la gestion du registre. Voil\u00e0 un\u00a0exemple de travail qui se fait dans l\u2019ombre, mais qui est essentiel au bon fonctionnement du club. Entre autres, c\u2019est gr\u00e2ce \u00e0 ce registre que nous savons que le club comptait 555\u00a0membres au 30\u00a0octobre dernier, soit 106\u00a0membres de plus que l\u2019an dernier \u00e0 pareille date. Ce dernier bilan a aussi mis en \u00e9vidence que 112\u00a0membres n\u2019ont pas renouvel\u00e9 leur adh\u00e9sion. Ces personnes ont \u00e9t\u00e9 supprim\u00e9es de la liste des membres actifs et ne recevront plus de messages dominicaux.<\/p>\n<p style=\"text-align: justify;\">Enfin, Jacques\u00a0Lalibert\u00e9 a fait lecture de deux\u00a0lettres re\u00e7ues, d\u2019une part, de l\u2019<i>Association de la scl\u00e9rose en plaques<\/i> qui remercie le club pour l\u2019ordinateur remis \u00e0 neuf qui lui a \u00e9t\u00e9 donn\u00e9 et, d\u2019autre part, de la <i>Paroisse de Saint-Bruno<\/i> qui remercie le club pour les cinq\u00a0cents\u00a0dollars qui lui ont \u00e9t\u00e9 remis, une somme qui provenait de la vente d\u2019ordinateurs remis \u00e0 neuf.<\/p>\n<p>Sylvie Mazur<br \/>\nSecr\u00e9taire du CIMBCC<\/p>\n","protected":false},"excerpt":{"rendered":"<p>Le conseil d\u2019administration est compos\u00e9 de Walter Pearce, R\u00e9jean C\u00f4t\u00e9, Sylvie Mazur, R\u00e9jean Daigle, Denis Dulude, Jacques Lalibert\u00e9, Danielle Charest Bourque, Michel Gagn\u00e9, Charles E. Blier, Andr\u00e9 Charest et Marie-Jos\u00e9 B\u00e2cle. Absent lors de la prise de photo : Yvon Gaudreau (en vignette). \u00c0 sa derni\u00e8re r\u00e9union, le 5\u00a0novembre dernier, le conseil d\u2019administration a appris &hellip; <a href=\"https:\/\/cimbcc.org\/test2\/echos-du-conseil-dadministration-novembre-2013\/\" class=\"more-link\">Continuer la lecture de <span class=\"screen-reader-text\">\u00c9chos du conseil d&rsquo;administration \u2013 5 novembre 2013<\/span>  <span class=\"meta-nav\">&rarr;<\/span><\/a><\/p>\n","protected":false},"author":43,"featured_media":0,"comment_status":"open","ping_status":"closed","sticky":false,"template":"","format":"standard","meta":{"footnotes":""},"categories":[386],"tags":[],"class_list":["post-7826","post","type-post","status-publish","format-standard","hentry","category-echos-du-conseil-dadministration"],"_links":{"self":[{"href":"https:\/\/cimbcc.org\/test2\/wp-json\/wp\/v2\/posts\/7826","targetHints":{"allow":["GET"]}}],"collection":[{"href":"https:\/\/cimbcc.org\/test2\/wp-json\/wp\/v2\/posts"}],"about":[{"href":"https:\/\/cimbcc.org\/test2\/wp-json\/wp\/v2\/types\/post"}],"author":[{"embeddable":true,"href":"https:\/\/cimbcc.org\/test2\/wp-json\/wp\/v2\/users\/43"}],"replies":[{"embeddable":true,"href":"https:\/\/cimbcc.org\/test2\/wp-json\/wp\/v2\/comments?post=7826"}],"version-history":[{"count":10,"href":"https:\/\/cimbcc.org\/test2\/wp-json\/wp\/v2\/posts\/7826\/revisions"}],"predecessor-version":[{"id":25558,"href":"https:\/\/cimbcc.org\/test2\/wp-json\/wp\/v2\/posts\/7826\/revisions\/25558"}],"wp:attachment":[{"href":"https:\/\/cimbcc.org\/test2\/wp-json\/wp\/v2\/media?parent=7826"}],"wp:term":[{"taxonomy":"category","embeddable":true,"href":"https:\/\/cimbcc.org\/test2\/wp-json\/wp\/v2\/categories?post=7826"},{"taxonomy":"post_tag","embeddable":true,"href":"https:\/\/cimbcc.org\/test2\/wp-json\/wp\/v2\/tags?post=7826"}],"curies":[{"name":"wp","href":"https:\/\/api.w.org\/{rel}","templated":true}]}}