{"id":7927,"date":"2013-12-09T07:00:46","date_gmt":"2013-12-09T12:00:46","guid":{"rendered":"https:\/\/cimbcc.org\/test2\/?p=7927"},"modified":"2023-10-16T22:16:51","modified_gmt":"2023-10-17T02:16:51","slug":"achats-en-ligne-decembre-2013","status":"publish","type":"post","link":"https:\/\/cimbcc.org\/test2\/achats-en-ligne-decembre-2013\/","title":{"rendered":"Achats en ligne"},"content":{"rendered":"<figure id=\"attachment_25273\" aria-describedby=\"caption-attachment-25273\" style=\"width: 125px\" class=\"wp-caption aligncenter\"><img loading=\"lazy\" decoding=\"async\" class=\"size-full wp-image-25273\" src=\"https:\/\/cimbcc.org\/test2\/wp-content\/uploads\/photo_gagne_michel.jpg\" alt=\"\" width=\"125\" height=\"125\" \/><figcaption id=\"caption-attachment-25273\" class=\"wp-caption-text\"><span style=\"color: #ffffff;\">mim<\/span> Michel Gagn\u00e9<\/figcaption><\/figure>\n<h4 style=\"text-align: justify;\"><span style=\"font-size: 16px;\">Achats en ligne<\/span><\/h4>\n<p style=\"text-align: justify;\"><span style=\"font-size: 16px;\">L\u2019information suivante a \u00e9t\u00e9 publi\u00e9e dans <\/span><i style=\"font-size: 16px;\">La Presse<\/i><span style=\"font-size: 16px;\"> du 21 novembre dernier :<\/span><\/p>\n<p style=\"padding-left: 30px; text-align: justify;\"><i>Selon un sondage r\u00e9alis\u00e9 il y a trois semaines par Visa, les Canadiens feront en moyenne 31\u00a0% de leurs achats des F\u00eates en ligne. Dans les Prairies, la proportion grimpe \u00e0 38\u00a0%, tandis qu\u2019elle s\u2019\u00e9tablit \u00e0 30,5\u00a0% au Qu\u00e9bec.<\/i><\/p>\n<p style=\"text-align: justify;\"><!--more--><\/p>\n<p style=\"text-align: justify;\">Les achats en ligne augmentent de 20 \u00e0 30\u00a0% par ann\u00e9e et l\u2019ann\u00e9e\u00a02013 poursuivra certainement cette tendance. Les gens adoptent les achats en ligne parce que ce type d\u2019achat leur donne acc\u00e8s \u00e0 un plus grand choix de produits et leur permet\u00a0de gagner du temps et d&rsquo;\u00e9conomiser de l\u2019argent.<\/p>\n<p style=\"text-align: justify;\">Et vous, ferez-vous des achats en ligne durant la p\u00e9riode des F\u00eates?<\/p>\n<p style=\"text-align: justify;\">[poll id=\u00a0\u00bb2&Prime;]<\/p>\n<p style=\"text-align: justify;\">Michel Gagn\u00e9<\/p>\n","protected":false},"excerpt":{"rendered":"<p>Achats en ligne L\u2019information suivante a \u00e9t\u00e9 publi\u00e9e dans La Presse du 21 novembre dernier : Selon un sondage r\u00e9alis\u00e9 il y a trois semaines par Visa, les Canadiens feront en moyenne 31\u00a0% de leurs achats des F\u00eates en ligne. Dans les Prairies, la proportion grimpe \u00e0 38\u00a0%, tandis qu\u2019elle s\u2019\u00e9tablit \u00e0 30,5\u00a0% au Qu\u00e9bec.<\/p>\n","protected":false},"author":43,"featured_media":0,"comment_status":"open","ping_status":"closed","sticky":false,"template":"","format":"standard","meta":{"footnotes":""},"categories":[1],"tags":[67,209],"class_list":["post-7927","post","type-post","status-publish","format-standard","hentry","category-sans-categories","tag-achat-en-ligne","tag-sondage"],"_links":{"self":[{"href":"https:\/\/cimbcc.org\/test2\/wp-json\/wp\/v2\/posts\/7927","targetHints":{"allow":["GET"]}}],"collection":[{"href":"https:\/\/cimbcc.org\/test2\/wp-json\/wp\/v2\/posts"}],"about":[{"href":"https:\/\/cimbcc.org\/test2\/wp-json\/wp\/v2\/types\/post"}],"author":[{"embeddable":true,"href":"https:\/\/cimbcc.org\/test2\/wp-json\/wp\/v2\/users\/43"}],"replies":[{"embeddable":true,"href":"https:\/\/cimbcc.org\/test2\/wp-json\/wp\/v2\/comments?post=7927"}],"version-history":[{"count":19,"href":"https:\/\/cimbcc.org\/test2\/wp-json\/wp\/v2\/posts\/7927\/revisions"}],"predecessor-version":[{"id":25555,"href":"https:\/\/cimbcc.org\/test2\/wp-json\/wp\/v2\/posts\/7927\/revisions\/25555"}],"wp:attachment":[{"href":"https:\/\/cimbcc.org\/test2\/wp-json\/wp\/v2\/media?parent=7927"}],"wp:term":[{"taxonomy":"category","embeddable":true,"href":"https:\/\/cimbcc.org\/test2\/wp-json\/wp\/v2\/categories?post=7927"},{"taxonomy":"post_tag","embeddable":true,"href":"https:\/\/cimbcc.org\/test2\/wp-json\/wp\/v2\/tags?post=7927"}],"curies":[{"name":"wp","href":"https:\/\/api.w.org\/{rel}","templated":true}]}}