{"id":8112,"date":"2013-12-11T07:00:12","date_gmt":"2013-12-11T12:00:12","guid":{"rendered":"https:\/\/cimbcc.org\/test2\/?p=8112"},"modified":"2023-10-16T22:16:51","modified_gmt":"2023-10-17T02:16:51","slug":"les-livraisons-de-tablettes-devraient-ralentir-apres-les-fetes-decembre-2013","status":"publish","type":"post","link":"https:\/\/cimbcc.org\/test2\/les-livraisons-de-tablettes-devraient-ralentir-apres-les-fetes-decembre-2013\/","title":{"rendered":"Les livraisons de tablettes devraient ralentir apr\u00e8s les F\u00eates &#8211; d\u00e9cembre 2013"},"content":{"rendered":"<figure id=\"attachment_25229\" aria-describedby=\"caption-attachment-25229\" style=\"width: 125px\" class=\"wp-caption aligncenter\"><img loading=\"lazy\" decoding=\"async\" class=\"size-full wp-image-25229\" src=\"https:\/\/cimbcc.org\/test2\/wp-content\/uploads\/photo_jacquet_jean_philippe.jpg\" alt=\"\" width=\"125\" height=\"125\" \/><figcaption id=\"caption-attachment-25229\" class=\"wp-caption-text\"><span style=\"color: #ffffff;\">n<\/span>Jean-Philippe Jacquet<\/figcaption><\/figure>\n<p style=\"text-align: justify;\">Depuis l&rsquo;apparition des tablettes, les ventes de ces appareils ont toujours \u00e9t\u00e9 en forte croissance.<\/p>\n<p style=\"text-align: justify;\">Toutefois, les analystes pr\u00e9disent un ralentissement de cette croissance au profit des t\u00e9l\u00e9phones intelligents offrant une plus grande taille d\u2019\u00e9cran, les \u00ab\u00a0phablettes\u00a0\u00bb.<\/p>\n<p style=\"text-align: justify;\"><!--more--><\/p>\n<p style=\"text-align: justify;\">Pour consulter l&rsquo;article de Benjamin\u00a0J\u00e9brak, journaliste pour le magazine <em>Direction informatique<\/em>, publi\u00e9 le 4\u00a0d\u00e9cembre dernier, cliquez sur le lien suivant\u00a0:<br \/>\n<a href=\"http:\/\/www.directioninformatique.com\/les-livraisons-de-tablettes-devraient-ralentir-apres-les-fetes\/23346\" target=\"_blank\" rel=\"noopener\">http:\/\/www.directioninformatique.com\/les-livraisons-de-tablettes-devraient-ralentir-apres-les-fetes\/23346<\/a><\/p>\n<p style=\"text-align: justify;\">Je vous souhaite de passer une tr\u00e8s belle p\u00e9riode des F\u00eates!<\/p>\n<p style=\"text-align: justify;\">Jean-Philippe Jacquet<\/p>\n","protected":false},"excerpt":{"rendered":"<p>Depuis l&rsquo;apparition des tablettes, les ventes de ces appareils ont toujours \u00e9t\u00e9 en forte croissance. Toutefois, les analystes pr\u00e9disent un ralentissement de cette croissance au profit des t\u00e9l\u00e9phones intelligents offrant une plus grande taille d\u2019\u00e9cran, les \u00ab\u00a0phablettes\u00a0\u00bb.<\/p>\n","protected":false},"author":43,"featured_media":0,"comment_status":"open","ping_status":"closed","sticky":false,"template":"","format":"standard","meta":{"footnotes":""},"categories":[9],"tags":[340,105,104],"class_list":["post-8112","post","type-post","status-publish","format-standard","hentry","category-direction-informatique-toms-hardware","tag-phablettes","tag-tablette","tag-telephone-intelligent"],"_links":{"self":[{"href":"https:\/\/cimbcc.org\/test2\/wp-json\/wp\/v2\/posts\/8112","targetHints":{"allow":["GET"]}}],"collection":[{"href":"https:\/\/cimbcc.org\/test2\/wp-json\/wp\/v2\/posts"}],"about":[{"href":"https:\/\/cimbcc.org\/test2\/wp-json\/wp\/v2\/types\/post"}],"author":[{"embeddable":true,"href":"https:\/\/cimbcc.org\/test2\/wp-json\/wp\/v2\/users\/43"}],"replies":[{"embeddable":true,"href":"https:\/\/cimbcc.org\/test2\/wp-json\/wp\/v2\/comments?post=8112"}],"version-history":[{"count":14,"href":"https:\/\/cimbcc.org\/test2\/wp-json\/wp\/v2\/posts\/8112\/revisions"}],"predecessor-version":[{"id":25553,"href":"https:\/\/cimbcc.org\/test2\/wp-json\/wp\/v2\/posts\/8112\/revisions\/25553"}],"wp:attachment":[{"href":"https:\/\/cimbcc.org\/test2\/wp-json\/wp\/v2\/media?parent=8112"}],"wp:term":[{"taxonomy":"category","embeddable":true,"href":"https:\/\/cimbcc.org\/test2\/wp-json\/wp\/v2\/categories?post=8112"},{"taxonomy":"post_tag","embeddable":true,"href":"https:\/\/cimbcc.org\/test2\/wp-json\/wp\/v2\/tags?post=8112"}],"curies":[{"name":"wp","href":"https:\/\/api.w.org\/{rel}","templated":true}]}}