{"id":8412,"date":"2014-01-08T07:00:27","date_gmt":"2014-01-08T12:00:27","guid":{"rendered":"https:\/\/cimbcc.org\/test2\/?p=8412"},"modified":"2023-10-16T22:16:51","modified_gmt":"2023-10-17T02:16:51","slug":"le-mot-du-president-janvier-2014","status":"publish","type":"post","link":"https:\/\/cimbcc.org\/test2\/le-mot-du-president-janvier-2014\/","title":{"rendered":"Le mot du pr\u00e9sident &#8211; janvier 2014"},"content":{"rendered":"<figure id=\"attachment_23836\" aria-describedby=\"caption-attachment-23836\" style=\"width: 125px\" class=\"wp-caption aligncenter\"><img loading=\"lazy\" decoding=\"async\" class=\"size-full wp-image-23836\" src=\"https:\/\/cimbcc.org\/test2\/wp-content\/uploads\/photo_cote_rejean.jpg\" alt=\"\" width=\"125\" height=\"125\" \/><figcaption id=\"caption-attachment-23836\" class=\"wp-caption-text\"><span style=\"color: #ffffff;\">mmm<\/span> R\u00e9jean C\u00f4t\u00e9<\/figcaption><\/figure>\n<p style=\"text-align: justify;\">Peut-\u00eatre avez-vous re\u00e7u ou donn\u00e9 une tablette \u00e9lectronique en cadeau \u00e0 No\u00ebl?<\/p>\n<p style=\"text-align: justify;\">Vous savez que les tablettes \u00e9lectroniques ont le vent dans les voiles actuellement. L\u2019an pass\u00e9, les ventes d\u2019ordinateurs portables d\u00e9passaient celles des ordinateurs de bureau. Mais, cette ann\u00e9e, on pr\u00e9voit, d\u2019une part, que les tablettes \u00e9lectroniques se vendront davantage que les ordinateurs portables et que, d\u2019autre part, les ordinateurs de bureau seront encore moins populaires.<\/p>\n<p><!--more--><\/p>\n<p style=\"text-align: justify;\">Quand on apprend avec quelle facilit\u00e9 des \u00e9l\u00e8ves du pr\u00e9scolaire et du primaire utilisent une tablette \u00e9lectronique, on peut se demander si la tablette \u00e9lectronique ne va pas remplacer l\u2019ordinateur portable et l\u2019ordinateur de bureau. Je n\u2019en suis pas si s\u00fbr.<\/p>\n<p style=\"text-align: justify;\">D&rsquo;abord, il faut bien faire la diff\u00e9rence entre la tablette \u00e9lectronique, l\u2019ordinateur portable et l\u2019ordinateur de bureau. Ces deux derniers sont pr\u00e9sentement dot\u00e9s d&rsquo;une puissance bien sup\u00e9rieure \u00e0 celle des tablettes \u00e9lectroniques et ils proposent des outils avec lesquels les tablettes \u00e9lectroniques ne peuvent pas rivaliser pour l&rsquo;instant. Les ordinateurs portables sont toutefois de plus en plus concurrenc\u00e9s par les tablettes \u00e9lectroniques\u00a0: plus les tablettes se perfectionnent et plus leur utilisation devient comparable \u00e0 celle des ordinateurs portables. Certains avantages des tablettes \u00e9lectroniques, comme le poids, la taille ou parfois l&rsquo;interface tactile, font alors toute la diff\u00e9rence.<\/p>\n<p style=\"text-align: justify;\">Personnellement, je pense que la tablette \u00e9lectronique sera souvent utilis\u00e9e comme le compl\u00e9ment des deux\u00a0autres ordinateurs. Les prix \u00e9tant de plus en plus abordables, les gens auront un portable ou un ordinateur de bureau et, en plus, une tablette \u00e9lectronique. Ils utiliseront l\u2019ordinateur \u00e0 la maison et la tablette \u00e9lectronique \u00e0 l\u2019ext\u00e9rieur, car la tablette se transporte tr\u00e8s facilement. Mais les enfants qui auront eu la chance d\u2019apprivoiser la tablette \u00e9lectronique d\u00e8s leur tr\u00e8s jeune \u00e2ge nous feront peut-\u00eatre \u00e9voluer vers un emploi plus important de la tablette au d\u00e9triment de l\u2019ordinateur. Ayant apprivois\u00e9 cette technologie avec facilit\u00e9, ils en auront s\u00fbrement beaucoup \u00e0 nous montrer!<\/p>\n<p><a href=\"https:\/\/cimbcc.org\/test2\/wp-content\/uploads\/Image1_RC_MotPresident_2014-01-08.png\"><img loading=\"lazy\" decoding=\"async\" class=\"aligncenter size-full wp-image-8414\" src=\"https:\/\/cimbcc.org\/test2\/wp-content\/uploads\/Image1_RC_MotPresident_2014-01-08.png\" alt=\"Image1_RC_MotPresident_2014-01-08\" width=\"508\" height=\"79\" srcset=\"https:\/\/cimbcc.org\/test2\/wp-content\/uploads\/Image1_RC_MotPresident_2014-01-08.png 508w, https:\/\/cimbcc.org\/test2\/wp-content\/uploads\/Image1_RC_MotPresident_2014-01-08-300x46.png 300w\" sizes=\"auto, (max-width: 508px) 100vw, 508px\" \/><\/a><\/p>\n<p style=\"text-align: justify;\">J\u2019ajouterais que la session d\u2019automne dernier a \u00e9t\u00e9 tr\u00e8s populaire et que la moyenne des participants aux pr\u00e9sentations a m\u00eame augment\u00e9 substantiellement. La session d\u2019hiver sera aussi vari\u00e9e et int\u00e9ressante que celle de l\u2019automne et j\u2019esp\u00e8re qu\u2019elle vous plaira tout autant. Venez commencer l\u2019ann\u00e9e avec nous!<\/p>\n<p style=\"text-align: justify;\"><b><i>Bonne et heureuse ann\u00e9e 2014!<\/i><\/b><\/p>\n<p style=\"text-align: justify;\">R\u00e9jean C\u00f4t\u00e9, pr\u00e9sident<\/p>\n","protected":false},"excerpt":{"rendered":"<p>Peut-\u00eatre avez-vous re\u00e7u ou donn\u00e9 une tablette \u00e9lectronique en cadeau \u00e0 No\u00ebl? Vous savez que les tablettes \u00e9lectroniques ont le vent dans les voiles actuellement. L\u2019an pass\u00e9, les ventes d\u2019ordinateurs portables d\u00e9passaient celles des ordinateurs de bureau. Mais, cette ann\u00e9e, on pr\u00e9voit, d\u2019une part, que les tablettes \u00e9lectroniques se vendront davantage que les ordinateurs portables &hellip; <a href=\"https:\/\/cimbcc.org\/test2\/le-mot-du-president-janvier-2014\/\" class=\"more-link\">Continuer la lecture de <span class=\"screen-reader-text\">Le mot du pr\u00e9sident &#8211; janvier 2014<\/span>  <span class=\"meta-nav\">&rarr;<\/span><\/a><\/p>\n","protected":false},"author":43,"featured_media":0,"comment_status":"open","ping_status":"closed","sticky":false,"template":"","format":"standard","meta":{"footnotes":""},"categories":[11],"tags":[105],"class_list":["post-8412","post","type-post","status-publish","format-standard","hentry","category-mots-du-president","tag-tablette"],"_links":{"self":[{"href":"https:\/\/cimbcc.org\/test2\/wp-json\/wp\/v2\/posts\/8412","targetHints":{"allow":["GET"]}}],"collection":[{"href":"https:\/\/cimbcc.org\/test2\/wp-json\/wp\/v2\/posts"}],"about":[{"href":"https:\/\/cimbcc.org\/test2\/wp-json\/wp\/v2\/types\/post"}],"author":[{"embeddable":true,"href":"https:\/\/cimbcc.org\/test2\/wp-json\/wp\/v2\/users\/43"}],"replies":[{"embeddable":true,"href":"https:\/\/cimbcc.org\/test2\/wp-json\/wp\/v2\/comments?post=8412"}],"version-history":[{"count":15,"href":"https:\/\/cimbcc.org\/test2\/wp-json\/wp\/v2\/posts\/8412\/revisions"}],"predecessor-version":[{"id":25541,"href":"https:\/\/cimbcc.org\/test2\/wp-json\/wp\/v2\/posts\/8412\/revisions\/25541"}],"wp:attachment":[{"href":"https:\/\/cimbcc.org\/test2\/wp-json\/wp\/v2\/media?parent=8412"}],"wp:term":[{"taxonomy":"category","embeddable":true,"href":"https:\/\/cimbcc.org\/test2\/wp-json\/wp\/v2\/categories?post=8412"},{"taxonomy":"post_tag","embeddable":true,"href":"https:\/\/cimbcc.org\/test2\/wp-json\/wp\/v2\/tags?post=8412"}],"curies":[{"name":"wp","href":"https:\/\/api.w.org\/{rel}","templated":true}]}}