{"id":8587,"date":"2014-01-15T07:00:25","date_gmt":"2014-01-15T12:00:25","guid":{"rendered":"https:\/\/cimbcc.org\/test2\/?p=8587"},"modified":"2023-10-16T22:16:51","modified_gmt":"2023-10-17T02:16:51","slug":"le-regroupement-des-commercants-electroniques-du-quebec-fait-ses-debuts-janvier-2014","status":"publish","type":"post","link":"https:\/\/cimbcc.org\/test2\/le-regroupement-des-commercants-electroniques-du-quebec-fait-ses-debuts-janvier-2014\/","title":{"rendered":"Le Regroupement des Commer\u00e7ants \u00c9lectroniques du Qu\u00e9bec fait ses d\u00e9buts"},"content":{"rendered":"<figure id=\"attachment_25229\" aria-describedby=\"caption-attachment-25229\" style=\"width: 125px\" class=\"wp-caption aligncenter\"><img loading=\"lazy\" decoding=\"async\" class=\"size-full wp-image-25229\" src=\"https:\/\/cimbcc.org\/test2\/wp-content\/uploads\/photo_jacquet_jean_philippe.jpg\" alt=\"\" width=\"125\" height=\"125\" \/><figcaption id=\"caption-attachment-25229\" class=\"wp-caption-text\"><span style=\"color: #ffffff;\">i<\/span> Jean-Philippe Jacquet<\/figcaption><\/figure>\n<p style=\"text-align: justify;\">D&rsquo;apr\u00e8s une enqu\u00eate r\u00e9cente, la moiti\u00e9 des Qu\u00e9b\u00e9cois ach\u00e8tent en ligne, mais ces achats se font en grande majorit\u00e9 sur des sites d&rsquo;entreprises situ\u00e9es \u00e0 l&rsquo;ext\u00e9rieur du Qu\u00e9bec.<\/p>\n<p><!--more--><\/p>\n<p style=\"text-align: justify;\">Seulement un\u00a0dollar sur quatre est d\u00e9pens\u00e9 sur un site qu\u00e9b\u00e9cois. C&rsquo;est la raison pour laquelle le Regroupement des Commer\u00e7ants \u00c9lectroniques du Qu\u00e9bec se met en place pour dynamiser le march\u00e9.<\/p>\n<p style=\"text-align: justify;\">Pour consulter l&rsquo;article de Benjamin\u00a0J\u00e9brak, journaliste pour le magazine <em>Direction informatique<\/em>, publi\u00e9 le 9\u00a0janvier 2014, cliquez sur le lien suivant\u00a0:<br \/>\n<a href=\"http:\/\/www.directioninformatique.com\/le-regroupement-des-commercants-electroniques-du-quebec-fait-ses-debuts\/23784\">http:\/\/www.directioninformatique.com\/le-regroupement-des-commercants-electroniques-du-quebec-fait-ses-debuts\/23784<\/a><\/p>\n<p style=\"text-align: justify;\">Jean-Philippe Jacquet<\/p>\n","protected":false},"excerpt":{"rendered":"<p>D&rsquo;apr\u00e8s une enqu\u00eate r\u00e9cente, la moiti\u00e9 des Qu\u00e9b\u00e9cois ach\u00e8tent en ligne, mais ces achats se font en grande majorit\u00e9 sur des sites d&rsquo;entreprises situ\u00e9es \u00e0 l&rsquo;ext\u00e9rieur du Qu\u00e9bec.<\/p>\n","protected":false},"author":43,"featured_media":0,"comment_status":"open","ping_status":"closed","sticky":false,"template":"","format":"standard","meta":{"footnotes":""},"categories":[9],"tags":[67,241],"class_list":["post-8587","post","type-post","status-publish","format-standard","hentry","category-direction-informatique-toms-hardware","tag-achat-en-ligne","tag-regroupement-des-commercants-electroniques-du-quebec"],"_links":{"self":[{"href":"https:\/\/cimbcc.org\/test2\/wp-json\/wp\/v2\/posts\/8587","targetHints":{"allow":["GET"]}}],"collection":[{"href":"https:\/\/cimbcc.org\/test2\/wp-json\/wp\/v2\/posts"}],"about":[{"href":"https:\/\/cimbcc.org\/test2\/wp-json\/wp\/v2\/types\/post"}],"author":[{"embeddable":true,"href":"https:\/\/cimbcc.org\/test2\/wp-json\/wp\/v2\/users\/43"}],"replies":[{"embeddable":true,"href":"https:\/\/cimbcc.org\/test2\/wp-json\/wp\/v2\/comments?post=8587"}],"version-history":[{"count":14,"href":"https:\/\/cimbcc.org\/test2\/wp-json\/wp\/v2\/posts\/8587\/revisions"}],"predecessor-version":[{"id":25536,"href":"https:\/\/cimbcc.org\/test2\/wp-json\/wp\/v2\/posts\/8587\/revisions\/25536"}],"wp:attachment":[{"href":"https:\/\/cimbcc.org\/test2\/wp-json\/wp\/v2\/media?parent=8587"}],"wp:term":[{"taxonomy":"category","embeddable":true,"href":"https:\/\/cimbcc.org\/test2\/wp-json\/wp\/v2\/categories?post=8587"},{"taxonomy":"post_tag","embeddable":true,"href":"https:\/\/cimbcc.org\/test2\/wp-json\/wp\/v2\/tags?post=8587"}],"curies":[{"name":"wp","href":"https:\/\/api.w.org\/{rel}","templated":true}]}}