{"id":8925,"date":"2014-02-24T06:30:37","date_gmt":"2014-02-24T11:30:37","guid":{"rendered":"https:\/\/cimbcc.org\/test2\/?p=8925"},"modified":"2023-10-16T22:16:51","modified_gmt":"2023-10-17T02:16:51","slug":"echos-du-conseil-dadministration-fevrier-2014","status":"publish","type":"post","link":"https:\/\/cimbcc.org\/test2\/echos-du-conseil-dadministration-fevrier-2014\/","title":{"rendered":"\u00c9chos du conseil d\u2019administration \u2013 f\u00e9vrier 2014"},"content":{"rendered":"<figure id=\"attachment_6374\" aria-describedby=\"caption-attachment-6374\" style=\"width: 450px\" class=\"wp-caption aligncenter\"><a href=\"https:\/\/cimbcc.org\/test2\/wp-content\/uploads\/Photo-CA-2013-2014.jpg\"><img loading=\"lazy\" decoding=\"async\" class=\"size-full wp-image-6374\" src=\"https:\/\/cimbcc.org\/test2\/wp-content\/uploads\/Photo-CA-2013-2014.jpg\" alt=\"Le conseil d\u2019administration est compos\u00e9 de Walter Pearce, R\u00e9jean C\u00f4t\u00e9, Sylvie Mazur, R\u00e9jean Daigle, Denis Dulude, Jacques Lalibert\u00e9, Danielle Charest Bourque, Michel Gagn\u00e9, Charles E. Blier, Andr\u00e9 Charest et Marie-Jos\u00e9 B\u00e2cle. Absent lors de la prise de photo : Yvon Gaudreau (en vignette).\" width=\"450\" height=\"140\" srcset=\"https:\/\/cimbcc.org\/test2\/wp-content\/uploads\/Photo-CA-2013-2014.jpg 450w, https:\/\/cimbcc.org\/test2\/wp-content\/uploads\/Photo-CA-2013-2014-300x93.jpg 300w\" sizes=\"auto, (max-width: 450px) 100vw, 450px\" \/><\/a><figcaption id=\"caption-attachment-6374\" class=\"wp-caption-text\">Le conseil d\u2019administration est compos\u00e9 de Walter Pearce, R\u00e9jean C\u00f4t\u00e9, Sylvie Mazur, R\u00e9jean Daigle, Denis Dulude, Jacques Lalibert\u00e9, Danielle Charest Bourque, Michel Gagn\u00e9, Charles E. Blier, Andr\u00e9 Charest et Marie-Jos\u00e9 B\u00e2cle. Absent lors de la prise de photo : Yvon Gaudreau (en vignette).<\/figcaption><\/figure>\n<p style=\"text-align: justify;\" align=\"center\"><span style=\"text-align: justify;\">R\u00e9uni le 4 f\u00e9vrier dernier, le conseil d\u2019administration a accueilli Berthe Demers et Mireille de Garie qui se partagent la responsabilit\u00e9 des ateliers avec Yvon Gaudreau. Elles ont d\u2019abord exprim\u00e9 leur admiration pour Andr\u00e9 Charest qui a assum\u00e9 seul la coordination des ateliers jusqu&rsquo;\u00e0 l\u2019automne dernier, t\u00e2che qui est maintenant partag\u00e9e entre trois personnes.<\/span><\/p>\n<p style=\"text-align: left;\" align=\"center\"><!--more--><\/p>\n<p style=\"text-align: justify;\" align=\"center\"><span style=\"text-align: justify;\">Elles ont fait \u00e9tat de la participation aux 10\u00a0ateliers qui se sont tenus cet automne. En moyenne, 11\u00a0personnes ont particip\u00e9 \u00e0 chacune des 38\u00a0rencontres qui ont eu lieu entre septembre et d\u00e9cembre. Cet hiver et ce printemps, 43\u00a0rencontres sont pr\u00e9vues dans le cadre de 11\u00a0ateliers; 186\u00a0membres sont inscrits \u00e0 ces ateliers.<\/span><\/p>\n<p style=\"text-align: justify;\">Les orientations propos\u00e9es pour la gestion des ateliers ont \u00e9t\u00e9 accept\u00e9es par le conseil. Ces orientations ont pour but de bien informer les membres des ateliers pr\u00e9vus, de r\u00e9duire les abandons et l\u2019inscription de personnes incapables de suivre un atelier et de r\u00e9duire la t\u00e2che des b\u00e9n\u00e9voles.\u00a0Ainsi, il a \u00e9t\u00e9 confirm\u00e9 que\u00a0:<\/p>\n<ul>\n<li style=\"text-align: justify;\">les ateliers seront d\u00e9crits en d\u00e9tail sur le site du club (contenu, pr\u00e9requis, dates des rencontres);<\/li>\n<li style=\"text-align: justify;\">les inscriptions se feront dor\u00e9navant par courrier \u00e9lectronique;<\/li>\n<li style=\"text-align: justify;\">les inscriptions seront enregistr\u00e9es exclusivement pendant deux p\u00e9riodes pr\u00e9cises en septembre et en janvier;<\/li>\n<li style=\"text-align: justify;\">chaque animateur d\u2019atelier recevra la liste des inscrits et sera responsable de son groupe pour la suite des activit\u00e9s relevant de l\u2019atelier.<\/li>\n<\/ul>\n<p style=\"text-align: justify;\">Le conseil a aussi examin\u00e9 les pratiques du club \u00e0 l\u2019\u00e9gard de l\u2019information fournie aux membres dans le cadre de ses activit\u00e9s. Pour autant que les membres du conseil aient pu en juger, cette information leur a sembl\u00e9 respecter les objectifs poursuivis quant \u00e0 la qualit\u00e9, la vari\u00e9t\u00e9 et l\u2019exactitude de l\u2019information transmise. Comme le partage des connaissances est le volet le plus important de la mission du club, tous les collaborateurs sont invit\u00e9s \u00e0 poursuivre ces objectifs, que ce soit dans les pr\u00e9sentations, dans les ateliers, dans le <i>CHIP<\/i> ou sur le site du club. Un sujet particuli\u00e8rement important, celui de la s\u00e9curit\u00e9 informatique, devrait faire l\u2019objet d\u2019une rubrique d\u2019information r\u00e9guli\u00e8re dans le <i>CHIP<\/i>. Le conseil souhaite trouver un membre qui pourrait se charger d\u2019alimenter cette rubrique soit en \u00e9crivant un article, soit en fournissant un lien vers une astuce de s\u00e9curit\u00e9 ou vers un article pertinent dans une autre publication.<\/p>\n<p style=\"text-align: justify;\">Du c\u00f4t\u00e9 des b\u00e9n\u00e9voles, le conseil a not\u00e9 qu\u2019une nouvelle adh\u00e9rente au club, C\u00e9line Dion, a propos\u00e9 son aide \u00e0 Danielle Bourque qui cherchait une personne \u00e0 l\u2019aise avec <i>Access<\/i>. Ga\u00ebl St\u00e9benne s\u2019est rendu disponible pour l\u2019<i>assistance avant les s\u00e9ances<\/i> du mercredi et Colette Demers, pour certains vendredis. Enfin, R\u00e9jean C\u00f4t\u00e9 a r\u00e9ussi \u00e0 identifier deux collaborateurs pour l\u2019<i>assistance \u00e0 domicile<\/i>\u00a0: Michel C\u00f4t\u00e9 et Yves P\u00e9pin. Des d\u00e9marches ont aussi \u00e9t\u00e9 entreprises pour recruter de nouveaux collaborateurs\u00a0comme pr\u00e9sentateurs, animateurs d\u2019atelier et r\u00e9dacteurs pour le <i>CHIP<\/i>.<\/p>\n<p style=\"text-align: justify;\">Le conseil d\u2019administration a remerci\u00e9 Walter Pearce d\u2019avoir organis\u00e9 le brunch des b\u00e9n\u00e9voles qui n\u2019a suscit\u00e9 que des commentaires positifs. Cinquante-sept b\u00e9n\u00e9voles y ont assist\u00e9 et ont pu profiter de ce moment privil\u00e9gi\u00e9 pour fraterniser. Le Chalet Marie-Victorin, o\u00f9 s\u2019est tenue cette activit\u00e9, a favoris\u00e9 les \u00e9changes entre les participants et le conseil explorera la possibilit\u00e9 d\u2019y tenir d\u2019autres activit\u00e9s sociales, comme le souper des b\u00e9n\u00e9voles en fin d\u2019ann\u00e9e. Ces activit\u00e9s sociales sont une fa\u00e7on de remercier les b\u00e9n\u00e9voles de leur engagement. La reconnaissance \u00e0 l\u2019\u00e9gard des b\u00e9n\u00e9voles est une pr\u00e9occupation du conseil d\u2019administration qui a entrepris une r\u00e9flexion pour identifier et mettre en place d\u2019autres manifestations de notre reconnaissance.<\/p>\n<p style=\"text-align: justify;\">Michel Gagn\u00e9 a fait \u00e9tat de la rencontre semestrielle des artisans du <i>CHIP<\/i>. Certaines mesures seront prises pour all\u00e9ger la t\u00e2che de ces b\u00e9n\u00e9voles. Ceux-ci ont consacr\u00e9 beaucoup de temps \u00e0 traiter des questions et des demandes qui ont \u00e9t\u00e9 inscrites dans la section des commentaires qui appara\u00eet \u00e0 la suite des articles publi\u00e9s par le <i>CHIP<\/i>. Un message sera diffus\u00e9 pour inviter les lecteurs \u00e0 ne pas inscrire leurs questions ou leurs demandes dans l\u2019espace r\u00e9serv\u00e9 aux commentaires, mais de le faire l\u00e0 o\u00f9 cela est pr\u00e9vu. Le message rappellera les adresses de courriel \u00e0 utiliser\u00a0:<\/p>\n<ul>\n<li style=\"text-align: justify;\"><a href=\"mailto:aidecimbcc@gmail.com\">aidecimbcc@gmail.com<\/a> pour les questions d\u2019ordre technique o\u00f9 on rejoindra l\u2019\u00e9quipe de l\u2019assistance par courriel;<\/li>\n<li style=\"text-align: justify;\"><a href=\"mailto:cimbcc@cimbcc.org\">cimbcc@cimbcc.org<\/a> pour les autres questions et demandes qui seront trait\u00e9es par l\u2019\u00e9quipe des communications du club.<\/li>\n<\/ul>\n<p style=\"text-align: justify;\">Dor\u00e9navant, les mod\u00e9rateurs du blogue ne r\u00e9pondront plus aux questions et aux demandes inscrites dans l\u2019espace r\u00e9serv\u00e9 aux commentaires. Une r\u00e9ponse standardis\u00e9e rappellera les adresses appropri\u00e9es pour poser ses questions et formuler ses demandes.<\/p>\n<p>Sylvie Mazur<br \/>\nSecr\u00e9taire du CIMBCC<\/p>\n","protected":false},"excerpt":{"rendered":"<p>R\u00e9uni le 4 f\u00e9vrier dernier, le conseil d\u2019administration a accueilli Berthe Demers et Mireille de Garie qui se partagent la responsabilit\u00e9 des ateliers avec Yvon Gaudreau. Elles ont d\u2019abord exprim\u00e9 leur admiration pour Andr\u00e9 Charest qui a assum\u00e9 seul la coordination des ateliers jusqu&rsquo;\u00e0 l\u2019automne dernier, t\u00e2che qui est maintenant partag\u00e9e entre trois personnes.<\/p>\n","protected":false},"author":43,"featured_media":0,"comment_status":"open","ping_status":"closed","sticky":false,"template":"","format":"standard","meta":{"footnotes":""},"categories":[386],"tags":[],"class_list":["post-8925","post","type-post","status-publish","format-standard","hentry","category-echos-du-conseil-dadministration"],"_links":{"self":[{"href":"https:\/\/cimbcc.org\/test2\/wp-json\/wp\/v2\/posts\/8925","targetHints":{"allow":["GET"]}}],"collection":[{"href":"https:\/\/cimbcc.org\/test2\/wp-json\/wp\/v2\/posts"}],"about":[{"href":"https:\/\/cimbcc.org\/test2\/wp-json\/wp\/v2\/types\/post"}],"author":[{"embeddable":true,"href":"https:\/\/cimbcc.org\/test2\/wp-json\/wp\/v2\/users\/43"}],"replies":[{"embeddable":true,"href":"https:\/\/cimbcc.org\/test2\/wp-json\/wp\/v2\/comments?post=8925"}],"version-history":[{"count":20,"href":"https:\/\/cimbcc.org\/test2\/wp-json\/wp\/v2\/posts\/8925\/revisions"}],"predecessor-version":[{"id":25515,"href":"https:\/\/cimbcc.org\/test2\/wp-json\/wp\/v2\/posts\/8925\/revisions\/25515"}],"wp:attachment":[{"href":"https:\/\/cimbcc.org\/test2\/wp-json\/wp\/v2\/media?parent=8925"}],"wp:term":[{"taxonomy":"category","embeddable":true,"href":"https:\/\/cimbcc.org\/test2\/wp-json\/wp\/v2\/categories?post=8925"},{"taxonomy":"post_tag","embeddable":true,"href":"https:\/\/cimbcc.org\/test2\/wp-json\/wp\/v2\/tags?post=8925"}],"curies":[{"name":"wp","href":"https:\/\/api.w.org\/{rel}","templated":true}]}}