{"id":9214,"date":"2014-03-24T06:30:56","date_gmt":"2014-03-24T11:30:56","guid":{"rendered":"https:\/\/cimbcc.org\/test2\/?p=9214"},"modified":"2023-10-16T22:16:51","modified_gmt":"2023-10-17T02:16:51","slug":"echos-du-conseil-dadministration-mars-2014","status":"publish","type":"post","link":"https:\/\/cimbcc.org\/test2\/echos-du-conseil-dadministration-mars-2014\/","title":{"rendered":"\u00c9chos du conseil d\u2019administration \u2013 mars 2014"},"content":{"rendered":"<figure id=\"attachment_6374\" aria-describedby=\"caption-attachment-6374\" style=\"width: 450px\" class=\"wp-caption aligncenter\"><a href=\"https:\/\/cimbcc.org\/test2\/wp-content\/uploads\/Photo-CA-2013-2014.jpg\"><img loading=\"lazy\" decoding=\"async\" class=\"size-full wp-image-6374\" src=\"https:\/\/cimbcc.org\/test2\/wp-content\/uploads\/Photo-CA-2013-2014.jpg\" alt=\"Le conseil d\u2019administration est compos\u00e9 de Walter Pearce, R\u00e9jean C\u00f4t\u00e9, Sylvie Mazur, R\u00e9jean Daigle, Denis Dulude, Jacques Lalibert\u00e9, Danielle Charest Bourque, Michel Gagn\u00e9, Charles E. Blier, Andr\u00e9 Charest et Marie-Jos\u00e9 B\u00e2cle. Absent lors de la prise de photo : Yvon Gaudreau (en vignette).\" width=\"450\" height=\"140\" srcset=\"https:\/\/cimbcc.org\/test2\/wp-content\/uploads\/Photo-CA-2013-2014.jpg 450w, https:\/\/cimbcc.org\/test2\/wp-content\/uploads\/Photo-CA-2013-2014-300x93.jpg 300w\" sizes=\"auto, (max-width: 450px) 100vw, 450px\" \/><\/a><figcaption id=\"caption-attachment-6374\" class=\"wp-caption-text\">Le conseil d\u2019administration est compos\u00e9 de Walter Pearce, R\u00e9jean C\u00f4t\u00e9, Sylvie Mazur, R\u00e9jean Daigle, Denis Dulude, Jacques Lalibert\u00e9, Danielle Charest Bourque, Michel Gagn\u00e9, Charles E. Blier, Andr\u00e9 Charest et Marie-Jos\u00e9 B\u00e2cle. Absent lors de la prise de photo : Yvon Gaudreau (en vignette).<\/figcaption><\/figure>\n<p style=\"text-align: justify;\">Comme d\u2019habitude, le conseil d\u2019administration a d\u2019abord fait le point sur les membres inscrits et sur les nouveaux b\u00e9n\u00e9voles lors de la rencontre du 4\u00a0mars dernier. Danielle Bourque a rapport\u00e9 que 12\u00a0membres se sont ajout\u00e9s au club en f\u00e9vrier, portant leur nombre total \u00e0 613\u00a0membres.<\/p>\n<p><!--more--><\/p>\n<p style=\"text-align: justify;\">Elle rappelle que, conform\u00e9ment \u00e0 une d\u00e9cision ant\u00e9rieure du conseil d\u2019administration, les membres qui s\u2019inscriront en mars verront leur adh\u00e9sion couvrir la fin de la pr\u00e9sente saison et toute l\u2019ann\u00e9e prochaine. Par ailleurs, elle rappelle aussi qu\u2019un non-membre peut assister gratuitement \u00e0 une s\u00e9ance de pr\u00e9sentations avant de s\u2019inscrire au club.<\/p>\n<p style=\"text-align: justify;\">Du c\u00f4t\u00e9 des b\u00e9n\u00e9voles, la seule nouveaut\u00e9 \u00e0 souligner est celle concernant Pierre Poisson qui prend la rel\u00e8ve de Denis Dulude comme responsable du service d\u2019assistance avant les s\u00e9ances du mercredi et du vendredi. D&rsquo;ailleurs, Pierre a annonc\u00e9 la semaine pr\u00e9c\u00e9dente la mise \u00e0 l\u2019essai de tickets num\u00e9rot\u00e9s pour acc\u00e9der au service. Le conseil a tenu \u00e0 remercier Denis Dulude pour sa g\u00e9n\u00e9reuse contribution au club.<\/p>\n<p style=\"text-align: justify;\">Le conseil a aussi poursuivi sa r\u00e9flexion sur les moyens que le club peut prendre pour manifester sa reconnaissance aux b\u00e9n\u00e9voles. Il a entre autres d\u00e9cid\u00e9 de d\u00e9dommager les b\u00e9n\u00e9voles du club en leur offrant l\u2019\u00e9quivalent des frais d\u2019adh\u00e9sion pour l\u2019ann\u00e9e suivant celle o\u00f9 ils ont fourni leurs services aux membres du club. Michel Gagn\u00e9 a aussi propos\u00e9 d\u2019inviter les b\u00e9n\u00e9voles \u00e0 participer \u00e0 une rencontre de l\u2019atelier des curieux. Il y fera une pr\u00e9sentation en avril qui ne n\u00e9cessitera pas de connaissances approfondies en informatique, mais qui pourra int\u00e9resser plusieurs personnes qui ne sont pas inscrites \u00e0 cet atelier.<\/p>\n<p style=\"text-align: justify;\">D&rsquo;autres mesures ont aussi \u00e9t\u00e9 retenues; elles seront annonc\u00e9es \u00e0 l\u2019occasion du souper des b\u00e9n\u00e9voles qui se tiendra le 14\u00a0mai prochain. D\u2019ailleurs \u00e0 ce sujet, le conseil a adopt\u00e9 un budget pour permettre \u00e0 Walter Pearce d\u2019organiser cet \u00e9v\u00e9nement de fin d\u2019ann\u00e9e o\u00f9 les b\u00e9n\u00e9voles seront les invit\u00e9s du club.<\/p>\n<p style=\"text-align: justify;\">La prochaine assembl\u00e9e g\u00e9n\u00e9rale annuelle se tiendra le 16\u00a0avril, au d\u00e9but de la s\u00e9ance de pr\u00e9sentations d\u00e9j\u00e0 pr\u00e9vue. Le conseil a pris un peu de temps pour pr\u00e9parer cette assembl\u00e9e importante. Il a ainsi adopt\u00e9 un projet d\u2019avis de convocation et un projet d\u2019ordre du jour. L\u2019avis de convocation inclura un appel de candidatures pour pourvoir aux six\u00a0postes d\u2019administrateurs dont le mandat prend fin en avril. Le conseil a toutefois constat\u00e9 que cinq des six\u00a0membres dont le mandat s\u2019ach\u00e8ve solliciteront un renouvellement de leur mandat. C\u2019est heureux, car il n\u2019est pas si facile de convaincre des b\u00e9n\u00e9voles de poser leur candidature. Enfin, le conseil a pris des dispositions pour s\u2019assurer de la collecte des donn\u00e9es qui permettront au pr\u00e9sident de pr\u00e9parer le rapport annuel qu\u2019il pr\u00e9sentera aux membres du club \u00e0 l\u2019occasion l\u2019assembl\u00e9e g\u00e9n\u00e9rale.<\/p>\n<p style=\"text-align: justify;\">Pour sa part, Walter Pearce a pr\u00e9sent\u00e9 un bilan financier provisoire pour l\u2019ann\u00e9e\u00a02013-2014. Celle-ci devrait se terminer avec un l\u00e9ger solde. Les orientations budg\u00e9taires de 2014-2015 ont ensuite \u00e9t\u00e9 adopt\u00e9es en tenant compte des derni\u00e8res d\u00e9cisions qui ont un impact sur les pr\u00e9visions budg\u00e9taires. Mais tout laisse croire que le club ne sera pas en difficult\u00e9 financi\u00e8re l\u2019an prochain. Le bilan financier de 2013-2014 devra \u00eatre approuv\u00e9 par l\u2019assembl\u00e9e g\u00e9n\u00e9rale des membres qui seront par ailleurs inform\u00e9s des pr\u00e9visions budg\u00e9taires pour l\u2019ann\u00e9e prochaine.<\/p>\n<p style=\"text-align: justify;\">La rencontre s\u2019est termin\u00e9e sur la r\u00e9vision des s\u00e9ances de pr\u00e9sentations du mercredi et du vendredi. Michel Gagn\u00e9, le parrain de cette activit\u00e9 sous la responsabilit\u00e9 de Guy B\u00e9langer, a rappel\u00e9 les faits saillants de l\u2019ann\u00e9e qui se termine. Il a fait observer que certaines pr\u00e9sentations ont \u00e9t\u00e9 particuli\u00e8rement populaires cette ann\u00e9e et qu\u2019il faudra sans doute les r\u00e9p\u00e9ter l\u2019an prochain. Il s\u2019est aussi f\u00e9licit\u00e9 du fait que les pr\u00e9sentateurs ont \u00e9t\u00e9 suffisamment nombreux et fid\u00e8les pour \u00e9viter d\u2019avoir \u00e0 boucher des trous. Le cong\u00e9 de la Semaine de rel\u00e2che semble tr\u00e8s appr\u00e9ci\u00e9. C\u2019est s\u00fbrement \u00e0 r\u00e9p\u00e9ter et peut-\u00eatre m\u00eame \u00e0 \u00e9tendre aux ateliers. Globalement, le conseil approuve la conclusion de Michel Gagn\u00e9\u00a0: planifier et organiser les s\u00e9ances de pr\u00e9sentations de l\u2019an prochain sur le mod\u00e8le de cette ann\u00e9e.<\/p>\n<p>Sylvie Mazur<br \/>\nSecr\u00e9taire du CIMBCC<\/p>\n","protected":false},"excerpt":{"rendered":"<p>Comme d\u2019habitude, le conseil d\u2019administration a d\u2019abord fait le point sur les membres inscrits et sur les nouveaux b\u00e9n\u00e9voles lors de la rencontre du 4\u00a0mars dernier. Danielle Bourque a rapport\u00e9 que 12\u00a0membres se sont ajout\u00e9s au club en f\u00e9vrier, portant leur nombre total \u00e0 613\u00a0membres.<\/p>\n","protected":false},"author":43,"featured_media":0,"comment_status":"open","ping_status":"closed","sticky":false,"template":"","format":"standard","meta":{"footnotes":""},"categories":[386],"tags":[],"class_list":["post-9214","post","type-post","status-publish","format-standard","hentry","category-echos-du-conseil-dadministration"],"_links":{"self":[{"href":"https:\/\/cimbcc.org\/test2\/wp-json\/wp\/v2\/posts\/9214","targetHints":{"allow":["GET"]}}],"collection":[{"href":"https:\/\/cimbcc.org\/test2\/wp-json\/wp\/v2\/posts"}],"about":[{"href":"https:\/\/cimbcc.org\/test2\/wp-json\/wp\/v2\/types\/post"}],"author":[{"embeddable":true,"href":"https:\/\/cimbcc.org\/test2\/wp-json\/wp\/v2\/users\/43"}],"replies":[{"embeddable":true,"href":"https:\/\/cimbcc.org\/test2\/wp-json\/wp\/v2\/comments?post=9214"}],"version-history":[{"count":7,"href":"https:\/\/cimbcc.org\/test2\/wp-json\/wp\/v2\/posts\/9214\/revisions"}],"predecessor-version":[{"id":25447,"href":"https:\/\/cimbcc.org\/test2\/wp-json\/wp\/v2\/posts\/9214\/revisions\/25447"}],"wp:attachment":[{"href":"https:\/\/cimbcc.org\/test2\/wp-json\/wp\/v2\/media?parent=9214"}],"wp:term":[{"taxonomy":"category","embeddable":true,"href":"https:\/\/cimbcc.org\/test2\/wp-json\/wp\/v2\/categories?post=9214"},{"taxonomy":"post_tag","embeddable":true,"href":"https:\/\/cimbcc.org\/test2\/wp-json\/wp\/v2\/tags?post=9214"}],"curies":[{"name":"wp","href":"https:\/\/api.w.org\/{rel}","templated":true}]}}